{"id":241497,"date":"2026-08-31T14:45:56","date_gmt":"2026-08-31T17:45:56","guid":{"rendered":"https:\/\/radioacuariofm.com.ar\/?p=241497"},"modified":"2026-08-31T14:45:58","modified_gmt":"2026-08-31T17:45:58","slug":"mercados-en-rojo-el-riesgo-pais-subio-19-en-agosto-y-el-dolar-mayorista-supero-la-barrera-de-los-1500","status":"publish","type":"post","link":"https:\/\/radioacuariofm.com.ar\/?p=241497","title":{"rendered":"Mercados en rojo: el riesgo pa\u00eds subi\u00f3 19% en agosto y el d\u00f3lar mayorista super\u00f3 la barrera de los $1500"},"content":{"rendered":"<p><\/p>\n<div>\n<p class=\"com-paragraph --s text-left\"><strong>Agosto termina con las principales variables financieras en rojo.<\/strong> Luego de que en julio el riesgo pa\u00eds tocara valores m\u00ednimos de la gesti\u00f3n de Javier Milei, este mes el indicador tendi\u00f3 al alza y volvi\u00f3 a superar la barrera de los 500 puntos b\u00e1sicos. <strong>El mercado cambiario tambi\u00e9n registr\u00f3 un quiebre de tendencia, <\/strong>despu\u00e9s de que la semana pasada el Gobierno permitiera que el d\u00f3lar oficial mayorista se deslice por encima de los $1500.<\/p>\n<p class=\"com-paragraph --s text-left\">En la \u00faltima rueda h\u00e1bil del mes, el riesgo pa\u00eds se mantiene estable en los 512 puntos b\u00e1sicos, de acuerdo con las pantallas de Rava Burs\u00e1til. Sin embargo, el indicador se vio presionado este mes por ruidos internos y un aumento de los rendimientos de los bonos del Tesoro de Estados Unidos, <strong>lo que llev\u00f3 al \u00edndice a acumular un alza de 82 puntos en agosto, equivalente a un 19,1%. <\/strong>Fue el salto m\u00e1s marcado desde las elecciones legislativas del a\u00f1o pasado.<\/p>\n<p class=\"com-paragraph --s text-left\">Esta suba se debi\u00f3 a la ca\u00edda que presentaron los<strong> bonos soberanos en d\u00f3lares, <\/strong>que este lunes profundizan la tendencia y muestran bajas de hasta un 0,7% entre los Globales (GD35D). Al ver todo el recorrido del mes, <strong>los Bonares fueron los m\u00e1s afectados, con retrocesos de hasta un 6,5% (AL41D).<\/strong><\/p>\n<p class=\"com-paragraph --s text-left\">\u201cPensando en los factores de riesgo,<strong> sigue destac\u00e1ndose a nivel internacional la incertidumbre en torno a la curva de rendimientos de los bonos del Tesoro americano,<\/strong> en especial largos, as\u00ed como el vaiv\u00e9n en precios de <em>commodities <\/em>derivados del ida y vuelta a nivel geopol\u00edtico. Dentro de los dom\u00e9sticos, la din\u00e1mica de compras del Banco Central (BCRA) en el mercado cambiario, as\u00ed como el nivel y volatilidad de tasas en pesos predominan. En tanto, variables vinculadas a la econom\u00eda real, con incidencia sobre el humor social, ir\u00e1n ganando terreno con el correr de los meses\u201d, se\u00f1al\u00f3 Juan Manuel Franco, economista jefe de Grupo SBS. <\/p>\n<p class=\"com-paragraph --s text-left\">Con foco en el mercado accionario, <strong>hoy la Bolsa porte\u00f1a intenta contrarrestar la tendencia bajista del mes y trepa un 1,8%, <\/strong>hasta alcanzar las 3.032.273 unidades. Este \u00faltimo valor es equivalente a US$1895 al ajustar por el d\u00f3lar contado con liquidaci\u00f3n (CCL),<strong> aunque en el mes sigue con una ca\u00edda del 9,3% en moneda dura. <\/strong><\/p>\n<p class=\"com-paragraph --s text-left\">A contramano de los principales \u00edndices de Wall Street, hoy las acciones argentinas que cotizan en la Bolsa de Nueva York operan en terreno positivo, sobre todo los papeles de <strong>BBVA <\/strong>(+4,2%), <strong>Tenaris <\/strong>(+3,5%) y <strong>Grupo Financiero Galicia<\/strong> (+3,2%). Pero el balance del mes fue negativo, sobre todo para las compa\u00f1\u00edas del sector bancario: BBVA retrocedi\u00f3 19,5%, seguida por Banco Macro (-14,7%) y Loma Negra (-14,2%).<\/p>\n<p class=\"com-paragraph --s text-left\">\u201cEl Merval llega a la \u00faltima rueda de agosto todav\u00eda golpeado. <strong>Dentro del mismo, el sector bancario fue uno de los m\u00e1s castigados<\/strong>, con ca\u00eddas importantes superiores a 20% durante el mes, por lo que su comportamiento seguir\u00e1 siendo una referencia para el \u00edndice. Afuera, el tono de Wall Street y la evoluci\u00f3n de las tasas tambi\u00e9n ser\u00e1n claves para ver el apetito por el riesgo de cara al comienzo de septiembre. Eso, sin dejar de lado la evoluci\u00f3n que puede tener el conflicto en Medio Oriente y su impacto en el precio internacional del crudo\u201d, analizaron desde Portfolio Personal de Inversiones (PPI).<\/p>\n<p><h2 class=\"font-primary font-w-bold text-subheading-lg text-left container-center-100 mb-8\"><span>D\u00f3lar arriba de $1500<\/span><\/h2>\n<\/p>\n<p class=\"com-paragraph --s\">El d\u00f3lar mayorista rompi\u00f3 la semana pasada la barrera de los $1500, una barrera \u201cinvisible\u201d que le hab\u00eda puesto el Gobierno. Este lunes, el <strong>tipo de cambio oficial mayorista cotiza a $1510, <\/strong>unos $2,17 menos que el cierre del viernes (-0,14%). Al tener su precio contenido durante gran parte del mes, esta cotizaci\u00f3n cierra agosto con un avance acumulado del $22,34 (+1,5%), el mayor movimiento desde junio (+5,2%).<\/p>\n<div class=\"content-media\">\n<section role=\"button\" class=\"mod-media   \">\n<figure role=\"button\" tabindex=\"0\" class=\"mod-figure \"><figcaption class=\"mod-figcaption\"><span class=\"com-text --caption --twoxs\">El d\u00f3lar mayorista super\u00f3 la semana pasada la barrera de los $1500<\/span><span class=\"com-text --credit --twoxs\">[e]MARTIN ZABALA &#8211; XinHua<\/span><\/figcaption><\/figure>\n<\/section>\n<\/div>\n<p class=\"com-paragraph --s\">\u201cDurante las \u00faltimas semanas, <strong>el Gobierno concentr\u00f3 sus esfuerzos en mantener al tipo de cambio por debajo de los $1500<\/strong>. En las \u00faltimas ruedas, en cambio, adopt\u00f3 una postura m\u00e1s flexible y permiti\u00f3 que el d\u00f3lar mayorista se moviera con mayor libertad, hasta alcanzar un pico de $1535, en una semana marcada adem\u00e1s por la presi\u00f3n del <em>fixing <\/em>del D31G6. El movimiento sugiere una recalibraci\u00f3n en el balance de prioridades: frente a las tensiones que comenzaban a acumularse en el mercado de tasas, <strong>el objetivo pas\u00f3 de sostener un nivel puntual del d\u00f3lar a descomprimir las condiciones monetarias\u201d<\/strong>, remarcaron desde la sociedad de bolsa GMA Capital.<\/p>\n<p class=\"com-paragraph --s\">En las pizarras del Banco Naci\u00f3n, el <strong>d\u00f3lar oficial minorista se vende a $1530, <\/strong>unos $5 por debajo del cierre del viernes (-0,3%). En este caso, en el mes acumul\u00f3 una suba de $20 (+1,3%). Al ver el precio promedio del mercado, el tipo de cambio oficial cotiza a $1534,32, de acuerdo con el relevamiento de entidades financieras que realiza diariamente el Banco Central. <\/p>\n<p class=\"com-paragraph --s\">El <strong>d\u00f3lar MEP <\/strong>aparece en las pantallas del mercado de capitales a $1536,89, unos $0,60 menos que el viernes (-0,1%). El <strong>contado con liquidaci\u00f3n (CCL) <\/strong>retrocede $11,83 y cotiza en $1596,32 (-0,7%). En el mes, acumularon una suba de $19,22 (+1,3%) y $20,28 (+1,4%), respectivamente. <\/p>\n<section class=\"container-center-100 mb-40 border border-bottom border-thin border-neutral-light-700\">\n<hr\/>\n<\/section>\n<\/div>\n<p><script id=\"facebookpixel\" defer=\"\" type=\"text\/javascript\">\n        !function(f,b,e,v,n,t,s)\n        {if(f.fbq)return;n=f.fbq=function(){n.callMethod?\n        n.callMethod.apply(n,arguments):n.queue.push(arguments)};\n        if(!f._fbq)f._fbq=n;n.push=n;n.loaded=!0;n.version='2.0';\n        n.queue=[];t=b.createElement(e);t.async=!0;\n        t.src=v;s=b.getElementsByTagName(e)[0];\n        s.parentNode.insertBefore(t,s)}(window, document,'script',\n        'https:\/\/connect.facebook.net\/en_US\/fbevents.js');\n        fbq('init', '492459597522335');\n        fbq('track', 'PageView');\n    <\/script><\/p>\n","protected":false},"excerpt":{"rendered":"<p>Agosto termina con las principales variables financieras en rojo. Luego de que en julio el riesgo pa\u00eds tocara valores m\u00ednimos de la gesti\u00f3n de Javier Milei, este mes el indicador tendi\u00f3 al alza y volvi\u00f3 a superar la barrera de los 500 puntos b\u00e1sicos. El mercado cambiario tambi\u00e9n registr\u00f3 un quiebre de tendencia, despu\u00e9s de [&hellip;]<\/p>\n","protected":false},"author":2,"featured_media":241498,"comment_status":"closed","ping_status":"closed","sticky":false,"template":"","format":"standard","meta":{"footnotes":""},"categories":[28],"tags":[],"class_list":["post-241497","post","type-post","status-publish","format-standard","has-post-thumbnail","hentry","category-economia"],"_links":{"self":[{"href":"https:\/\/radioacuariofm.com.ar\/index.php?rest_route=\/wp\/v2\/posts\/241497","targetHints":{"allow":["GET"]}}],"collection":[{"href":"https:\/\/radioacuariofm.com.ar\/index.php?rest_route=\/wp\/v2\/posts"}],"about":[{"href":"https:\/\/radioacuariofm.com.ar\/index.php?rest_route=\/wp\/v2\/types\/post"}],"author":[{"embeddable":true,"href":"https:\/\/radioacuariofm.com.ar\/index.php?rest_route=\/wp\/v2\/users\/2"}],"replies":[{"embeddable":true,"href":"https:\/\/radioacuariofm.com.ar\/index.php?rest_route=%2Fwp%2Fv2%2Fcomments&post=241497"}],"version-history":[{"count":1,"href":"https:\/\/radioacuariofm.com.ar\/index.php?rest_route=\/wp\/v2\/posts\/241497\/revisions"}],"predecessor-version":[{"id":241499,"href":"https:\/\/radioacuariofm.com.ar\/index.php?rest_route=\/wp\/v2\/posts\/241497\/revisions\/241499"}],"wp:featuredmedia":[{"embeddable":true,"href":"https:\/\/radioacuariofm.com.ar\/index.php?rest_route=\/wp\/v2\/media\/241498"}],"wp:attachment":[{"href":"https:\/\/radioacuariofm.com.ar\/index.php?rest_route=%2Fwp%2Fv2%2Fmedia&parent=241497"}],"wp:term":[{"taxonomy":"category","embeddable":true,"href":"https:\/\/radioacuariofm.com.ar\/index.php?rest_route=%2Fwp%2Fv2%2Fcategories&post=241497"},{"taxonomy":"post_tag","embeddable":true,"href":"https:\/\/radioacuariofm.com.ar\/index.php?rest_route=%2Fwp%2Fv2%2Ftags&post=241497"}],"curies":[{"name":"wp","href":"https:\/\/api.w.org\/{rel}","templated":true}]}}