{"id":241494,"date":"2026-08-31T14:30:59","date_gmt":"2026-08-31T17:30:59","guid":{"rendered":"https:\/\/radioacuariofm.com.ar\/?p=241494"},"modified":"2026-08-31T14:31:00","modified_gmt":"2026-08-31T17:31:00","slug":"orrego-inauguro-la-ampliacion-de-una-escuela-en-difunta-correa-que-brinda-mas-espacios-y-herramientas-para-los-estudiantes","status":"publish","type":"post","link":"https:\/\/radioacuariofm.com.ar\/?p=241494","title":{"rendered":"Orrego inaugur\u00f3 la ampliaci\u00f3n de una escuela en Difunta Correa que brinda m\u00e1s espacios y herramientas para los estudiantes"},"content":{"rendered":"<p><\/p>\n<div>\n<p>El gobernador Marcelo Orrego inaugur\u00f3 la ampliaci\u00f3n y refacci\u00f3n integral de la Escuela Rep\u00fablica del Paraguay, en el Paraje Difunta Correa, una obra que mejora las condiciones edilicias y suma nuevos espacios para los estudiantes, docentes y toda la comunidad educativa de Vallecito.<\/p>\n<p>La intervenci\u00f3n permiti\u00f3 renovar integralmente el establecimiento educativo, con la construcci\u00f3n de un aula para Nivel Inicial, dependencias administrativas, sanitarios y un play\u00f3n deportivo. Tambi\u00e9n se realizaron trabajos de refacci\u00f3n en las aulas, galer\u00edas, cubiertas, instalaciones el\u00e9ctricas y sanitarias, carpinter\u00edas, pisos y espacios exteriores, adem\u00e1s del cierre perimetral y mejoras generales.<\/p>\n<p>Durante la visita, se realiz\u00f3 adem\u00e1s la entrega de computadoras a estudiantes, incorporando herramientas tecnol\u00f3gicas para acompa\u00f1ar el aprendizaje y fortalecer las oportunidades educativas de los alumnos de la zona.<\/p>\n<p>En este contexto, el gobernador dijo: \u201cAgradezco a las autoridades y equipos que hicieron posible esta ampliaci\u00f3n escolar. La educaci\u00f3n iguala oportunidades y construye el futuro, por eso seguiremos invirtiendo en infraestructura y programas como alfabetizaci\u00f3n y Comprendo y Aprendo, cuyos resultados ya muestran avances\u201d.<\/p>\n<p>Agreg\u00f3 que \u201cestamos interviniendo los establecimientos educativos para que, cuando los chicos regresen a las aulas, encuentren escuelas en mejores condiciones. Y seguimos avanzando con la digitalizaci\u00f3n: ya entregamos computadoras a los alumnos de 5\u00b0 y 6\u00b0 grado y ahora vamos por 50.000 equipos para los estudiantes de secundaria. Hoy tener una computadora significa acceder al conocimiento, a las nuevas tecnolog\u00edas y a la inteligencia artificial, y eso tambi\u00e9n es justicia social: es igualar oportunidades y construir un mejor futuro para todos los chicos de San Juan. Vamos a seguir trabajando junto a las familias y los docentes, siempre cerca de la gente y con la educaci\u00f3n como una herramienta para transformar la provincia\u201d.<\/p>\n<p>Durante el acto, el mandatario estuvo acompa\u00f1ado por los ministros de Educaci\u00f3n, Silvia Fuentes; Infraestructura, Agua y Energ\u00eda, Fernando Perea; secretario de Modernizaci\u00f3n y Transformaci\u00f3n del Estado, Fabricio Echegaray, intendenta de Caucete, Romina Rosas; autoridades de la escuela y dem\u00e1s funcionarios.<br \/>La actividad form\u00f3 parte de un recorrido por distintas obras que el Gobierno de San Juan lleva adelante en Difunta Correa y Vallecito, como parte de una transformaci\u00f3n que contempla tanto la infraestructura destinada a los visitantes como los servicios esenciales para los habitantes del paraje.<\/p>\n<p>En este marco, Orrego recorri\u00f3 tambi\u00e9n la construcci\u00f3n del nuevo Centro de Atenci\u00f3n Primaria de la Salud (CAPS) Vallecito), que registra un 25 % de avance. El edificio contar\u00e1 con consultorios, odontolog\u00eda, ginecolog\u00eda, enfermer\u00eda, farmacia, guardia, \u00e1reas administrativas y espacios para el personal, permitiendo mejorar y acercar la atenci\u00f3n sanitaria a los vecinos.<br \/>Otro de los puntos del recorrido fue la Unidad Operativa Rural N.\u00ba 1 Vallecito, que presenta un 25 % de avance. La nueva dependencia permitir\u00e1 fortalecer la presencia de la Polic\u00eda Rural y su capacidad operativa, con oficinas, guardia, dormitorios para el personal, cocina-comedor, sanitarios, estacionamientos y corrales para animales.<\/p>\n<p>La ampliaci\u00f3n de la escuela, la incorporaci\u00f3n de tecnolog\u00eda para los estudiantes y las nuevas obras de salud y seguridad forman parte de una intervenci\u00f3n integral que busca acompa\u00f1ar el crecimiento de Vallecito y consolidar la transformaci\u00f3n de Difunta Correa, con mejores servicios tanto para los vecinos como para los miles de peregrinos y turistas que llegan cada a\u00f1o.<\/p>\n<\/p><\/div>\n<p><script async defer crossorigin=\"anonymous\" src=\"https:\/\/connect.facebook.net\/es_ES\/sdk.js#xfbml=1&#038;version=v3.3\"><\/script><\/p>\n","protected":false},"excerpt":{"rendered":"<p>El gobernador Marcelo Orrego inaugur\u00f3 la ampliaci\u00f3n y refacci\u00f3n integral de la Escuela Rep\u00fablica del Paraguay, en el Paraje Difunta Correa, una obra que mejora las condiciones edilicias y suma nuevos espacios para los estudiantes, docentes y toda la comunidad educativa de Vallecito. La intervenci\u00f3n permiti\u00f3 renovar integralmente el establecimiento educativo, con la construcci\u00f3n de [&hellip;]<\/p>\n","protected":false},"author":2,"featured_media":241495,"comment_status":"closed","ping_status":"closed","sticky":false,"template":"","format":"standard","meta":{"footnotes":""},"categories":[27],"tags":[],"class_list":["post-241494","post","type-post","status-publish","format-standard","has-post-thumbnail","hentry","category-san-juan"],"_links":{"self":[{"href":"https:\/\/radioacuariofm.com.ar\/index.php?rest_route=\/wp\/v2\/posts\/241494","targetHints":{"allow":["GET"]}}],"collection":[{"href":"https:\/\/radioacuariofm.com.ar\/index.php?rest_route=\/wp\/v2\/posts"}],"about":[{"href":"https:\/\/radioacuariofm.com.ar\/index.php?rest_route=\/wp\/v2\/types\/post"}],"author":[{"embeddable":true,"href":"https:\/\/radioacuariofm.com.ar\/index.php?rest_route=\/wp\/v2\/users\/2"}],"replies":[{"embeddable":true,"href":"https:\/\/radioacuariofm.com.ar\/index.php?rest_route=%2Fwp%2Fv2%2Fcomments&post=241494"}],"version-history":[{"count":1,"href":"https:\/\/radioacuariofm.com.ar\/index.php?rest_route=\/wp\/v2\/posts\/241494\/revisions"}],"predecessor-version":[{"id":241496,"href":"https:\/\/radioacuariofm.com.ar\/index.php?rest_route=\/wp\/v2\/posts\/241494\/revisions\/241496"}],"wp:featuredmedia":[{"embeddable":true,"href":"https:\/\/radioacuariofm.com.ar\/index.php?rest_route=\/wp\/v2\/media\/241495"}],"wp:attachment":[{"href":"https:\/\/radioacuariofm.com.ar\/index.php?rest_route=%2Fwp%2Fv2%2Fmedia&parent=241494"}],"wp:term":[{"taxonomy":"category","embeddable":true,"href":"https:\/\/radioacuariofm.com.ar\/index.php?rest_route=%2Fwp%2Fv2%2Fcategories&post=241494"},{"taxonomy":"post_tag","embeddable":true,"href":"https:\/\/radioacuariofm.com.ar\/index.php?rest_route=%2Fwp%2Fv2%2Ftags&post=241494"}],"curies":[{"name":"wp","href":"https:\/\/api.w.org\/{rel}","templated":true}]}}