{"id":241479,"date":"2026-08-31T12:20:58","date_gmt":"2026-08-31T15:20:58","guid":{"rendered":"https:\/\/radioacuariofm.com.ar\/?p=241479"},"modified":"2026-08-31T12:21:00","modified_gmt":"2026-08-31T15:21:00","slug":"tomas-ferrandiz-quiroz-vestira-la-camiseta-argentina-en-el-panamericano-de-judo-en-cancun","status":"publish","type":"post","link":"https:\/\/radioacuariofm.com.ar\/?p=241479","title":{"rendered":"Tom\u00e1s Ferrandiz Quiroz vestir\u00e1 la camiseta argentina en el Panamericano de Judo en Canc\u00fan"},"content":{"rendered":"<p><\/p>\n<div>\n<p>El deporte sanjuanino suma una nueva e importante alegr\u00eda a nivel internacional. El judoca <strong>Tom\u00e1s Ferrandiz Quiroz<\/strong>, de tan solo 11 a\u00f1os e integrante del <strong>Programa de Alto Rendimiento de la Secretar\u00eda de Deporte<\/strong>, logr\u00f3 la clasificaci\u00f3n al <strong>Campeonato Panamericano de Canc\u00fan<\/strong> tras destacarse en el campus de entrenamiento juvenil Sub-13 y Sub-15, realizado el pasado fin de semana en el CEDEM N\u00b01 del partido de Tres de Febrero, Buenos Aires. <\/p>\n<p>La concentraci\u00f3n nacional fue decisiva para evaluar a las mejores proyecciones del pa\u00eds con vistas a conformar los seleccionados argentinos que disputar\u00e1n tanto el Panamericano como los Juegos Sudamericanos Escolares en suelo mexicano. <strong>Para encarar este desaf\u00edo en Buenos Aires, el joven atleta cont\u00f3 con el apoyo fundamental del Gobierno de San Juan<\/strong>. <\/p>\n<p>La principal fortaleza de Tom\u00e1s radica en su perfil multidisciplinario: combina la pr\u00e1ctica de jiu-jitsu (donde es cintur\u00f3n naranja), lucha ol\u00edmpica, lucha en arena y judo, lo que lo consolida como un deportista sumamente completo. En el predio bonaerense, el sanjuanino despleg\u00f3 toda su categor\u00eda en el tatami al disputar nueve luchas y ganar de punta a punta cada una de ellas, haciendo gala de una t\u00e9cnica y un estado f\u00edsico impecables. <\/p>\n<p>La confirmaci\u00f3n oficial lleg\u00f3 de la mano de Sergio Duarte, t\u00e9cnico de la<strong> Selecci\u00f3n Argentina de Judo <\/strong>en categor\u00edas infantiles y juveniles, quien transmiti\u00f3 la gran noticia al atleta y a su familia, ratificando su lugar dentro del combinado albiceleste. <\/p>\n<p>Detr\u00e1s de este logro continental hay un importante equipo de trabajo. Adem\u00e1s del sost\u00e9n incondicional de sus padres, Tom\u00e1s cuenta con la gu\u00eda diaria de dos entrenadores claves en su desarrollo deportivo: el profesor Mart\u00edn Molina \u2014quien lo acompa\u00f1a desde sus inicios en artes marciales tradicionales, lucha, judo y jiu-jitsu\u2014 y el profesor <strong>Luis Meritello<\/strong>, pieza decisiva en la solidez t\u00e9cnica y la confianza proyectada en la disciplina del judo. <\/p>\n<p>Ahora, la joven promesa local proyecta su mirada hacia Canc\u00fan, donde se medir\u00e1 contra los mejores exponentes de la categor\u00eda Infantil A (11 y 12 a\u00f1os) en el torneo oficial organizado por la <strong>Confederaci\u00f3n Panamericana de Judo (CPJ).<\/strong><\/p>\n<\/p><\/div>\n<p><script async defer crossorigin=\"anonymous\" src=\"https:\/\/connect.facebook.net\/es_ES\/sdk.js#xfbml=1&#038;version=v3.3\"><\/script><\/p>\n","protected":false},"excerpt":{"rendered":"<p>El deporte sanjuanino suma una nueva e importante alegr\u00eda a nivel internacional. El judoca Tom\u00e1s Ferrandiz Quiroz, de tan solo 11 a\u00f1os e integrante del Programa de Alto Rendimiento de la Secretar\u00eda de Deporte, logr\u00f3 la clasificaci\u00f3n al Campeonato Panamericano de Canc\u00fan tras destacarse en el campus de entrenamiento juvenil Sub-13 y Sub-15, realizado el [&hellip;]<\/p>\n","protected":false},"author":2,"featured_media":241480,"comment_status":"closed","ping_status":"closed","sticky":false,"template":"","format":"standard","meta":{"footnotes":""},"categories":[27],"tags":[],"class_list":["post-241479","post","type-post","status-publish","format-standard","has-post-thumbnail","hentry","category-san-juan"],"_links":{"self":[{"href":"https:\/\/radioacuariofm.com.ar\/index.php?rest_route=\/wp\/v2\/posts\/241479","targetHints":{"allow":["GET"]}}],"collection":[{"href":"https:\/\/radioacuariofm.com.ar\/index.php?rest_route=\/wp\/v2\/posts"}],"about":[{"href":"https:\/\/radioacuariofm.com.ar\/index.php?rest_route=\/wp\/v2\/types\/post"}],"author":[{"embeddable":true,"href":"https:\/\/radioacuariofm.com.ar\/index.php?rest_route=\/wp\/v2\/users\/2"}],"replies":[{"embeddable":true,"href":"https:\/\/radioacuariofm.com.ar\/index.php?rest_route=%2Fwp%2Fv2%2Fcomments&post=241479"}],"version-history":[{"count":1,"href":"https:\/\/radioacuariofm.com.ar\/index.php?rest_route=\/wp\/v2\/posts\/241479\/revisions"}],"predecessor-version":[{"id":241481,"href":"https:\/\/radioacuariofm.com.ar\/index.php?rest_route=\/wp\/v2\/posts\/241479\/revisions\/241481"}],"wp:featuredmedia":[{"embeddable":true,"href":"https:\/\/radioacuariofm.com.ar\/index.php?rest_route=\/wp\/v2\/media\/241480"}],"wp:attachment":[{"href":"https:\/\/radioacuariofm.com.ar\/index.php?rest_route=%2Fwp%2Fv2%2Fmedia&parent=241479"}],"wp:term":[{"taxonomy":"category","embeddable":true,"href":"https:\/\/radioacuariofm.com.ar\/index.php?rest_route=%2Fwp%2Fv2%2Fcategories&post=241479"},{"taxonomy":"post_tag","embeddable":true,"href":"https:\/\/radioacuariofm.com.ar\/index.php?rest_route=%2Fwp%2Fv2%2Ftags&post=241479"}],"curies":[{"name":"wp","href":"https:\/\/api.w.org\/{rel}","templated":true}]}}