{"id":241476,"date":"2026-08-31T10:10:53","date_gmt":"2026-08-31T13:10:53","guid":{"rendered":"https:\/\/radioacuariofm.com.ar\/?p=241476"},"modified":"2026-08-31T10:10:55","modified_gmt":"2026-08-31T13:10:55","slug":"san-juan-reune-a-especialistas-en-las-primeras-jornadas-binacionales-de-pediatria","status":"publish","type":"post","link":"https:\/\/radioacuariofm.com.ar\/?p=241476","title":{"rendered":"San Juan re\u00fane a especialistas en las primeras Jornadas Binacionales de Pediatr\u00eda"},"content":{"rendered":"<p><\/p>\n<div>\n<p>Con la participaci\u00f3n de profesionales de Argentina y Chile, comenzaron en San Juan las I Jornadas Binacionales de Pediatr\u00eda Argentino-Chilenas \u201cUniendo Mar y Cordillera\u201d, que se desarrollar\u00e1n hasta el 29 de agosto.<\/p>\n<p>La actividad es organizada por la Sociedad de Pediatr\u00eda de San Juan, junto al Ministerio de Salud, a trav\u00e9s de la Secretar\u00eda T\u00e9cnica y la Direcci\u00f3n de Materno Infancia. El encuentro tiene como objetivo generar un espacio de actualizaci\u00f3n, intercambio cient\u00edfico y cooperaci\u00f3n en torno a la salud infantil.<\/p>\n<p>La mesa de autoridades estuvo integrada por el secretario de Planeamiento y Control de Gesti\u00f3n, Gast\u00f3n Jofr\u00e9; la directora de Materno Infancia, Dra. Lenka Dumandzic; el secretario de Regiones, Filiales y Delegaciones de la Sociedad Argentina de Pediatr\u00eda, Dr. Nicol\u00e1s Molina Favero; la presidenta de la Sociedad Chilena de Pediatr\u00eda, Dra. Natalia Castillo; y la presidenta de las Jornadas, Dra. Lisette O&#8217;Brien.<\/p>\n<p>Tambi\u00e9n participaron la directora asociada del Centro Cuyo de la Sociedad Argentina de Pediatr\u00eda, Dra. Teresita Herrera Zato, y especialistas invitados de Argentina y Chile. Entre ellos se encuentran el neumon\u00f3logo infantil del Hospital Notti de Mendoza, Dr. Luis Ag\u00fcero; el especialista en Cuidados Intensivos Pedi\u00e1tricos de Chile, Dr. Pietro Pietroboni; y el psiquiatra infantil de C\u00f3rdoba, Dr. Luis Mercado.<\/p>\n<p>Durante la apertura, los referentes destacaron la importancia de generar espacios de encuentro entre profesionales de ambos pa\u00edses para compartir conocimientos y experiencias. Tambi\u00e9n remarcaron que la cooperaci\u00f3n permite abordar problem\u00e1ticas comunes y construir respuestas desde una mirada regional.<\/p>\n<p>Uno de los ejes planteados durante la jornada fue la situaci\u00f3n de la infancia y la necesidad de garantizar sus derechos. En este sentido, se se\u00f1al\u00f3 que la pobreza infantil, las dificultades alimentarias, las brechas en vacunaci\u00f3n y los desaf\u00edos educativos requieren sostener a la ni\u00f1ez como una prioridad de las pol\u00edticas p\u00fablicas.<\/p>\n<p>La salud mental tambi\u00e9n ocupa un lugar central en el programa, con especial atenci\u00f3n a problem\u00e1ticas que atraviesan a ni\u00f1os y adolescentes. Entre ellas se mencionaron el acoso escolar, la ansiedad, la depresi\u00f3n, las autolesiones y las conductas suicidas, en un contexto marcado por el creciente uso de pantallas y las transformaciones sociales.<\/p>\n<p>El programa cient\u00edfico contempla bloques sobre enfermedades respiratorias, urgencias pedi\u00e1tricas, inmunizaciones y lactancia, endocrinolog\u00eda infantil, salud mental y ejercicio profesional. Tambi\u00e9n participan especialistas de distintas provincias argentinas y de Chile.<\/p>\n<p>De esta manera, San Juan se incorpora a un espacio binacional que promueve la capacitaci\u00f3n y la cooperaci\u00f3n entre profesionales de la pediatr\u00eda, con una mirada centrada en las necesidades de la infancia y en la mejora continua de la atenci\u00f3n.<\/p>\n<\/p><\/div>\n<p><script async defer crossorigin=\"anonymous\" src=\"https:\/\/connect.facebook.net\/es_ES\/sdk.js#xfbml=1&#038;version=v3.3\"><\/script><\/p>\n","protected":false},"excerpt":{"rendered":"<p>Con la participaci\u00f3n de profesionales de Argentina y Chile, comenzaron en San Juan las I Jornadas Binacionales de Pediatr\u00eda Argentino-Chilenas \u201cUniendo Mar y Cordillera\u201d, que se desarrollar\u00e1n hasta el 29 de agosto. La actividad es organizada por la Sociedad de Pediatr\u00eda de San Juan, junto al Ministerio de Salud, a trav\u00e9s de la Secretar\u00eda T\u00e9cnica [&hellip;]<\/p>\n","protected":false},"author":2,"featured_media":241477,"comment_status":"closed","ping_status":"closed","sticky":false,"template":"","format":"standard","meta":{"footnotes":""},"categories":[27],"tags":[],"class_list":["post-241476","post","type-post","status-publish","format-standard","has-post-thumbnail","hentry","category-san-juan"],"_links":{"self":[{"href":"https:\/\/radioacuariofm.com.ar\/index.php?rest_route=\/wp\/v2\/posts\/241476","targetHints":{"allow":["GET"]}}],"collection":[{"href":"https:\/\/radioacuariofm.com.ar\/index.php?rest_route=\/wp\/v2\/posts"}],"about":[{"href":"https:\/\/radioacuariofm.com.ar\/index.php?rest_route=\/wp\/v2\/types\/post"}],"author":[{"embeddable":true,"href":"https:\/\/radioacuariofm.com.ar\/index.php?rest_route=\/wp\/v2\/users\/2"}],"replies":[{"embeddable":true,"href":"https:\/\/radioacuariofm.com.ar\/index.php?rest_route=%2Fwp%2Fv2%2Fcomments&post=241476"}],"version-history":[{"count":1,"href":"https:\/\/radioacuariofm.com.ar\/index.php?rest_route=\/wp\/v2\/posts\/241476\/revisions"}],"predecessor-version":[{"id":241478,"href":"https:\/\/radioacuariofm.com.ar\/index.php?rest_route=\/wp\/v2\/posts\/241476\/revisions\/241478"}],"wp:featuredmedia":[{"embeddable":true,"href":"https:\/\/radioacuariofm.com.ar\/index.php?rest_route=\/wp\/v2\/media\/241477"}],"wp:attachment":[{"href":"https:\/\/radioacuariofm.com.ar\/index.php?rest_route=%2Fwp%2Fv2%2Fmedia&parent=241476"}],"wp:term":[{"taxonomy":"category","embeddable":true,"href":"https:\/\/radioacuariofm.com.ar\/index.php?rest_route=%2Fwp%2Fv2%2Fcategories&post=241476"},{"taxonomy":"post_tag","embeddable":true,"href":"https:\/\/radioacuariofm.com.ar\/index.php?rest_route=%2Fwp%2Fv2%2Ftags&post=241476"}],"curies":[{"name":"wp","href":"https:\/\/api.w.org\/{rel}","templated":true}]}}