{"id":234839,"date":"2026-05-03T08:37:49","date_gmt":"2026-05-03T11:37:49","guid":{"rendered":"https:\/\/radioacuariofm.com.ar\/?p=234839"},"modified":"2026-05-03T08:37:51","modified_gmt":"2026-05-03T11:37:51","slug":"san-juan-registra-445-matrimonios-en-2026-y-aumenta-la-actividad-de-la-oficina-movil","status":"publish","type":"post","link":"https:\/\/radioacuariofm.com.ar\/?p=234839","title":{"rendered":"San Juan registra 445 matrimonios en 2026 y aumenta la actividad de la oficina m\u00f3vil"},"content":{"rendered":"<p><\/p>\n<div>\n<p>El Ministerio de Gobierno, a trav\u00e9s de la Direcci\u00f3n del Registro del Estado Civil y Capacidad de las Personas, dependiente de la Secretar\u00eda de Gobierno, Justicia y DDHH, conmemoraron el D\u00eda Internacional del Matrimonio. En este contexto, las autoridades presentaron un balance de la actividad registral comparativa entre los a\u00f1os 2025 y 2026, confirmando la consolidaci\u00f3n de los v\u00ednculos legales en San Juan.<\/p>\n<h2>Estabilidad en la tendencia provincial y departamental<\/h2>\n<p>Desde la Direcci\u00f3n informaron que las cifras de matrimonios mantienen una tendencia constante en los principales centros de atenci\u00f3n:<\/p>\n<ul>&#13;<\/p>\n<li>Sede Central: registraron un total de 132 matrimonios durante el periodo 2025 y exactamente la misma cifra, 132, en lo que va del 2026.<\/li>\n<p>&#13;<\/p>\n<li>Balance Provincial 2025: durante el primer cuatrimestre del a\u00f1o anterior, la provincia acumul\u00f3 un total de 610 matrimonios, con picos de actividad en febrero (213) y enero (145).<\/li>\n<p>&#13;<\/p>\n<li>Balance Provincial 2026: el informe t\u00e9cnico detalla que durante el primer trimestre (enero, febrero y marzo) se concretaron 430 matrimonios. Al sumar los registros de abril (hasta el d\u00eda 13), la provincia alcanza un total acumulado de 445 enlaces en el presente a\u00f1o.<\/li>\n<p>&#13;\n<\/ul>\n<h2>Crecimiento en la descentralizaci\u00f3n y fechas especiales<\/h2>\n<p>Uno de los puntos m\u00e1s destacados fue el incremento en la operatividad de las unidades m\u00f3viles y el inter\u00e9s ciudadano en fechas simb\u00f3licas:<\/p>\n<ul>&#13;<\/p>\n<li>Oficina m\u00f3vil: contabilizaron 164 matrimonios hasta el 2 de mayo de 2026, superando los 144 realizados en el periodo 2025.<\/li>\n<p>&#13;<\/p>\n<li>Impacto estacional: subrayaron la jornada del D\u00eda de los Enamorados de 2026, la cual cay\u00f3 d\u00eda s\u00e1bado y registr\u00f3 un total de 34 enlaces.<\/li>\n<p>&#13;\n<\/ul>\n<h2>Comportamiento de las uniones convivenciales<\/h2>\n<p>Durante el an\u00e1lisis, evaluaron la situaci\u00f3n de las uniones convivenciales en Sede Central, las cuales presentaron una disminuci\u00f3n en la comparativa interanual. Mientras que en abril de 2025 gestionaron 219 inscripciones, en el mismo mes de 2026 la cifra se situ\u00f3 en 146.<\/p>\n<p><strong>Contexto hist\u00f3rico y compromiso institucional<\/strong><br \/>El D\u00eda Internacional del Matrimonio tiene como objetivo resaltar el sentido y el valor de esta uni\u00f3n como base de la sociedad. La Direcci\u00f3n del Registro Civil reafirma su compromiso de brindar seguridad jur\u00eddica a todos los proyectos de vida compartida, trabajando en la modernizaci\u00f3n de los sistemas para asegurar que el acceso a la formalizaci\u00f3n de los v\u00ednculos sea \u00e1gil y eficiente en todo el territorio provincial.<\/p>\n<\/p><\/div>\n<p><script async defer crossorigin=\"anonymous\" src=\"https:\/\/connect.facebook.net\/es_ES\/sdk.js#xfbml=1&#038;version=v3.3\"><\/script><\/p>\n","protected":false},"excerpt":{"rendered":"<p>El Ministerio de Gobierno, a trav\u00e9s de la Direcci\u00f3n del Registro del Estado Civil y Capacidad de las Personas, dependiente de la Secretar\u00eda de Gobierno, Justicia y DDHH, conmemoraron el D\u00eda Internacional del Matrimonio. En este contexto, las autoridades presentaron un balance de la actividad registral comparativa entre los a\u00f1os 2025 y 2026, confirmando la [&hellip;]<\/p>\n","protected":false},"author":2,"featured_media":234840,"comment_status":"closed","ping_status":"closed","sticky":false,"template":"","format":"standard","meta":{"footnotes":""},"categories":[27],"tags":[],"class_list":["post-234839","post","type-post","status-publish","format-standard","has-post-thumbnail","hentry","category-san-juan"],"_links":{"self":[{"href":"https:\/\/radioacuariofm.com.ar\/index.php?rest_route=\/wp\/v2\/posts\/234839","targetHints":{"allow":["GET"]}}],"collection":[{"href":"https:\/\/radioacuariofm.com.ar\/index.php?rest_route=\/wp\/v2\/posts"}],"about":[{"href":"https:\/\/radioacuariofm.com.ar\/index.php?rest_route=\/wp\/v2\/types\/post"}],"author":[{"embeddable":true,"href":"https:\/\/radioacuariofm.com.ar\/index.php?rest_route=\/wp\/v2\/users\/2"}],"replies":[{"embeddable":true,"href":"https:\/\/radioacuariofm.com.ar\/index.php?rest_route=%2Fwp%2Fv2%2Fcomments&post=234839"}],"version-history":[{"count":1,"href":"https:\/\/radioacuariofm.com.ar\/index.php?rest_route=\/wp\/v2\/posts\/234839\/revisions"}],"predecessor-version":[{"id":234841,"href":"https:\/\/radioacuariofm.com.ar\/index.php?rest_route=\/wp\/v2\/posts\/234839\/revisions\/234841"}],"wp:featuredmedia":[{"embeddable":true,"href":"https:\/\/radioacuariofm.com.ar\/index.php?rest_route=\/wp\/v2\/media\/234840"}],"wp:attachment":[{"href":"https:\/\/radioacuariofm.com.ar\/index.php?rest_route=%2Fwp%2Fv2%2Fmedia&parent=234839"}],"wp:term":[{"taxonomy":"category","embeddable":true,"href":"https:\/\/radioacuariofm.com.ar\/index.php?rest_route=%2Fwp%2Fv2%2Fcategories&post=234839"},{"taxonomy":"post_tag","embeddable":true,"href":"https:\/\/radioacuariofm.com.ar\/index.php?rest_route=%2Fwp%2Fv2%2Ftags&post=234839"}],"curies":[{"name":"wp","href":"https:\/\/api.w.org\/{rel}","templated":true}]}}