{"id":234832,"date":"2026-05-03T01:37:12","date_gmt":"2026-05-03T04:37:12","guid":{"rendered":"https:\/\/radioacuariofm.com.ar\/?p=234832"},"modified":"2026-05-03T01:37:13","modified_gmt":"2026-05-03T04:37:13","slug":"lula-queda-expuesto-tras-dos-derrotas-historicas-y-entra-en-su-momento-mas-vulnerable-en-la-antesala-de-las-elecciones","status":"publish","type":"post","link":"https:\/\/radioacuariofm.com.ar\/?p=234832","title":{"rendered":"Lula queda expuesto tras dos derrotas hist\u00f3ricas y entra en su momento m\u00e1s vulnerable en la antesala de las elecciones"},"content":{"rendered":"<p> <br \/>\n<\/p>\n<div>\n<p class=\"com-paragraph  --capital --s\">BRASILIA.\u2013 Bastaron 24 horas de rebeli\u00f3n legislativa para que el capital pol\u00edtico acumulado por el presidente brasile\u00f1o <strong>Luiz In\u00e1cio Lula da Silva<\/strong> durante toda su carrera chocara contra un muro de realidad. Lo que ocurri\u00f3 entre mi\u00e9rcoles y jueves sit\u00faa al mandatario, de 80 a\u00f1os, en la posici\u00f3n m\u00e1s vulnerable de su tercer mandato. <\/p>\n<p class=\"com-paragraph   --s\">El gobierno encaden\u00f3 <a href=\"https:\/\/www.lanacion.com.ar\/el-mundo\/el-congreso-le-asesta-a-lula-un-reves-sin-precedente-en-mas-de-100-anos-en-brasil-nid30042026\/\" target=\"_self\" title=\"https:\/\/www.lanacion.com.ar\/el-mundo\/el-congreso-le-asesta-a-lula-un-reves-sin-precedente-en-mas-de-100-anos-en-brasil-nid30042026\/\" class=\"com-link break-word\" data-mrf-recirculation=\"n_link_parrafo\">dos derrotas parlamentarias hist\u00f3ricas<\/a> que le arrebataron el control de la agenda y consolidaron la percepci\u00f3n de un presidente debilitado, a solo cinco meses de las elecciones presidenciales de octubre. <\/p>\n<p class=\"com-paragraph   --s\">La fragilidad ya no es solo una sensaci\u00f3n en la capital de Brasil. Se mide en votos, <strong>en a\u00f1os de condena reducidos para sus adversarios <\/strong>y en una gigantesca maquinaria financiera desplegada por el Ejecutivo que se mostr\u00f3 incapaz de asegurar gobernabilidad en el Congreso. <\/p>\n<div class=\"content-media\">\n<section role=\"button\" class=\"mod-media   \">\n<figure role=\"button\" tabindex=\"0\" class=\"mod-figure \"><figcaption class=\"mod-figcaption\"><span class=\"com-text --caption --twoxs\">Lula est\u00e1 en el medio de una \u00abtormenta perfecta\u00bb que expone su fragilidad de cara a los pr\u00f3ximos comicios<\/span><span class=\"com-text --credit --twoxs\">[e]LUCIO TAVORA &#8211; XinHua<\/span><\/figcaption><\/figure>\n<\/section>\n<\/div>\n<p class=\"com-paragraph   --s\">Para el polit\u00f3logo Murilo Medeiros, de la Universidad de Brasilia (UnB), lo que vive el Palacio del Planalto es \u201cuna tormenta perfecta\u201d. Medeiros explica a LA NACION que la convergencia de <strong>una crisis de popularidad, el aumento del costo de vida y una desarticulaci\u00f3n pol\u00edtica profunda<\/strong> han dejado al gobierno expuesto en un momento de enorme vulnerabilidad institucional. <\/p>\n<p class=\"com-paragraph   --s\">El sismo comenz\u00f3 el mi\u00e9rcoles por la noche con el rechazo del Senado a la nominaci\u00f3n de <strong>Jorge Messias,<\/strong> actual abogado general de la Uni\u00f3n y hombre de extrema confianza de Lula, para integrar el Supremo Tribunal Federal (STF). Con 42 votos en contra y 34 a favor, la C\u00e1mara Alta <strong>rompi\u00f3 una tradici\u00f3n de 132 a\u00f1os<\/strong> en la que el plenario siempre hab\u00eda homologado el deseo presidencial. El \u00faltimo antecedente databa de 1894, bajo el mandato de <strong>Floriano Peixoto.<\/strong> <\/p>\n<p class=\"com-paragraph   --s\">Detr\u00e1s de este rev\u00e9s emerge la figura de <strong>Davi Alcolumbre,<\/strong> el presidente del Senado y miembro del <strong>\u201cCentr\u00e3o\u201d,<\/strong> quien orquest\u00f3 la derrota tras sentirse ignorado por Lula en el reparto de influencias en la Corte. <\/p>\n<p class=\"com-paragraph   --s\">Medeiros sostiene que Alcolumbre ejecut\u00f3 casi un <strong>\u201cimpeachment a la inversa\u201d<\/strong> para agradar a la oposici\u00f3n y pavimentar su propia reelecci\u00f3n en la presidencia de la c\u00e1mara en 2027. Seg\u00fan el analista, el Senado dej\u00f3 de ser una c\u00e1mara meramente homologadora para actuar como una casa moderadora que marca los l\u00edmites del Ejecutivo.<\/p>\n<p class=\"com-paragraph   --s\">\u201cEl Parlamento envi\u00f3 un <strong>mensaje contundente<\/strong> como respuesta a fallas de articulaci\u00f3n y a la alianza t\u00e1cita entre el Ejecutivo y el Judicial\u201d, se\u00f1al\u00f3. <\/p>\n<div class=\"content-media\">\n<section role=\"button\" class=\"mod-media   \">\n<figure role=\"button\" tabindex=\"0\" class=\"mod-figure \"><figcaption class=\"mod-figcaption\"><span class=\"com-text --caption --twoxs\">El abogado Jorge Messias no obtuvo la aprobaci\u00f3n del Congreso para el Supremo Tribunal Federal   <\/span><span class=\"com-text --credit --twoxs\">EVARISTO SA &#8211; AFP<\/span><\/figcaption><\/figure>\n<\/section>\n<\/div>\n<p class=\"com-paragraph   --s\">En este tablero de ajedrez, el Supremo no fue un actor pasivo. En el Planalto existe la sospecha de un complot entre Alcolumbre y un ala de la Corte liderada por el juez <strong>Alexandre de Moraes,<\/strong> motivados por las tensiones derivadas de <strong>las investigaciones del Banco Master.<\/strong> Medeiros se\u00f1ala que esta votaci\u00f3n demostr\u00f3 que el Congreso \u201colfatea\u201d la debilidad de Lula: \u201cLos aliados <strong>comienzan a dispersarse<\/strong> porque los congresistas ya est\u00e1n mirando a 2027, y una posible agenda posgobierno Lula\u201d. <\/p>\n<p class=\"com-paragraph   --s\">Esta rebeli\u00f3n tiene un combustible electoral claro: el \u00faltimo sondeo de Atlas\/Bloomberg muestra a Lula y al senador<a href=\"https:\/\/www.lanacion.com.ar\/el-mundo\/clima-de-nervios-en-el-gobierno-brasileno-ante-el-desgaste-de-lula-y-el-ascenso-de-flavio-bolsonaro-nid05042026\/\" target=\"_self\" title=\"https:\/\/www.lanacion.com.ar\/el-mundo\/clima-de-nervios-en-el-gobierno-brasileno-ante-el-desgaste-de-lula-y-el-ascenso-de-flavio-bolsonaro-nid05042026\/\" class=\"com-link break-word\" data-mrf-recirculation=\"n_link_parrafo\"> Fl\u00e1vio Bolsonaro<\/a> (PL) en un empate t\u00e9cnico absoluto (47,5% frente a 47,8%), confirmando que el presidente ha dejado de ser considerado el favorito para ganar los comicios. <\/p>\n<p class=\"com-paragraph   --s\">Sin tiempo para procesar el golpe por Messias, el Congreso asest\u00f3 el segundo mazazo el jueves por la tarde: la anulaci\u00f3n del veto presidencial a la <strong>\u201cLey de Dosimetr\u00eda\u201d.<\/strong> Con una mayor\u00eda abrumadora de 318 votos en la C\u00e1mara baja y 49 en el Senado, el Legislativo impuso una norma que reduce dr\u00e1sticamente las penas para los condenados por <strong>el intento de golpe<\/strong> del 8 de enero de 2023. <\/p>\n<div class=\"content-media\">\n<section role=\"button\" class=\"mod-media   \">\n<figure role=\"button\" tabindex=\"0\" class=\"mod-figure \"><figcaption class=\"mod-figcaption\"><span class=\"com-text --caption --twoxs\">Fl\u00e1vio Bolsonaro se mantiene en empate t\u00e9cnico con Lula para las elecciones <\/span><span class=\"com-text --credit --twoxs\">LEANDRO LOZADA &#8211; AFP<\/span><\/figcaption><\/figure>\n<\/section>\n<\/div>\n<p class=\"com-paragraph   --s\">El destinatario principal de este beneficio es <strong>Jair Bolsonaro. <\/strong>Condenado a 27 a\u00f1os y tres meses, el exmandatario podr\u00eda ver su pena total reducida a 20 a\u00f1os, y su tiempo de prisi\u00f3n efectiva en r\u00e9gimen cerrado <strong>caer de un intervalo de entre seis y ocho a\u00f1os a apenas dos a\u00f1os y cuatro meses. <\/strong><\/p>\n<p class=\"com-paragraph   --s\">Para <strong>Creomar de Souza,<\/strong> fundador de la consultora de riesgo pol\u00edtico Dharma Politics, el tama\u00f1o de las derrotas es <strong>\u201cconsiderablemente grande\u201d<\/strong> y responde a un problema de fondo en la estrategia del Planalto. <\/p>\n<p class=\"com-paragraph   --s\">De Souza sostiene que lo ocurrido no fue un simple fallo t\u00e9cnico, sino algo m\u00e1s profundo: <strong>\u201cEl error de articulaci\u00f3n es consecuencia de un error de dise\u00f1o en la toma de decisiones\u201d. <\/strong><\/p>\n<p class=\"com-paragraph   --s\">Seg\u00fan explic\u00f3 a LA NACION, <strong>Lula intent\u00f3 una jugada para parecer fuerte, pero le sali\u00f3 al rev\u00e9s.<\/strong> Pudo haber frenado la ley antes en las comisiones, donde el gobierno ten\u00eda los votos para impedir que el proyecto llegara al plenario, pero prefiri\u00f3 dejarla avanzar para poder <strong>vetarla <\/strong>y quedar ante el pa\u00eds como el gran defensor de la democracia. <\/p>\n<p class=\"com-paragraph   --s\">Sin embargo, el jefe del Senado le tendi\u00f3 una trampa t\u00e9cnica: <strong>dividi\u00f3 la votaci\u00f3n en partes y logr\u00f3 que el Congreso anulara el veto del presidente por una mayor\u00eda aplastante.<\/strong> Al final, Lula no consigui\u00f3 su \u201ctrofeo\u201d pol\u00edtico y qued\u00f3 expuesta su debilidad. <\/p>\n<div class=\"content-media\">\n<section role=\"button\" class=\"mod-media   \">\n<figure role=\"button\" tabindex=\"0\" class=\"mod-figure \"><figcaption class=\"mod-figcaption\"><span class=\"com-text --caption --twoxs\">El expresidente Jair Bolsonaro podr\u00eda tener una reducci\u00f3n significativa de su condena<\/span><span class=\"com-text --credit --twoxs\">SERGIO LIMA &#8211; AFP<\/span><\/figcaption><\/figure>\n<\/section>\n<\/div>\n<p class=\"com-paragraph   --s\">Para De Souza, el escenario que se abre es de una incertidumbre jur\u00eddica peligrosa para el oficialismo: \u201cCon esta presi\u00f3n sobre el STF, el gobierno corre el riesgo de que la <strong>batalla jur\u00eddica<\/strong> no tenga el dise\u00f1o que se esperaba\u201d. El analista advierte que la fragilidad del Ejecutivo es tan evidente que su capacidad de recuperaci\u00f3n depender\u00e1 exclusivamente de c\u00f3mo logre capitalizar estos golpes en la narrativa p\u00fablica, aunque <strong>el margen es cada vez m\u00e1s estrecho<\/strong> ante un Congreso que ya no le teme. <\/p>\n<p class=\"com-paragraph   --s\"><strong>El laberinto de Lula se completa con un frente econ\u00f3mico en alerta roja.<\/strong> Mientras el Congreso lo desafiaba, el Banco Central decidi\u00f3 llevar la tasa Selic al 14,5% anual, con un corte m\u00ednimo de 0,25 puntos, ante el temor de que la inflaci\u00f3n salte al 4,6% en 2026, alej\u00e1ndose de la meta del 3%. <\/p>\n<p class=\"com-paragraph   --s\">La asfixia es tambi\u00e9n social: <strong>el endeudamiento de las familias brasile\u00f1as subi\u00f3 al 49,9% en febrero,<\/strong> un r\u00e9cord hist\u00f3rico. Ante esto, Lula apel\u00f3 a la calle con un mensaje televisado por el D\u00eda del Trabajador, anunciando un nuevo <strong>plan de alivio<\/strong> y renegociaci\u00f3n de deudas para morosos y la defensa del fin de la escala laboral 6&#215;1, con seis d\u00edas de actividad y s\u00f3lo uno franco. <\/p>\n<p class=\"com-paragraph   --s\">En su discurso, Lula atac\u00f3 a los \u201cmillonarios\u201d y las \u201c\u00e9lites\u201d, un gesto que busc\u00f3 conectar con los brasile\u00f1os, en momentos en que el Congreso, pese a haber recibido unos <strong>2200 millones de d\u00f3lares<\/strong> en tres semanas para enmiendas parlamentarias, parece haberle arrebatado de las manos la lapicera del poder. <\/p>\n<section class=\"container-center-100 mb-40 border border-bottom border-thin border-neutral-light-700\">\n<hr\/>\n<\/section>\n<\/div>\n<p><script id=\"facebookpixel\" defer=\"\" type=\"text\/javascript\">\n        !function(f,b,e,v,n,t,s)\n        {if(f.fbq)return;n=f.fbq=function(){n.callMethod?\n        n.callMethod.apply(n,arguments):n.queue.push(arguments)};\n        if(!f._fbq)f._fbq=n;n.push=n;n.loaded=!0;n.version='2.0';\n        n.queue=[];t=b.createElement(e);t.async=!0;\n        t.src=v;s=b.getElementsByTagName(e)[0];\n        s.parentNode.insertBefore(t,s)}(window, document,'script',\n        'https:\/\/connect.facebook.net\/en_US\/fbevents.js');\n        fbq('init', '492459597522335');\n        fbq('track', 'PageView');\n    <\/script><br \/>\n<br \/><\/p>\n","protected":false},"excerpt":{"rendered":"<p>BRASILIA.\u2013 Bastaron 24 horas de rebeli\u00f3n legislativa para que el capital pol\u00edtico acumulado por el presidente brasile\u00f1o Luiz In\u00e1cio Lula da Silva durante toda su carrera chocara contra un muro de realidad. Lo que ocurri\u00f3 entre mi\u00e9rcoles y jueves sit\u00faa al mandatario, de 80 a\u00f1os, en la posici\u00f3n m\u00e1s vulnerable de su tercer mandato. El [&hellip;]<\/p>\n","protected":false},"author":2,"featured_media":234833,"comment_status":"closed","ping_status":"closed","sticky":false,"template":"","format":"standard","meta":{"footnotes":""},"categories":[1],"tags":[],"class_list":["post-234832","post","type-post","status-publish","format-standard","has-post-thumbnail","hentry","category-uncategorized"],"_links":{"self":[{"href":"https:\/\/radioacuariofm.com.ar\/index.php?rest_route=\/wp\/v2\/posts\/234832","targetHints":{"allow":["GET"]}}],"collection":[{"href":"https:\/\/radioacuariofm.com.ar\/index.php?rest_route=\/wp\/v2\/posts"}],"about":[{"href":"https:\/\/radioacuariofm.com.ar\/index.php?rest_route=\/wp\/v2\/types\/post"}],"author":[{"embeddable":true,"href":"https:\/\/radioacuariofm.com.ar\/index.php?rest_route=\/wp\/v2\/users\/2"}],"replies":[{"embeddable":true,"href":"https:\/\/radioacuariofm.com.ar\/index.php?rest_route=%2Fwp%2Fv2%2Fcomments&post=234832"}],"version-history":[{"count":1,"href":"https:\/\/radioacuariofm.com.ar\/index.php?rest_route=\/wp\/v2\/posts\/234832\/revisions"}],"predecessor-version":[{"id":234834,"href":"https:\/\/radioacuariofm.com.ar\/index.php?rest_route=\/wp\/v2\/posts\/234832\/revisions\/234834"}],"wp:featuredmedia":[{"embeddable":true,"href":"https:\/\/radioacuariofm.com.ar\/index.php?rest_route=\/wp\/v2\/media\/234833"}],"wp:attachment":[{"href":"https:\/\/radioacuariofm.com.ar\/index.php?rest_route=%2Fwp%2Fv2%2Fmedia&parent=234832"}],"wp:term":[{"taxonomy":"category","embeddable":true,"href":"https:\/\/radioacuariofm.com.ar\/index.php?rest_route=%2Fwp%2Fv2%2Fcategories&post=234832"},{"taxonomy":"post_tag","embeddable":true,"href":"https:\/\/radioacuariofm.com.ar\/index.php?rest_route=%2Fwp%2Fv2%2Ftags&post=234832"}],"curies":[{"name":"wp","href":"https:\/\/api.w.org\/{rel}","templated":true}]}}