{"id":234829,"date":"2026-05-03T00:36:24","date_gmt":"2026-05-03T03:36:24","guid":{"rendered":"https:\/\/radioacuariofm.com.ar\/?p=234829"},"modified":"2026-05-03T00:36:25","modified_gmt":"2026-05-03T03:36:25","slug":"estados-unidos-le-revoco-la-visa-a-miembros-de-la-junta-directiva-del-diario-la-nacion-de-costa-rica","status":"publish","type":"post","link":"https:\/\/radioacuariofm.com.ar\/?p=234829","title":{"rendered":"Estados Unidos le revoc\u00f3 la visa a miembros de la Junta Directiva del diario La Naci\u00f3n de Costa Rica"},"content":{"rendered":"<p> <br \/>\n<\/p>\n<div>\n<p class=\"com-paragraph  --capital --s\">La <strong>Junta Directiva de <\/strong><em><strong>La Naci\u00f3n<\/strong><\/em> de Costa Rica confirm\u00f3, este s\u00e1bado 2 de mayo, que <strong>Estados Unidos le revoc\u00f3 la visa de turista a varios de sus miembros<\/strong>, sin ninguna explicaci\u00f3n previa.<\/p>\n<p class=\"com-paragraph   --s\">\u201cReconocemos plenamente que Estados Unidos, como cualquier Estado soberano, <strong>tiene la potestad de determinar los t\u00e9rminos de ingreso a su territorio<\/strong> y respetamos su facultad de tomar decisiones en materia migratoria conforme a sus leyes y pol\u00edticas.<\/p>\n<p class=\"com-paragraph   --s\">\u201cSin embargo, resulta<strong> in\u00e9dito en la historia reciente de Costa Rica que se revoque la visa a miembros de la Junta Directiva de un peri\u00f3dico<\/strong> generalista e independiente. Hasta el momento, ninguno de nuestros miembros ha recibido explicaci\u00f3n oficial alguna sobre los fundamentos de estas decisiones.<\/p>\n<p class=\"com-paragraph   --s\">\u201cAsimismo, llama la atenci\u00f3n que, al igual que en otros casos recientes relacionados con figuras p\u00fablicas costarricenses, la divulgaci\u00f3n inicial de estos hechos haya ocurrido por v\u00edas ajenas a cualquier notificaci\u00f3n oficial a las personas afectadas. Este hecho, por s\u00ed mismo, <strong>merece reflexi\u00f3n en una democracia que valora la institucionalidad, la transparencia y el debido proceso<\/strong>.<\/p>\n<p class=\"com-paragraph   --s\">\u201c<strong>Bajo ninguna circunstancia estos hechos alterar\u00e1n el compromiso ni el ejercicio independiente del periodismo que ha caracterizado a <\/strong><em><strong>La Naci\u00f3n<\/strong><\/em><strong> durante 79 a\u00f1os<\/strong>.<\/p>\n<p class=\"com-paragraph   --s\">\u201cRenovamos nuestro compromiso fundamental: <strong>informar con rigor y veracidad sobre los hechos de inter\u00e9s p\u00fablico<\/strong>, investigarlos con profundidad, mantener una cr\u00edtica razonada de los acontecimientos nacionales e internacionales, y contribuir a la preservaci\u00f3n de los valores democr\u00e1ticos y las libertades fundamentales que sostienen nuestra convivencia como sociedad\u00bb, se consign\u00f3 en el comunicado oficial de la empresa.<\/p>\n<p class=\"com-paragraph   --s\">A Pedro Abreu Jim\u00e9nez, presidente de la Junta Directiva de <em>La Naci\u00f3n<\/em>, y a la directora Carmen Montero Luthmer se les revoc\u00f3 la visa.<\/p>\n<p class=\"com-paragraph   --s\">La Embajada de Estados Unidos en Costa Rica inform\u00f3 que la pol\u00edtica del gobierno es no comentar sobre los casos individuales de visas. \u201cLa secci\u00f3n 222 (f) de la Ley de Inmigraci\u00f3n y Nacionalidad (INA, por sus siglas en ingl\u00e9s) protege la confidencialidad de los registros de visas; por lo tanto, no podemos referirnos p\u00fablicamente a asuntos espec\u00edficos de visas\u201d, se indic\u00f3 por escrito.<\/p>\n<div class=\"content-media\">\n<section role=\"button\" class=\"mod-media   \">\n<figure role=\"button\" tabindex=\"0\" class=\"mod-figure \"><figcaption class=\"mod-figcaption\"><span class=\"com-text --caption --twoxs\">El comunicado de La Naci\u00f3n S.A. de Costa Rica<\/span><\/figcaption><\/figure>\n<\/section>\n<\/div>\n<p class=\"com-paragraph   --s\">En los \u00faltimos meses, el gobierno norteamericano retir\u00f3 la visa a varios costarricenses en puestos pol\u00edticos, quienes tienen un com\u00fan denominador: han mantenido una oposici\u00f3n p\u00fablica a decisiones del presidente costarricense Rodrigo Chaves Robles, quien est\u00e1 a solo d\u00edas de ceder el poder a Laura Fern\u00e1ndez, quien promete la continuidad.<\/p>\n<p class=\"com-paragraph   --s\">En abril del 2025, se le retir\u00f3 este permiso al expresidente de la Rep\u00fablica y premio Nobel de la Paz, <strong>\u00d3scar Arias S\u00e1nchez<\/strong>. En ese momento, Arias afirm\u00f3 que el gobierno de Trump \u201choy en d\u00eda tiene caracter\u00edsticas de autocracia, lamentablemente\u201d. \u201c<strong>\u00bfC\u00f3mo es que al que piensa diferente lo quieren castigar?<\/strong> Eso no es democracia, eso puede ser cualquier cosa menos democracia: donde no hay libertad de cr\u00edtica, de pensamiento, libertad de expresi\u00f3n, libertad de prensa. Esas son caracter\u00edsticas democr\u00e1ticas. El hecho de que uno discrepe, ya yo soy un expresidente de 84 a\u00f1os,<strong> no le hace da\u00f1o a nadie<\/strong>\u201d, manifest\u00f3.<\/p>\n<p class=\"com-paragraph   --s\">Entonces era el cuarto pol\u00edtico a quien Estados Unidos retiraba ese permiso. De previo, se le cancel\u00f3 a los ahora exdiputados <strong>Francisco Nicol\u00e1s<\/strong>, de Liberaci\u00f3n Nacional; y a las independientes <strong>Johana Obando y Cynthia C\u00f3rdoba<\/strong>. Adem\u00e1s, se le revoc\u00f3 a la auditora general del Instituto Costarricense de Electricidad (ICE), <strong>Ana Sof\u00eda Machuca Flores.<\/strong><\/p>\n<p class=\"com-paragraph   --s\">En julio del a\u00f1o anterior, tambi\u00e9n se le revoc\u00f3 a quien fue presidente de la Asamblea Legislativa durante los \u00faltimos cuatro a\u00f1os, <strong>Rodrigo Arias<\/strong>, y al magistrado <strong>Paul Rueda<\/strong>, de la Sala Constitucional.<\/p>\n<p class=\"com-paragraph   --s\">En aquella ocasi\u00f3n, Consultado por <em>La Naci\u00f3n<\/em> sobre si la administraci\u00f3n de Chaves hab\u00eda instrumentalizado la relaci\u00f3n con Estados Unidos para castigar a figuras de la oposici\u00f3n mediante la cancelaci\u00f3n de visas, Arias respondi\u00f3 afirmativamente y sostuvo que su caso era un ejemplo de esa pr\u00e1ctica.<\/p>\n<p class=\"com-paragraph   --s\">\u201cNo tengo la menor duda de que la visa m\u00eda me la quitaron a petici\u00f3n del presidente de la Rep\u00fablica, no tengo ninguna duda\u201d, afirm\u00f3 y a\u00f1adi\u00f3 que, a su juicio, exist\u00eda un elemento que respaldaba su se\u00f1alamiento. \u201cLa prueba es muy sencilla: el presidente anunci\u00f3 el retiro de mi visa 30 minutos antes de que yo recibiera la notificaci\u00f3n oficial de la embajada norteamericana sobre el retiro\u201d, agreg\u00f3.<\/p>\n<p class=\"com-paragraph   --s\">Posteriormente, en octubre del 2025, se la quitaron a <strong>Leonel Baruch<\/strong>, presidente del diario digital <em><strong>CR Hoy <\/strong><\/em><strong>y socio del banco BCT<\/strong>.<\/p>\n<p class=\"com-paragraph   --s\">Recientemente, en marzo,<strong> <\/strong>el magistrado de la Sala Constitucional, <strong>Fernando Cruz Castro<\/strong>, se uni\u00f3 a esta creciente lista. \u201cLo considero como un motivo de distinci\u00f3n. Me honra que un gobierno como el norteamericano, que se ha convertido todav\u00eda m\u00e1s de lo que era, en un <strong>gobierno agresivo y b\u00e9lico<\/strong>, <strong>me quite la visa<\/strong>.<strong> Es un honor<\/strong>\u201d, dijo entonces Cruz.<\/p>\n<p class=\"com-paragraph   --s\"><em><strong>GDA: La Naci\u00f3n (Costa Rica), El Tiempo (Colombia), El Pa\u00eds (Uruguay)<\/strong><\/em><\/p>\n<section class=\"container-center-100 mb-40 border border-bottom border-thin border-neutral-light-700\">\n<hr\/>\n<\/section>\n<\/div>\n<p><script id=\"facebookpixel\" defer=\"\" type=\"text\/javascript\">\n        !function(f,b,e,v,n,t,s)\n        {if(f.fbq)return;n=f.fbq=function(){n.callMethod?\n        n.callMethod.apply(n,arguments):n.queue.push(arguments)};\n        if(!f._fbq)f._fbq=n;n.push=n;n.loaded=!0;n.version='2.0';\n        n.queue=[];t=b.createElement(e);t.async=!0;\n        t.src=v;s=b.getElementsByTagName(e)[0];\n        s.parentNode.insertBefore(t,s)}(window, document,'script',\n        'https:\/\/connect.facebook.net\/en_US\/fbevents.js');\n        fbq('init', '492459597522335');\n        fbq('track', 'PageView');\n    <\/script><br \/>\n<br \/><\/p>\n","protected":false},"excerpt":{"rendered":"<p>La Junta Directiva de La Naci\u00f3n de Costa Rica confirm\u00f3, este s\u00e1bado 2 de mayo, que Estados Unidos le revoc\u00f3 la visa de turista a varios de sus miembros, sin ninguna explicaci\u00f3n previa. \u201cReconocemos plenamente que Estados Unidos, como cualquier Estado soberano, tiene la potestad de determinar los t\u00e9rminos de ingreso a su territorio y [&hellip;]<\/p>\n","protected":false},"author":2,"featured_media":234830,"comment_status":"closed","ping_status":"closed","sticky":false,"template":"","format":"standard","meta":{"footnotes":""},"categories":[1],"tags":[],"class_list":["post-234829","post","type-post","status-publish","format-standard","has-post-thumbnail","hentry","category-uncategorized"],"_links":{"self":[{"href":"https:\/\/radioacuariofm.com.ar\/index.php?rest_route=\/wp\/v2\/posts\/234829","targetHints":{"allow":["GET"]}}],"collection":[{"href":"https:\/\/radioacuariofm.com.ar\/index.php?rest_route=\/wp\/v2\/posts"}],"about":[{"href":"https:\/\/radioacuariofm.com.ar\/index.php?rest_route=\/wp\/v2\/types\/post"}],"author":[{"embeddable":true,"href":"https:\/\/radioacuariofm.com.ar\/index.php?rest_route=\/wp\/v2\/users\/2"}],"replies":[{"embeddable":true,"href":"https:\/\/radioacuariofm.com.ar\/index.php?rest_route=%2Fwp%2Fv2%2Fcomments&post=234829"}],"version-history":[{"count":1,"href":"https:\/\/radioacuariofm.com.ar\/index.php?rest_route=\/wp\/v2\/posts\/234829\/revisions"}],"predecessor-version":[{"id":234831,"href":"https:\/\/radioacuariofm.com.ar\/index.php?rest_route=\/wp\/v2\/posts\/234829\/revisions\/234831"}],"wp:featuredmedia":[{"embeddable":true,"href":"https:\/\/radioacuariofm.com.ar\/index.php?rest_route=\/wp\/v2\/media\/234830"}],"wp:attachment":[{"href":"https:\/\/radioacuariofm.com.ar\/index.php?rest_route=%2Fwp%2Fv2%2Fmedia&parent=234829"}],"wp:term":[{"taxonomy":"category","embeddable":true,"href":"https:\/\/radioacuariofm.com.ar\/index.php?rest_route=%2Fwp%2Fv2%2Fcategories&post=234829"},{"taxonomy":"post_tag","embeddable":true,"href":"https:\/\/radioacuariofm.com.ar\/index.php?rest_route=%2Fwp%2Fv2%2Ftags&post=234829"}],"curies":[{"name":"wp","href":"https:\/\/api.w.org\/{rel}","templated":true}]}}