{"id":234776,"date":"2026-05-02T07:23:34","date_gmt":"2026-05-02T10:23:34","guid":{"rendered":"https:\/\/radioacuariofm.com.ar\/?p=234776"},"modified":"2026-05-02T07:23:35","modified_gmt":"2026-05-02T10:23:35","slug":"gobierno-reunio-a-mas-de-50-ong-para-avanzar-en-sus-regularizaciones","status":"publish","type":"post","link":"https:\/\/radioacuariofm.com.ar\/?p=234776","title":{"rendered":"Gobierno reuni\u00f3 a m\u00e1s de 50 ONG para avanzar en sus regularizaciones"},"content":{"rendered":"<p><\/p>\n<div>\n<p>El Ministerio de Gobierno llev\u00f3 a cabo un encuentro con ONG de San Juan con el objetivo de reunir a aquellas entidades que est\u00e9n en inactividad o irregularidad en su situaci\u00f3n legal, as\u00ed como establecer v\u00ednculos entre s\u00ed y conocer el panorama del trabajo de las instituciones en la provincia.<\/p>\n<div class=\"embera-embed-responsive embera-embed-responsive-photo embera-embed-responsive-provider-flickr\"><a data-flickr-embed=\"true\" href=\"https:\/\/www.flickr.com\/photos\/gobiernodesanjuan\/55240934890\/\" title=\"2026-04-30 GOBIERNO Gobierno reuni\u00f3 a m\u00e1s de 50 ONG para avanzar en sus regularizaciones by Gobierno de San Juan, on Flickr\"><\/a><\/div>\n<p>La Direcci\u00f3n de Cultos y ONG dispuso esta charla como un espacio de presentaci\u00f3n y vinculaci\u00f3n para los organismos civiles, as\u00ed como una instancia para concretar redes de comunicaci\u00f3n que permitan articular gestiones en conjunto y una mayor facilidad para resolver consultas y pasos a seguir para las instituciones que requieran tr\u00e1mites para su regularizaci\u00f3n.<\/p>\n<div class=\"embera-embed-responsive embera-embed-responsive-photo embera-embed-responsive-provider-flickr\"><a data-flickr-embed=\"true\" href=\"https:\/\/www.flickr.com\/photos\/gobiernodesanjuan\/55240532461\/\" title=\"2026-04-30 GOBIERNO Gobierno reuni\u00f3 a m\u00e1s de 50 ONG para avanzar en sus regularizaciones by Gobierno de San Juan, on Flickr\"><img decoding=\"async\" class=\"embera-embed-responsive-item embera-embed-responsive-item-photo\" src=\"https:\/\/live.staticflickr.com\/65535\/55240532461_d70e187d1c_b.jpg\" alt=\"2026-04-30 GOBIERNO Gobierno reuni\u00f3 a m\u00e1s de 50 ONG para avanzar en sus regularizaciones\"\/><\/a><\/div>\n<p>El encuentro, que cont\u00f3 con la presencia de la secretaria de Relaciones Institucionales Claudia Sarmiento y la directora de Cultos y ONG Marta Pic\u00f3n, sirvi\u00f3 adem\u00e1s como un momento de expresi\u00f3n para representantes de las 55 ONG, quienes agradecieron el acercamiento del Ministerio de Gobierno para trabajar en unidad, as\u00ed como presentar sugerencias y contar situaciones particulares de las diferentes entidades.<\/p>\n<div class=\"embera-embed-responsive embera-embed-responsive-photo embera-embed-responsive-provider-flickr\"><a data-flickr-embed=\"true\" href=\"https:\/\/www.flickr.com\/photos\/gobiernodesanjuan\/55240532431\/\" title=\"2026-04-30 GOBIERNO Gobierno reuni\u00f3 a m\u00e1s de 50 ONG para avanzar en sus regularizaciones by Gobierno de San Juan, on Flickr\"><img decoding=\"async\" class=\"embera-embed-responsive-item embera-embed-responsive-item-photo\" src=\"https:\/\/live.staticflickr.com\/65535\/55240532431_432e3f210c_b.jpg\" alt=\"2026-04-30 GOBIERNO Gobierno reuni\u00f3 a m\u00e1s de 50 ONG para avanzar en sus regularizaciones\"\/><\/a><\/div><\/div>\n<p><script async defer crossorigin=\"anonymous\" src=\"https:\/\/connect.facebook.net\/es_ES\/sdk.js#xfbml=1&#038;version=v3.3\"><\/script><\/p>\n","protected":false},"excerpt":{"rendered":"<p>El Ministerio de Gobierno llev\u00f3 a cabo un encuentro con ONG de San Juan con el objetivo de reunir a aquellas entidades que est\u00e9n en inactividad o irregularidad en su situaci\u00f3n legal, as\u00ed como establecer v\u00ednculos entre s\u00ed y conocer el panorama del trabajo de las instituciones en la provincia. La Direcci\u00f3n de Cultos y [&hellip;]<\/p>\n","protected":false},"author":2,"featured_media":234777,"comment_status":"closed","ping_status":"closed","sticky":false,"template":"","format":"standard","meta":{"footnotes":""},"categories":[27],"tags":[],"class_list":["post-234776","post","type-post","status-publish","format-standard","has-post-thumbnail","hentry","category-san-juan"],"_links":{"self":[{"href":"https:\/\/radioacuariofm.com.ar\/index.php?rest_route=\/wp\/v2\/posts\/234776","targetHints":{"allow":["GET"]}}],"collection":[{"href":"https:\/\/radioacuariofm.com.ar\/index.php?rest_route=\/wp\/v2\/posts"}],"about":[{"href":"https:\/\/radioacuariofm.com.ar\/index.php?rest_route=\/wp\/v2\/types\/post"}],"author":[{"embeddable":true,"href":"https:\/\/radioacuariofm.com.ar\/index.php?rest_route=\/wp\/v2\/users\/2"}],"replies":[{"embeddable":true,"href":"https:\/\/radioacuariofm.com.ar\/index.php?rest_route=%2Fwp%2Fv2%2Fcomments&post=234776"}],"version-history":[{"count":1,"href":"https:\/\/radioacuariofm.com.ar\/index.php?rest_route=\/wp\/v2\/posts\/234776\/revisions"}],"predecessor-version":[{"id":234778,"href":"https:\/\/radioacuariofm.com.ar\/index.php?rest_route=\/wp\/v2\/posts\/234776\/revisions\/234778"}],"wp:featuredmedia":[{"embeddable":true,"href":"https:\/\/radioacuariofm.com.ar\/index.php?rest_route=\/wp\/v2\/media\/234777"}],"wp:attachment":[{"href":"https:\/\/radioacuariofm.com.ar\/index.php?rest_route=%2Fwp%2Fv2%2Fmedia&parent=234776"}],"wp:term":[{"taxonomy":"category","embeddable":true,"href":"https:\/\/radioacuariofm.com.ar\/index.php?rest_route=%2Fwp%2Fv2%2Fcategories&post=234776"},{"taxonomy":"post_tag","embeddable":true,"href":"https:\/\/radioacuariofm.com.ar\/index.php?rest_route=%2Fwp%2Fv2%2Ftags&post=234776"}],"curies":[{"name":"wp","href":"https:\/\/api.w.org\/{rel}","templated":true}]}}