{"id":234770,"date":"2026-05-02T03:15:50","date_gmt":"2026-05-02T06:15:50","guid":{"rendered":"https:\/\/radioacuariofm.com.ar\/?p=234770"},"modified":"2026-05-02T03:15:51","modified_gmt":"2026-05-02T06:15:51","slug":"acuerdo-ue-mercosur-una-alianza-con-oportunidades-para-millones","status":"publish","type":"post","link":"https:\/\/radioacuariofm.com.ar\/?p=234770","title":{"rendered":"Acuerdo UE-Mercosur: Una alianza con oportunidades para millones"},"content":{"rendered":"<p> <br \/>\n<\/p>\n<div>\n<p class=\"com-paragraph  --capital --s\">Este viernes celebramos un hito hist\u00f3rico en las relaciones entre <strong>el Mercosur y la Uni\u00f3n Europea<\/strong>: la entrada en vigor provisional de <a href=\"https:\/\/www.lanacion.com.ar\/politica\/se-firmo-luego-de-26-anos-de-negociaciones-el-mercosur-y-la-union-europea-se-integran-en-un-area-nid17012026\/\" target=\"_self\" title=\"https:\/\/www.lanacion.com.ar\/politica\/se-firmo-luego-de-26-anos-de-negociaciones-el-mercosur-y-la-union-europea-se-integran-en-un-area-nid17012026\/\" class=\"com-link break-word\" data-mrf-recirculation=\"n_link_parrafo\">nuestro acuerdo comercial<\/a>. Este es un paso concreto, pragm\u00e1tico e inmediato hacia una alianza m\u00e1s s\u00f3lida, que genera beneficios tangibles para las empresas, los trabajadores y los consumidores.<\/p>\n<p class=\"com-paragraph   --s\">Para los pa\u00edses del Mercosur, el acuerdo representa <strong>una apertura sin precedentes al mercado europeo, con m\u00e1s de 450 millones de consumidores<\/strong>. La UE, el segundo socio comercial m\u00e1s importante de los cuatro pa\u00edses del Mercosur, ofrecer\u00e1 <strong>condiciones a\u00fan m\u00e1s favorables para las exportaciones industriales y agr\u00edcolas del Mercosur<\/strong>, con la mayor\u00eda de los aranceles que quedan fijados en cero y la reducci\u00f3n gradual de otros, o con el aumento de las cuotas de exportaci\u00f3n actualmente vigentes.<\/p>\n<div class=\"content-media\">\n<section role=\"button\" class=\"mod-media   \">\n<figure role=\"button\" tabindex=\"0\" class=\"mod-figure \"><figcaption class=\"mod-figcaption\"><span class=\"com-text --caption --twoxs\">La \u00abfoto de familia\u00bb durante la ceremonia por la firma del acuerdo el 17 de enero de 2026<\/span><\/figcaption><\/figure>\n<\/section>\n<\/div>\n<p class=\"com-paragraph   --s\">A partir de este viernes, el mercado europeo se abre a las empresas brasile\u00f1as, argentinas, paraguayas y uruguayas, impulsando la <strong>inversi\u00f3n, la innovaci\u00f3n y la creaci\u00f3n de empleo cualificado<\/strong>. La <strong>reducci\u00f3n o eliminaci\u00f3n de los<\/strong> <strong>aranceles de importaci\u00f3n<\/strong> sobre maquinaria, el sector automotriz y los productos qu\u00edmicos procedentes de Europa disminuir\u00e1 los costos de producci\u00f3n en Mercosur. Asimismo, los consumidores de Mercosur <strong>se benefician de precios m\u00e1s bajos en productos europeos <\/strong>y de una mayor variedad.<\/p>\n<p class=\"com-paragraph   --s\">Otro aspecto clave es la <strong>previsibilidad<\/strong>. El acuerdo establece <strong>reglas claras y estables<\/strong> para el comercio, reduciendo la incertidumbre y los costos. Las peque\u00f1as y medianas empresas, en particular, obtienen mejores condiciones para internacionalizar sus negocios y acceder a nuevos mercados. Los proveedores de servicios, como el transporte mar\u00edtimo, se benefician de una mayor estabilidad y seguridad.<\/p>\n<p class=\"com-paragraph   --s\">El acuerdo promueve altos est\u00e1ndares en \u00e1reas como la transparencia y las buenas pr\u00e1cticas regulatorias. Esto contribuye a <strong>un entorno empresarial<\/strong> <strong>m\u00e1s eficiente y menos costoso<\/strong>, beneficiando tanto a exportadores como a importadores.<\/p>\n<div class=\"content-media\">\n<section role=\"button\" class=\"mod-media   \">\n<figure role=\"button\" tabindex=\"0\" class=\"mod-figure \"><figcaption class=\"mod-figcaption\"><span class=\"com-text --caption --twoxs\">La sede de la Uni\u00f3n Europea en Bruselas <\/span><span class=\"com-text --credit --twoxs\">Virginia Mayo &#8211; AP<\/span><\/figcaption><\/figure>\n<\/section>\n<\/div>\n<p class=\"com-paragraph   --s\">A partir de este viernes, se promueven debidamente las indicaciones geogr\u00e1ficas de Mercosur y la UE, preservando nuestras tradiciones culturales e impulsando las econom\u00edas locales. Algunos ejemplos son la miel de abeja de los Humedales del \u00d1eembuc\u00fa de Paraguay, el queso Canastra de Brasil, el salame de Tandil de Argentina, y el vino con denominaci\u00f3n Montevideo de Uruguay.<\/p>\n<p class=\"com-paragraph   --s\">En la mayor\u00eda de las contrataciones p\u00fablicas, el acuerdo abre el mercado a una mayor competencia, reduciendo los costos para las administraciones y los contribuyentes. Tambi\u00e9n es importante destacar el potencial para atraer inversiones. Con normas m\u00e1s predecibles y acceso preferencial al mercado europeo, <strong>el Mercosur se vuelve a\u00fan m\u00e1s atractivo para los inversores europeos<\/strong>, tal como se prev\u00e9 en la agenda Global Gateway de la UE. La UE ya es el principal inversor extranjero en los cuatro pa\u00edses, y el acuerdo impulsar\u00e1 <strong>proyectos adicionales en infraestructura, tecnolog\u00eda y energ\u00eda<\/strong>, con impactos positivos a largo plazo en el desarrollo econ\u00f3mico de la regi\u00f3n.<\/p>\n<p class=\"com-paragraph   --s\">El acuerdo tambi\u00e9n <strong>establece varios comit\u00e9s conjuntos para supervisar su implementaci\u00f3n y<\/strong> <strong>facilitar el di\u00e1logo<\/strong>, con un papel importante para la sociedad civil.<\/p>\n<div class=\"content-media\">\n<section role=\"button\" class=\"mod-media   \">\n<figure role=\"button\" tabindex=\"0\" class=\"mod-figure \"><figcaption class=\"mod-figcaption\"><span class=\"com-text --caption --twoxs\">La presidenta de la Comisi\u00f3n Europea, Ursula von der Leyen, brinda un discurso en la ceremonia de firma del acuerdo, el 17 de enero de 2026 en Asunci\u00f3n.  <\/span><span class=\"com-text --credit --twoxs\">LUIS ROBAYO &#8211; AFP<\/span><\/figcaption><\/figure>\n<\/section>\n<\/div>\n<p class=\"com-paragraph   --s\">La entrada en vigor provisional este viernes simboliza, adem\u00e1s, un <strong>compromiso compartido con el crecimiento sostenible<\/strong>. La inclusi\u00f3n del <strong>Acuerdo de Par\u00eds<\/strong> significa un compromiso de ambos bloques con la lucha contra el cambio clim\u00e1tico y un apoyo fundamental a los valores del multilateralismo.<\/p>\n<p class=\"com-paragraph   --s\">Se est\u00e1 desarrollando un <strong>paquete de cooperaci\u00f3n<\/strong> de hasta 1800 millones de euros, en colaboraci\u00f3n con Mercosur, para implementar el acuerdo, fortalecer las comunidades locales, los agricultores familiares y los sectores productivos potencialmente marginados.<\/p>\n<p class=\"com-paragraph   --s\">Este acuerdo no es un punto final, sino un paso decisivo en un proceso m\u00e1s amplio de acercamiento entre nuestras regiones. Esto demuestra que, incluso en el contexto actual de <strong>proteccionismo y coerci\u00f3n mundial<\/strong>, es posible avanzar con soluciones concretas basadas en el di\u00e1logo y la cooperaci\u00f3n.<\/p>\n<p class=\"com-paragraph   --s\">Como embajadores de la Uni\u00f3n Europea ante los pa\u00edses del Mercosur, confiamos en que este sea solo el comienzo de una nueva fase, <strong>m\u00e1s din\u00e1mica y mutuamente beneficiosa,<\/strong> en nuestra alianza estrat\u00e9gica. Ha llegado el momento de que todos nos pongamos manos a la obra y transformemos estas oportunidades en realidad.<\/p>\n<p class=\"com-paragraph   --s\"><em>Erik H\u00f8eg es embajador de la UE en Argentina; Marian Schuegraf, embajadora de la UE en Brasil; Katja Afheldt, embajadora de la UE en Paraguay, y Petros Mavromichalis, embajador de la UE en Uruguay<\/em><\/p>\n<section class=\"container-center-100 mb-40 border border-bottom border-thin border-neutral-light-700\">\n<div class=\"grid grid-cols-2_m gap-12 py-16 py-12_m\">\n<div class=\"flex flex-column gap-12\">\n<div class=\"flex flex-column brand-color\">\n<div class=\"flex flex-wrap w-100 w-full\">\n<div class=\"signature-with-authors flex flex-wrap flex-column flex-row_m ai-center_m ai-start  gap-16 w-100 w-full 2\">\n<div class=\"flex inline-flex ai-center gap-12\">\n<p><span>Por <span><strong>Erik H\u00f8eg, Marian Schuegraf, Katja Afheldt y Petros Mavromichalis <\/strong><\/span><\/span><\/p>\n<\/div>\n<\/div>\n<\/div>\n<\/div>\n<\/div>\n<\/div>\n<hr\/>\n<\/section>\n<\/div>\n<p><script id=\"facebookpixel\" defer=\"\" type=\"text\/javascript\">\n        !function(f,b,e,v,n,t,s)\n        {if(f.fbq)return;n=f.fbq=function(){n.callMethod?\n        n.callMethod.apply(n,arguments):n.queue.push(arguments)};\n        if(!f._fbq)f._fbq=n;n.push=n;n.loaded=!0;n.version='2.0';\n        n.queue=[];t=b.createElement(e);t.async=!0;\n        t.src=v;s=b.getElementsByTagName(e)[0];\n        s.parentNode.insertBefore(t,s)}(window, document,'script',\n        'https:\/\/connect.facebook.net\/en_US\/fbevents.js');\n        fbq('init', '492459597522335');\n        fbq('track', 'PageView');\n    <\/script><br \/>\n<br \/><\/p>\n","protected":false},"excerpt":{"rendered":"<p>Este viernes celebramos un hito hist\u00f3rico en las relaciones entre el Mercosur y la Uni\u00f3n Europea: la entrada en vigor provisional de nuestro acuerdo comercial. Este es un paso concreto, pragm\u00e1tico e inmediato hacia una alianza m\u00e1s s\u00f3lida, que genera beneficios tangibles para las empresas, los trabajadores y los consumidores. Para los pa\u00edses del Mercosur, [&hellip;]<\/p>\n","protected":false},"author":2,"featured_media":234771,"comment_status":"closed","ping_status":"closed","sticky":false,"template":"","format":"standard","meta":{"footnotes":""},"categories":[1],"tags":[],"class_list":["post-234770","post","type-post","status-publish","format-standard","has-post-thumbnail","hentry","category-uncategorized"],"_links":{"self":[{"href":"https:\/\/radioacuariofm.com.ar\/index.php?rest_route=\/wp\/v2\/posts\/234770","targetHints":{"allow":["GET"]}}],"collection":[{"href":"https:\/\/radioacuariofm.com.ar\/index.php?rest_route=\/wp\/v2\/posts"}],"about":[{"href":"https:\/\/radioacuariofm.com.ar\/index.php?rest_route=\/wp\/v2\/types\/post"}],"author":[{"embeddable":true,"href":"https:\/\/radioacuariofm.com.ar\/index.php?rest_route=\/wp\/v2\/users\/2"}],"replies":[{"embeddable":true,"href":"https:\/\/radioacuariofm.com.ar\/index.php?rest_route=%2Fwp%2Fv2%2Fcomments&post=234770"}],"version-history":[{"count":1,"href":"https:\/\/radioacuariofm.com.ar\/index.php?rest_route=\/wp\/v2\/posts\/234770\/revisions"}],"predecessor-version":[{"id":234772,"href":"https:\/\/radioacuariofm.com.ar\/index.php?rest_route=\/wp\/v2\/posts\/234770\/revisions\/234772"}],"wp:featuredmedia":[{"embeddable":true,"href":"https:\/\/radioacuariofm.com.ar\/index.php?rest_route=\/wp\/v2\/media\/234771"}],"wp:attachment":[{"href":"https:\/\/radioacuariofm.com.ar\/index.php?rest_route=%2Fwp%2Fv2%2Fmedia&parent=234770"}],"wp:term":[{"taxonomy":"category","embeddable":true,"href":"https:\/\/radioacuariofm.com.ar\/index.php?rest_route=%2Fwp%2Fv2%2Fcategories&post=234770"},{"taxonomy":"post_tag","embeddable":true,"href":"https:\/\/radioacuariofm.com.ar\/index.php?rest_route=%2Fwp%2Fv2%2Ftags&post=234770"}],"curies":[{"name":"wp","href":"https:\/\/api.w.org\/{rel}","templated":true}]}}