{"id":234758,"date":"2026-05-01T23:10:48","date_gmt":"2026-05-02T02:10:48","guid":{"rendered":"https:\/\/radioacuariofm.com.ar\/?p=234758"},"modified":"2026-05-01T23:10:49","modified_gmt":"2026-05-02T02:10:49","slug":"leon-xiv-designo-a-un-ex-inmigrante-salvadoreno-como-nuevo-obispo-en-un-bastion-trumpista","status":"publish","type":"post","link":"https:\/\/radioacuariofm.com.ar\/?p=234758","title":{"rendered":"Le\u00f3n XIV design\u00f3 a un ex inmigrante salvadore\u00f1o como nuevo obispo en un basti\u00f3n trumpista"},"content":{"rendered":"<p> <br \/>\n<\/p>\n<div>\n<p class=\"com-paragraph  --capital --s\">ROMA.- En el marco del <a href=\"https:\/\/www.lanacion.com.ar\/el-mundo\/leon-xiv-encuentra-en-el-choque-con-trump-un-estilo-mas-directo-y-confrontativo-tras-meses-de-bajo-nid18042026\/\" target=\"_self\" title=\"https:\/\/www.lanacion.com.ar\/el-mundo\/leon-xiv-encuentra-en-el-choque-con-trump-un-estilo-mas-directo-y-confrontativo-tras-meses-de-bajo-nid18042026\/\" class=\"com-link break-word\" data-mrf-recirculation=\"n_link_parrafo\">enfrentamiento a distancia entre los dos norteamericanos m\u00e1s influyentes del momento<\/a>, el papa <strong>Le\u00f3n XIV y<\/strong> el presidente Donald Trump,<strong> no pasaron desapercibidos este viernes dos designaciones realizadas por el pont\u00edfice en Estados Unidos<\/strong>, su pa\u00eds de nacimiento, anunciadas por el bolet\u00edn diario del Vaticano.<\/p>\n<p class=\"com-paragraph   --s\">En un contexto de renovaci\u00f3n del episcopado de Estados Unidos, muy dividido y m\u00e1s bien conservador -pero que el ataque de Trump contra Le\u00f3n recompact\u00f3-, Robert Prevost <strong>nombr\u00f3 a un inmigrante salvadore\u00f1o, Evelio Menjivar-Ayala, como obispo de Wheeling-Charleston<\/strong>, en Virginia Occidental, un estado en manos republicanas cuya poblaci\u00f3n es en m\u00e1s de un 90% blanca y que vot\u00f3 a favor del magnate republicano por un margen de 42 puntos.<\/p>\n<p class=\"com-paragraph   --s\">Nacido en 1970 en Chalatenango, El Salvador, y hasta ahora obispo auxiliar de Washington, durante su adolescencia Menjivar-Ayala<strong> intent\u00f3 entrar ilegalmente a Estados Unidos en tres ocasiones<\/strong>. Finalmente lleg\u00f3 a California en 1990, tras ser introducido de contrabando en el ba\u00fal de un coche junto a su hermano, cruzando la frontera entre Tijuana y San Diego. Durante los a\u00f1os siguientes, Menjivar-Ayala trabaj\u00f3 como conserje y en la construcci\u00f3n en California antes de volverse sacerdote, seg\u00fan subray\u00f3 el periodista estadounidense Christopher Hale, que calific\u00f3 de \u201chist\u00f3rico\u201d este nombramiento. <\/p>\n<p class=\"com-paragraph   --s\">Hale tambi\u00e9n reflot\u00f3 uno de los \u00faltimos posteos antes de ser electo papa en X de Robert Prevost (entonces prefecto del Dicasterio de los Obispos), cuando retuite\u00f3 a otro observador de temas de Iglesia que celebraba al entonces obispo auxiliar de Washington salvadore\u00f1o, que <strong>cuestionaba las pol\u00edticas de deportaci\u00f3n de Trump y de su amigo salvadore\u00f1o Najib Bukele.<\/strong><\/p>\n<p class=\"com-paragraph   --s\">El bolet\u00edn del Vaticano \u2013que no mencion\u00f3 en su biograf\u00eda los tres intentos de ingresar a Estados Unidos de Menjivar-Ayala\u2013, record\u00f3 que luego de estudiar filosof\u00eda en el Seminario Universitario Saint John Vianney de Miami y teolog\u00eda en la Pontificia Universidad de Santo Tom\u00e1s de Aquino en Roma, obtuvo la licenciatura en el Pontificio Instituto Scalabriniano de Teolog\u00eda Pastoral para la Movilidad Humana en Roma. Despu\u00e9s de ser ordenado sacerdote en 2004 para la arquidi\u00f3cesis de Washington, despu\u00e9s de desempe\u00f1arse en diversas parroquias, <strong>el papa Francisco lo nombr\u00f3 obispo auxiliar de la capital estadounidense en diciembre de 2022<\/strong>: as\u00ed, se convirti\u00f3 en el primer obispo salvadore\u00f1o en los Estados Unidos. <\/p>\n<p class=\"com-paragraph   --s\">Le\u00f3n XIV, que en diciembre pasado dej\u00f3 en claro <strong>su determinaci\u00f3n a renovar el episcopado de su pa\u00eds <\/strong>al nombrar en Nueva York, la di\u00f3cesis m\u00e1s importante y hasta entonces encabezada por el cardenal conservador Timoty Dolan, al arzobispo Ronald Hicks, una figura en las ant\u00edpodas, que vivi\u00f3 en El Salvador y que tiene una relaci\u00f3n muy cercana con la comunidad hispana -cuando asumi\u00f3 por primera vez hubo una celebraci\u00f3n biling\u00fce en la catedral de San Patricio-, sorprendi\u00f3 con otro nombramiento.<\/p>\n<div class=\"content-media\">\n<section role=\"button\" class=\"mod-media   \">\n<figure role=\"button\" tabindex=\"0\" class=\"mod-figure \"><figcaption class=\"mod-figcaption\"><span class=\"com-text --caption --twoxs\">Ronald Hicks<\/span><span class=\"com-text --credit --twoxs\">Ryan Murphy &#8211; FR172324 AP<\/span><\/figcaption><\/figure>\n<\/section>\n<\/div>\n<p class=\"com-paragraph   --s\">Le\u00f3n XIV, en efecto, design\u00f3 como <strong>nuevo obispo auxiliar de Washington a Robert Boxie III<\/strong>, sacerdote negro, nacido en 1980 en Louisiana, que con 46 a\u00f1os se convirti\u00f3 en el obispo m\u00e1s joven de Estados Unidos y <strong>conocido por sus cr\u00edticas a los ataques de la Casa Blanca contra la diversidad racial.<\/strong><\/p>\n<p class=\"com-paragraph   --s\">\u201cEs realmente frustrante, especialmente en el momento que estamos viviendo. Los ataques contra la \u2018DEI\u2019 (Diversidad, Equidad e Inclusi\u00f3n) &#8230; ya ni siquiera s\u00e9 qu\u00e9 significa. Es un t\u00e9rmino que ha sido secuestrado. Significa muchas cosas para muchas personas diferentes\u201d, dijo Boxie, seg\u00fan record\u00f3 la prensa estadounidense.<\/p>\n<p class=\"com-paragraph   --s\">\u201cCreo que, en esencia, es lo que representa Estados Unidos. Somos una naci\u00f3n diversa con gente de todo el mundo. <strong>La diversidad es algo bueno. La diversidad es un don de Dios<\/strong>. Y el hecho de que se haya convertido en algo negativo, o en algo que debe evitarse o de lo que no se debe hablar, simplemente contradice nuestra identidad como estadounidenses. Gran parte de nuestra historia ha sido excluyente, especialmente en lo que respecta a la raza. Y eso es simplemente antiamericano; es anticristiano; es anticat\u00f3lico\u201d, agreg\u00f3.<\/p>\n<p class=\"com-paragraph   --s\">Le\u00f3n XVI tambi\u00e9n nombr\u00f3 sugestivamente <strong>como obispo auxiliar de Washington al padre Gary Studniewski<\/strong>, oriundo de Ohio, que fue, entre otros cargos, capell\u00e1n militar y obtuvo un M\u00e1ster en Estudios Estrat\u00e9gicos en el Colegio de Guerra del Ej\u00e9rcito de los Estados Unidos.<\/p>\n<p class=\"com-paragraph   --s\">El actual arzobispo de Washington, el cardenal Robert McElroy \u2013designado por Francisco\u2013, muy cercano a Le\u00f3n y <a href=\"https:\/\/www.lanacion.com.ar\/el-mundo\/tres-cardenales-estadounidenses-cercanos-a-leon-xiv-cuestionaron-la-moral-de-la-politica-exterior-de-nid19012026\/\" target=\"_self\" title=\"https:\/\/www.lanacion.com.ar\/el-mundo\/tres-cardenales-estadounidenses-cercanos-a-leon-xiv-cuestionaron-la-moral-de-la-politica-exterior-de-nid19012026\/\" class=\"com-link break-word\" data-mrf-recirculation=\"n_link_parrafo\">una de las voces que m\u00e1s han cuestionado la guerra<\/a> \u201cilegal e irresponsable\u201d lanzada por Estados Unidos e Israel contra Ir\u00e1n, en una carta agradeci\u00f3 estas designaciones en su di\u00f3cesis y lament\u00f3 \u201cla gran p\u00e9rdida\u201d de Menjivar Ayala, que ir\u00e1 a Virgina Occidental, <strong>todo un mensaje del Papa para su pa\u00eds.<\/strong><\/p>\n<section class=\"container-center-100 mb-40 border border-bottom border-thin border-neutral-light-700\">\n<hr\/>\n<\/section>\n<\/div>\n<p><script id=\"facebookpixel\" defer=\"\" type=\"text\/javascript\">\n        !function(f,b,e,v,n,t,s)\n        {if(f.fbq)return;n=f.fbq=function(){n.callMethod?\n        n.callMethod.apply(n,arguments):n.queue.push(arguments)};\n        if(!f._fbq)f._fbq=n;n.push=n;n.loaded=!0;n.version='2.0';\n        n.queue=[];t=b.createElement(e);t.async=!0;\n        t.src=v;s=b.getElementsByTagName(e)[0];\n        s.parentNode.insertBefore(t,s)}(window, document,'script',\n        'https:\/\/connect.facebook.net\/en_US\/fbevents.js');\n        fbq('init', '492459597522335');\n        fbq('track', 'PageView');\n    <\/script><br \/>\n<br \/><\/p>\n","protected":false},"excerpt":{"rendered":"<p>ROMA.- En el marco del enfrentamiento a distancia entre los dos norteamericanos m\u00e1s influyentes del momento, el papa Le\u00f3n XIV y el presidente Donald Trump, no pasaron desapercibidos este viernes dos designaciones realizadas por el pont\u00edfice en Estados Unidos, su pa\u00eds de nacimiento, anunciadas por el bolet\u00edn diario del Vaticano. En un contexto de renovaci\u00f3n [&hellip;]<\/p>\n","protected":false},"author":2,"featured_media":234759,"comment_status":"closed","ping_status":"closed","sticky":false,"template":"","format":"standard","meta":{"footnotes":""},"categories":[1],"tags":[],"class_list":["post-234758","post","type-post","status-publish","format-standard","has-post-thumbnail","hentry","category-uncategorized"],"_links":{"self":[{"href":"https:\/\/radioacuariofm.com.ar\/index.php?rest_route=\/wp\/v2\/posts\/234758","targetHints":{"allow":["GET"]}}],"collection":[{"href":"https:\/\/radioacuariofm.com.ar\/index.php?rest_route=\/wp\/v2\/posts"}],"about":[{"href":"https:\/\/radioacuariofm.com.ar\/index.php?rest_route=\/wp\/v2\/types\/post"}],"author":[{"embeddable":true,"href":"https:\/\/radioacuariofm.com.ar\/index.php?rest_route=\/wp\/v2\/users\/2"}],"replies":[{"embeddable":true,"href":"https:\/\/radioacuariofm.com.ar\/index.php?rest_route=%2Fwp%2Fv2%2Fcomments&post=234758"}],"version-history":[{"count":1,"href":"https:\/\/radioacuariofm.com.ar\/index.php?rest_route=\/wp\/v2\/posts\/234758\/revisions"}],"predecessor-version":[{"id":234760,"href":"https:\/\/radioacuariofm.com.ar\/index.php?rest_route=\/wp\/v2\/posts\/234758\/revisions\/234760"}],"wp:featuredmedia":[{"embeddable":true,"href":"https:\/\/radioacuariofm.com.ar\/index.php?rest_route=\/wp\/v2\/media\/234759"}],"wp:attachment":[{"href":"https:\/\/radioacuariofm.com.ar\/index.php?rest_route=%2Fwp%2Fv2%2Fmedia&parent=234758"}],"wp:term":[{"taxonomy":"category","embeddable":true,"href":"https:\/\/radioacuariofm.com.ar\/index.php?rest_route=%2Fwp%2Fv2%2Fcategories&post=234758"},{"taxonomy":"post_tag","embeddable":true,"href":"https:\/\/radioacuariofm.com.ar\/index.php?rest_route=%2Fwp%2Fv2%2Ftags&post=234758"}],"curies":[{"name":"wp","href":"https:\/\/api.w.org\/{rel}","templated":true}]}}