{"id":234755,"date":"2026-05-01T22:09:54","date_gmt":"2026-05-02T01:09:54","guid":{"rendered":"https:\/\/radioacuariofm.com.ar\/?p=234755"},"modified":"2026-05-01T22:09:55","modified_gmt":"2026-05-02T01:09:55","slug":"trump-impuso-nuevas-sanciones-destinadas-a-asfixiar-el-regimen-de-cuba","status":"publish","type":"post","link":"https:\/\/radioacuariofm.com.ar\/?p=234755","title":{"rendered":"Trump impuso nuevas sanciones destinadas a asfixiar el r\u00e9gimen de Cuba"},"content":{"rendered":"<p> <br \/>\n<\/p>\n<div>\n<p class=\"com-paragraph  --capital --s\">WASHINGTON.\u2013 El presidente de Estados Unidos,<strong> Donald Trump<\/strong>, orden\u00f3 el viernes imponer nuevas sanciones destinadas a asfixiar al gobierno de Cuba, que este 1\u00b0 de mayo convoc\u00f3 a una manifestaci\u00f3n para <strong>\u201cdefender la patria\u201d y denunciar las amenazas de agresi\u00f3n militar estadounidense<\/strong>.<\/p>\n<div class=\"content-media\">\n<section role=\"button\" class=\"mod-media   \">\n<figure role=\"button\" tabindex=\"0\" class=\"mod-figure \"><figcaption class=\"mod-figcaption\"><span class=\"com-text --caption --twoxs\">Manifestantes con la bandera cubana en la marcha convocada por el gobierno en La Habana<\/span><span class=\"com-text --credit --twoxs\">ADALBERTO ROQUE &#8211; AFP<\/span><\/figcaption><\/figure>\n<\/section>\n<\/div>\n<p class=\"com-paragraph   --s\">El presidente norteamericano considera que la isla comunista, ubicada a 150 kil\u00f3metros de la costa de Florida, sigue representando una<strong> \u201camenaza extraordinaria\u201d <\/strong>para la seguridad nacional de Estados Unidos.<\/p>\n<p class=\"com-paragraph   --s\">Las nuevas sanciones, detalladas en un decreto presidencial y destinadas a aumentar la presi\u00f3n sobre La Habana en medio de su crisis econ\u00f3mica, se dirigen <strong>espec\u00edficamente a los bancos extranjeros que colaboran con el gobierno cubano, e imponen restricciones migratorias.<\/strong><\/p>\n<div class=\"content-media\">\n<section role=\"button\" class=\"mod-media   \">\n<figure role=\"button\" tabindex=\"0\" class=\"mod-figure \"><figcaption class=\"mod-figcaption\"><span class=\"com-text --caption --twoxs\">El presidente de Cuba, Miguel D\u00edaz-Canel (segundo desde la izquierda), el expresidente Ra\u00fal Castro (centro) y el exvicepresidente Jos\u00e9 Ram\u00f3n Machado Ventura (segundo desde la derecha) asisten a una manifestaci\u00f3n del Primero de Mayo con motivo del D\u00eda Internacional de los Trabajadores en La Habana, el 1 de mayo de 2026.<\/span><span class=\"com-text --credit --twoxs\">YAMIL LAGE &#8211; AFP<\/span><\/figcaption><\/figure>\n<\/section>\n<\/div>\n<p class=\"com-paragraph   --s\">En este decreto, Trump aplica sanciones a<strong> personas y entidades involucradas en los sectores energ\u00e9tico, minero y otros de la isla<\/strong>, as\u00ed como a cualquier persona declarada culpable de <strong>\u201cgraves violaciones de los derechos humanos\u201d. <\/strong>Pero no especifica qu\u00e9 personas o entidades en particular se ven afectadas por las sanciones.<\/p>\n<p class=\"com-paragraph   --s\">Adem\u00e1s del embargo vigente desde 1962, Washington, que no oculta su deseo de un cambio de r\u00e9gimen en La Habana, impuso en enero <strong>un bloqueo petrolero a Cuba<\/strong>, permitiendo la entrada al pa\u00eds \u00fanicamente a un buque cargado con crudo ruso.<\/p>\n<div class=\"content-media\">\n<section role=\"button\" class=\"mod-media   \">\n<figure role=\"button\" tabindex=\"0\" class=\"mod-figure \"><figcaption class=\"mod-figcaption\"><span class=\"com-text --caption --twoxs\">Manifestantes en la marcha por el 1\u00b0 de Mayo en La Habana<\/span><span class=\"com-text --credit --twoxs\">ADALBERTO ROQUE &#8211; AFP<\/span><\/figcaption><\/figure>\n<\/section>\n<\/div>\n<p class=\"com-paragraph   --s\">El anuncio de nuevas sanciones se produce el D\u00eda de los Trabajadores, jornada que Cuba celebr\u00f3 con un desfile frente a la embajada estadounidense en La Habana, al que asistieron el l\u00edder revolucionario <strong>Ra\u00fal Castro<\/strong>, de 94 a\u00f1os, y el presidente <strong>Miguel D\u00edaz-Canel.<\/strong><\/p>\n<p class=\"com-paragraph   --s\">El canciller <strong>Bruno Rodr\u00edguez<\/strong> denunci\u00f3 las nuevas sanciones. \u201cEl gobierno de Estados Unidos se alarma y responde con <strong>nuevas medidas coercitivas unilaterales ilegales y abusivas contra Cuba<\/strong>\u201d, escribi\u00f3 Rodr\u00edguez en un mensaje en X en el que aludi\u00f3 a la manifestaci\u00f3n por el 1 de Mayo.<\/p>\n<p class=\"com-paragraph   --s\">El d\u00eda anterior, D\u00edaz-Canel hab\u00eda llamado a los cubanos a movilizarse \u201ccontra el bloqueo genocida y las flagrantes amenazas imperialistas\u201d de Estados Unidos.<\/p>\n<p class=\"com-paragraph   --s\">A pesar de la tensa situaci\u00f3n, ambos pa\u00edses mantienen conversaciones.<\/p>\n<p class=\"com-paragraph   --s\">El 10 de abril se celebraron reuniones diplom\u00e1ticas de alto nivel en La Habana. En esa ocasi\u00f3n, un funcionario estadounidense se reuni\u00f3 con <strong>Ra\u00fal Guillermo Rodr\u00edguez Castro<\/strong>, nieto de Ra\u00fal Castro.<\/p>\n<div class=\"content-media\">\n<section role=\"button\" class=\"mod-media   \">\n<figure role=\"button\" tabindex=\"0\" class=\"mod-figure \"><figcaption class=\"mod-figcaption\"><span class=\"com-text --caption --twoxs\">Fuentes del gobierno estadounidense explicaron que Marco Rubio sostiene intercambios secretos con Ra\u00fal Guillermo Rodr\u00edguez Castro<\/span><\/figcaption><\/figure>\n<\/section>\n<\/div>\n<p class=\"com-paragraph   --s\">Bajo el lema \u201cdefendemos la patria\u201d, el gobierno convoc\u00f3 a empleados de empresas estatales, funcionarios p\u00fablicos y miembros del Partido Comunista de Cuba (PCC, \u00fanico) a congregarse al amanecer en una plaza del Malec\u00f3n, frente a la embajada estadounidense, en lo que se denomin\u00f3 \u201cplataforma antiimperialista\u201d.<\/p>\n<p class=\"com-paragraph   --s\">Las autoridades afirmaron que participaron varios cientos de miles de personas.<\/p>\n<p class=\"com-paragraph   --s\">Ya sumida en una profunda crisis debido a los efectos combinados del endurecimiento de las sanciones estadounidenses durante el primer mandato de Trump (2017-2021), las debilidades estructurales de su econom\u00eda y una reforma monetaria fallida,<strong> la isla de 9,6 millones de habitantes ha visto su actividad pr\u00e1cticamente paralizada desde finales de enero<\/strong>.<\/p>\n<div class=\"content-media\">\n<section role=\"button\" class=\"mod-media   \">\n<figure role=\"button\" tabindex=\"0\" class=\"mod-figure \"><figcaption class=\"mod-figcaption\"><span class=\"com-text --caption --twoxs\">Manifestantes marchan para conmemorar el D\u00eda del Trabajo en el Tribunal Antiimperialista frente a la Embajada de Estados Unidos en La Habana, el 1 de mayo de 2026.<\/span><span class=\"com-text --credit --twoxs\">ADALBERTO ROQUE &#8211; AFP<\/span><\/figcaption><\/figure>\n<\/section>\n<\/div>\n<p class=\"com-paragraph   --s\"><strong>El turismo, una importante fuente de divisas del pa\u00eds, se ha desplomado<\/strong> a la mitad desde principios de a\u00f1o;<strong> la producci\u00f3n de n\u00edquel y cobalto se ha detenido por completo, mientras que el sector tabacalero, otra industria exportadora, sufre escasez de combustible<\/strong>.<\/p>\n<p class=\"com-paragraph   --s\">\u201cFrente a tant\u00edsimas limitaciones que buscan ahogar y rendirnos ante amenazas irracionales de guerra y muerte, este primero de mayo confirma que (&#8230;) resistimos\u201d y \u201cvencemos\u201d, declar\u00f3 el dirigente de la central sindical de trabajadores de Cuba, <strong>Osnay Miguel Colina.<\/strong><\/p>\n<p class=\"com-paragraph   --s\">\u201cLa respuesta del pueblo fue contundente, justo frente a la embajada de Estados Unidos\u201d, declar\u00f3 a la agencia AFP<strong> L\u00eddice Guridis<\/strong>, una empleada de 42 a\u00f1os.<\/p>\n<p class=\"com-paragraph   --s\">Durante la concentraci\u00f3n, el gobierno afirm\u00f3 haber recolectado en las \u00faltimas semanas <strong>m\u00e1s de seis millones de firmas de cubanos \u201cpor la patria y por la paz\u201d<\/strong>, cuya compilaci\u00f3n simb\u00f3lica fue entregada a Ra\u00fal Castro y a D\u00edaz-Canel.<\/p>\n<div class=\"content-media\">\n<section role=\"button\" class=\"mod-media   \">\n<figure role=\"button\" tabindex=\"0\" class=\"mod-figure \"><figcaption class=\"mod-figcaption\"><span class=\"com-text --caption --twoxs\">El presidente de Cuba, Miguel D\u00edaz-Canel, alza un cartel con el n\u00famero de firmas cubanas que expresan su compromiso con la patria y la defensa de la soberan\u00eda nacional, frente al bloqueo estadounidense y a favor de la paz, durante las celebraciones del Primero de Mayo, D\u00eda Internacional de los Trabajadores, en La Habana, el 1 de mayo de 2026.<\/span><span class=\"com-text --credit --twoxs\">YAMIL LAGE &#8211; AFP<\/span><\/figcaption><\/figure>\n<\/section>\n<\/div>\n<p class=\"com-paragraph   --s\">No obstante, opositores cuestionan las condiciones en que se recogieron algunas de estas firmas.<\/p>\n<p class=\"com-paragraph   --s\">Miles de cubanos tambi\u00e9n se concentraron en las principales ciudades del pa\u00eds, seg\u00fan im\u00e1genes difundidas por la televisi\u00f3n estatal.<\/p>\n<p class=\"com-paragraph   --s\"><strong>Agencias AFP y Reuters<\/strong><\/p>\n<section class=\"container-center-100 mb-40 border border-bottom border-thin border-neutral-light-700\">\n<hr\/>\n<\/section>\n<\/div>\n<p><script id=\"facebookpixel\" defer=\"\" type=\"text\/javascript\">\n        !function(f,b,e,v,n,t,s)\n        {if(f.fbq)return;n=f.fbq=function(){n.callMethod?\n        n.callMethod.apply(n,arguments):n.queue.push(arguments)};\n        if(!f._fbq)f._fbq=n;n.push=n;n.loaded=!0;n.version='2.0';\n        n.queue=[];t=b.createElement(e);t.async=!0;\n        t.src=v;s=b.getElementsByTagName(e)[0];\n        s.parentNode.insertBefore(t,s)}(window, document,'script',\n        'https:\/\/connect.facebook.net\/en_US\/fbevents.js');\n        fbq('init', '492459597522335');\n        fbq('track', 'PageView');\n    <\/script><br \/>\n<br \/><\/p>\n","protected":false},"excerpt":{"rendered":"<p>WASHINGTON.\u2013 El presidente de Estados Unidos, Donald Trump, orden\u00f3 el viernes imponer nuevas sanciones destinadas a asfixiar al gobierno de Cuba, que este 1\u00b0 de mayo convoc\u00f3 a una manifestaci\u00f3n para \u201cdefender la patria\u201d y denunciar las amenazas de agresi\u00f3n militar estadounidense. Manifestantes con la bandera cubana en la marcha convocada por el gobierno en [&hellip;]<\/p>\n","protected":false},"author":2,"featured_media":234756,"comment_status":"closed","ping_status":"closed","sticky":false,"template":"","format":"standard","meta":{"footnotes":""},"categories":[1],"tags":[],"class_list":["post-234755","post","type-post","status-publish","format-standard","has-post-thumbnail","hentry","category-uncategorized"],"_links":{"self":[{"href":"https:\/\/radioacuariofm.com.ar\/index.php?rest_route=\/wp\/v2\/posts\/234755","targetHints":{"allow":["GET"]}}],"collection":[{"href":"https:\/\/radioacuariofm.com.ar\/index.php?rest_route=\/wp\/v2\/posts"}],"about":[{"href":"https:\/\/radioacuariofm.com.ar\/index.php?rest_route=\/wp\/v2\/types\/post"}],"author":[{"embeddable":true,"href":"https:\/\/radioacuariofm.com.ar\/index.php?rest_route=\/wp\/v2\/users\/2"}],"replies":[{"embeddable":true,"href":"https:\/\/radioacuariofm.com.ar\/index.php?rest_route=%2Fwp%2Fv2%2Fcomments&post=234755"}],"version-history":[{"count":1,"href":"https:\/\/radioacuariofm.com.ar\/index.php?rest_route=\/wp\/v2\/posts\/234755\/revisions"}],"predecessor-version":[{"id":234757,"href":"https:\/\/radioacuariofm.com.ar\/index.php?rest_route=\/wp\/v2\/posts\/234755\/revisions\/234757"}],"wp:featuredmedia":[{"embeddable":true,"href":"https:\/\/radioacuariofm.com.ar\/index.php?rest_route=\/wp\/v2\/media\/234756"}],"wp:attachment":[{"href":"https:\/\/radioacuariofm.com.ar\/index.php?rest_route=%2Fwp%2Fv2%2Fmedia&parent=234755"}],"wp:term":[{"taxonomy":"category","embeddable":true,"href":"https:\/\/radioacuariofm.com.ar\/index.php?rest_route=%2Fwp%2Fv2%2Fcategories&post=234755"},{"taxonomy":"post_tag","embeddable":true,"href":"https:\/\/radioacuariofm.com.ar\/index.php?rest_route=%2Fwp%2Fv2%2Ftags&post=234755"}],"curies":[{"name":"wp","href":"https:\/\/api.w.org\/{rel}","templated":true}]}}