{"id":234752,"date":"2026-05-01T21:08:55","date_gmt":"2026-05-02T00:08:55","guid":{"rendered":"https:\/\/radioacuariofm.com.ar\/?p=234752"},"modified":"2026-05-01T21:08:56","modified_gmt":"2026-05-02T00:08:56","slug":"reino-unido-elevo-su-nivel-de-alerta-ante-un-posible-ataque-terrorista-altamente-probable","status":"publish","type":"post","link":"https:\/\/radioacuariofm.com.ar\/?p=234752","title":{"rendered":"Reino Unido elev\u00f3 su nivel de alerta ante un posible ataque terrorista: \u201cAltamente probable\u201d"},"content":{"rendered":"<p> <br \/>\n<\/p>\n<div>\n<p class=\"com-paragraph  --capital --s\">LONDRES.- El gobierno de Reino Unido elev\u00f3 el nivel de alerta a \u201c<strong>grave<\/strong>\u201d frente a la posibilidad de un <strong>ataque terrorista<\/strong>. Acto seguido, la<strong> embajada de Estados Unidos<\/strong> en Londres replic\u00f3 la advertencia. <\/p>\n<p class=\"com-paragraph   --s\">La embajada norteamericana lo comunic\u00f3 horas despu\u00e9s de que funcionarios del gobierno brit\u00e1nico dijeran que hab\u00edan elevando la amenaza de terrorismo nacional a su segundo nivel m\u00e1s alto.<\/p>\n<p class=\"com-paragraph   --s\">Por este motivo, las autoridades estadounidenses en ese territorio instaron a sus conciudadanos a permanecer alerta en lugares p\u00fablicos, mantener un perfil bajo y revisar sus planes de seguridad personal.<\/p>\n<p class=\"com-paragraph   --s\">\u201cEl jueves, el gobierno del Reino Unido elev\u00f3 su nivel de alerta terrorista nacional a \u2018grave\u2019, lo que significa que un ataque es altamente probable\u201d, explic\u00f3 la embajada de EE.UU. en un <a href=\"https:\/\/uk.usembassy.gov\/security-alert-us-embassy-london-may-1-2026\/\" target=\"_blank\" title=\"https:\/\/uk.usembassy.gov\/security-alert-us-embassy-london-may-1-2026\/\" class=\"com-link break-word\" data-mrf-recirculation=\"n_link_parrafo\" rel=\"nofollow\">comunicado<\/a>. \u201c<strong>El reciente aumento se debe al incremento de amenazas islamistas y de extrema derecha en el Reino Unido<\/strong>\u201d, agrega el texto.<\/p>\n<p class=\"com-paragraph   --s\">El nivel de amenaza pas\u00f3 de \u201csustancial\u201d a \u201cgrave\u201d tras un ataque antisemita con arma blanca ocurrido a principios de esta semana en el norte de Londres. Indica que es muy probable que se produzca un ataque extremista en los pr\u00f3ximos seis meses.<\/p>\n<p class=\"com-paragraph   --s\">El ataque que motiv\u00f3 el nuevo nivel de alerta ocurri\u00f3 este mi\u00e9rcoles a la ma\u00f1ana, cuando un hombre, identificado como <strong>Essa Suleiman<\/strong>, de 45 a\u00f1os, atac\u00f3 con un cuchillo a otros dos (Shloime Rand, de 34 a\u00f1os, y Moshe Shine, de 76), que resultaron heridos y debieron ser hospitalizados. <\/p>\n<p class=\"com-paragraph   --s\">El hecho tuvo lugar en Highfield Avenue, en la zona de <strong>Golders Green<\/strong>, al noroeste de Londres, seg\u00fan inform\u00f3 <a href=\"https:\/\/www.theguardian.com\/uk-news\/2026\/may\/01\/essa-suleiman-charged-with-attempted-murder-in-connection-with-golders-green-attack\" target=\"_blank\" title=\"https:\/\/www.theguardian.com\/uk-news\/2026\/may\/01\/essa-suleiman-charged-with-attempted-murder-in-connection-with-golders-green-attack\" class=\"com-link break-word\" data-mrf-recirculation=\"n_link_parrafo\" rel=\"nofollow\"><em>The Guardian.<\/em><\/a><\/p>\n<p class=\"com-paragraph   --s\">La polic\u00eda metropolitana de Londres calific\u00f3 el hecho como un ataque antisemita, dado que las v\u00edctimas pertenec\u00edan a la comunidad jud\u00eda local. El atacante, que fue detenido, enfrenta tres cargos de intento de asesinato y un cargo de posesi\u00f3n de un arma blanca en un lugar p\u00fablico.<\/p>\n<p class=\"com-paragraph   --s\"><em><strong>Con informaci\u00f3n de Reuters.<\/strong><\/em><\/p>\n<p class=\"com-paragraph   --s\"><em>Noticia en desarrollo.<\/em><\/p>\n<section class=\"container-center-100 mb-40 border border-bottom border-thin border-neutral-light-700\">\n<hr\/>\n<\/section>\n<\/div>\n<p><script id=\"facebookpixel\" defer=\"\" type=\"text\/javascript\">\n        !function(f,b,e,v,n,t,s)\n        {if(f.fbq)return;n=f.fbq=function(){n.callMethod?\n        n.callMethod.apply(n,arguments):n.queue.push(arguments)};\n        if(!f._fbq)f._fbq=n;n.push=n;n.loaded=!0;n.version='2.0';\n        n.queue=[];t=b.createElement(e);t.async=!0;\n        t.src=v;s=b.getElementsByTagName(e)[0];\n        s.parentNode.insertBefore(t,s)}(window, document,'script',\n        'https:\/\/connect.facebook.net\/en_US\/fbevents.js');\n        fbq('init', '492459597522335');\n        fbq('track', 'PageView');\n    <\/script><br \/>\n<br \/><\/p>\n","protected":false},"excerpt":{"rendered":"<p>LONDRES.- El gobierno de Reino Unido elev\u00f3 el nivel de alerta a \u201cgrave\u201d frente a la posibilidad de un ataque terrorista. Acto seguido, la embajada de Estados Unidos en Londres replic\u00f3 la advertencia. La embajada norteamericana lo comunic\u00f3 horas despu\u00e9s de que funcionarios del gobierno brit\u00e1nico dijeran que hab\u00edan elevando la amenaza de terrorismo nacional [&hellip;]<\/p>\n","protected":false},"author":2,"featured_media":234753,"comment_status":"closed","ping_status":"closed","sticky":false,"template":"","format":"standard","meta":{"footnotes":""},"categories":[1],"tags":[],"class_list":["post-234752","post","type-post","status-publish","format-standard","has-post-thumbnail","hentry","category-uncategorized"],"_links":{"self":[{"href":"https:\/\/radioacuariofm.com.ar\/index.php?rest_route=\/wp\/v2\/posts\/234752","targetHints":{"allow":["GET"]}}],"collection":[{"href":"https:\/\/radioacuariofm.com.ar\/index.php?rest_route=\/wp\/v2\/posts"}],"about":[{"href":"https:\/\/radioacuariofm.com.ar\/index.php?rest_route=\/wp\/v2\/types\/post"}],"author":[{"embeddable":true,"href":"https:\/\/radioacuariofm.com.ar\/index.php?rest_route=\/wp\/v2\/users\/2"}],"replies":[{"embeddable":true,"href":"https:\/\/radioacuariofm.com.ar\/index.php?rest_route=%2Fwp%2Fv2%2Fcomments&post=234752"}],"version-history":[{"count":1,"href":"https:\/\/radioacuariofm.com.ar\/index.php?rest_route=\/wp\/v2\/posts\/234752\/revisions"}],"predecessor-version":[{"id":234754,"href":"https:\/\/radioacuariofm.com.ar\/index.php?rest_route=\/wp\/v2\/posts\/234752\/revisions\/234754"}],"wp:featuredmedia":[{"embeddable":true,"href":"https:\/\/radioacuariofm.com.ar\/index.php?rest_route=\/wp\/v2\/media\/234753"}],"wp:attachment":[{"href":"https:\/\/radioacuariofm.com.ar\/index.php?rest_route=%2Fwp%2Fv2%2Fmedia&parent=234752"}],"wp:term":[{"taxonomy":"category","embeddable":true,"href":"https:\/\/radioacuariofm.com.ar\/index.php?rest_route=%2Fwp%2Fv2%2Fcategories&post=234752"},{"taxonomy":"post_tag","embeddable":true,"href":"https:\/\/radioacuariofm.com.ar\/index.php?rest_route=%2Fwp%2Fv2%2Ftags&post=234752"}],"curies":[{"name":"wp","href":"https:\/\/api.w.org\/{rel}","templated":true}]}}