{"id":234746,"date":"2026-05-01T19:06:53","date_gmt":"2026-05-01T22:06:53","guid":{"rendered":"https:\/\/radioacuariofm.com.ar\/?p=234746"},"modified":"2026-05-01T19:06:54","modified_gmt":"2026-05-01T22:06:54","slug":"indagaran-a-un-extremista-de-ultraderecha-en-la-haya-por-planear-un-ataque-contra-dos-hijas-de-maxima-de-holanda","status":"publish","type":"post","link":"https:\/\/radioacuariofm.com.ar\/?p=234746","title":{"rendered":"Indagar\u00e1n a un extremista de ultraderecha en La Haya por planear un ataque contra dos hijas de M\u00e1xima de Holanda"},"content":{"rendered":"<p> <br \/>\n<\/p>\n<div>\n<p class=\"com-paragraph  --capital --s\">AMSTERDAM.- Un presunto extremista de ultraderecha de 33 a\u00f1os comparecer\u00e1 ante el tribunal la pr\u00f3xima semana tras ser detenido bajo sospecha de planear un ataque contra <strong>la princesa Amalia, de 22 a\u00f1os, heredera al trono holand\u00e9s, y a su hermana, la princesa Alexia, de 20 a\u00f1os<\/strong>, segunda en la l\u00ednea de sucesi\u00f3n, seg\u00fan informaron los fiscales el viernes.<\/p>\n<p class=\"com-paragraph   --s\">No qued\u00f3 claro d\u00f3nde ni cu\u00e1ndo fue arrestado el sospechoso, y tampoco se revel\u00f3 su nombre, seg\u00fan las normas de privacidad holandesas.<\/p>\n<p class=\"com-paragraph   --s\">Supuestamente, al sospechoso se le encontraron dos hachas con las palabras <strong>\u201cAlexia\u201d, \u201cMossad\u201d <\/strong>(que es la agencia de inteligencia de Israel) y el saludo nazi <strong>\u201cSieg Heil\u201d <\/strong>grabados en ellas.<\/p>\n<p class=\"com-paragraph   --s\">Seg\u00fan revelaron las autoridades holandesas, tambi\u00e9n se inform\u00f3 que, cuando fue arrestado en La Haya en febrero, ten\u00eda una nota manuscrita con las palabras <strong>\u201cAmalia\u201d, \u201cAlexia\u201d y \u201cba\u00f1o de sangre\u201d.<\/strong><\/p>\n<p class=\"com-paragraph   --s\">El sospechoso comparecer\u00e1 ante un tribunal en una audiencia preliminar el lunes por la ma\u00f1ana, antes de una fecha posterior en el juzgado de La Haya.<\/p>\n<p class=\"com-paragraph   --s\">Las autoridades a\u00fan no han revelado un posible m\u00f3vil.<\/p>\n<p class=\"com-paragraph   --s\">El rey Guillermo Alejandro de Holanda y la reina M\u00e1xima tienen tres hijas. La menor es la princesa <strong>Ariane, que tiene 19 a\u00f1os.<\/strong><\/p>\n<p class=\"com-paragraph   --s\">A pesar de las amenazas,<a href=\"https:\/\/www.lanacion.com.ar\/el-mundo\/guillermo-alejandro-de-los-paises-bajos-celebro-sus-59-anos-y-maxima-dio-una-leccion-de-estilo-con-nid27042026\/\" target=\"_self\" title=\"https:\/\/www.lanacion.com.ar\/el-mundo\/guillermo-alejandro-de-los-paises-bajos-celebro-sus-59-anos-y-maxima-dio-una-leccion-de-estilo-con-nid27042026\/\" class=\"com-link break-word\" data-mrf-recirculation=\"n_link_parrafo\"> la familia real celebr\u00f3 el D\u00eda del Rey el pasado lunes asistiendo a una fiesta callejera<\/a>, saludando al p\u00fablico y patinando sobre hielo. El D\u00eda del Rey es una fiesta nacional anual que conmemora el nacimiento del monarca neerland\u00e9s, quien cumpli\u00f3 59 a\u00f1os.<\/p>\n<div class=\"content-media\">\n<section role=\"button\" class=\"mod-media   \">\n<figure role=\"button\" tabindex=\"0\" class=\"mod-figure \"><figcaption class=\"mod-figcaption\"><span class=\"com-text --caption --twoxs\">La princesa Ariane de los Pa\u00edses Bajos, la princesa Amalia de los Pa\u00edses Bajos, la reina M\u00e1xima de los Pa\u00edses Bajos y la princesa Alexia de los Pa\u00edses Bajos durante las celebraciones del D\u00eda del Rey el 27 de abril de 2026 en Dokkum, Pa\u00edses Bajos.<\/span><span class=\"com-text --credit --twoxs\">Patrick van Katwijk &#8211; Getty Images Europe<\/span><\/figcaption><\/figure>\n<\/section>\n<\/div>\n<p class=\"com-paragraph   --s\">No es la primera vez que la princesa heredera se enfrenta a temores sobre su seguridad.<\/p>\n<p class=\"com-paragraph   --s\">En 2020, la princesa Amalia se ocult\u00f3 despu\u00e9s de que un hombre la amenazara con violaci\u00f3n y violencia en una serie de mensajes.<\/p>\n<p class=\"com-paragraph   --s\">Dos a\u00f1os despu\u00e9s, se vio obligada<a href=\"https:\/\/www.lanacion.com.ar\/el-mundo\/que-hay-detras-de-la-amenaza-a-la-princesa-amalia-y-lo-que-advierten-los-expertos-holandeses-nid14102022\/\" target=\"_self\" title=\"https:\/\/www.lanacion.com.ar\/el-mundo\/que-hay-detras-de-la-amenaza-a-la-princesa-amalia-y-lo-que-advierten-los-expertos-holandeses-nid14102022\/\" class=\"com-link break-word\" data-mrf-recirculation=\"n_link_parrafo\"> a abandonar su residencia estudiantil en \u00c1msterdam debido a la preocupaci\u00f3n por su seguridad y a regresar al palacio real de La Haya<\/a>, fuertemente custodiado.<\/p>\n<p class=\"com-paragraph   --s\"><strong>\u201cNo puede vivir en \u00c1msterdam y pr\u00e1cticamente no puede salir [del palacio]. Esto tiene enormes consecuencias para su vida\u201d<\/strong>, declar\u00f3 la reina M\u00e1xima en aquel momento.<\/p>\n<p class=\"com-paragraph   --s\">La princesa Catalina Amalia, que habla espa\u00f1ol con fluidez, sali\u00f3 del pa\u00eds para vivir en Madrid durante un a\u00f1o ante el temor de ser blanco de un secuestro por parte de uno de los carteles de la droga m\u00e1s peligrosos de Europa.<\/p>\n<p class=\"com-paragraph   --s\">Ella y <strong>Mark Rutte<\/strong>, el entonces primer ministro holand\u00e9s, hab\u00edan sido mencionados en comunicaciones interceptadas entre miembros de la banda, lo que indicaba que podr\u00edan ser un objetivo.<\/p>\n<p class=\"com-paragraph   --s\">Seg\u00fan los informes, Ridouan Taghi, el narcotraficante m\u00e1s poderoso de Europa, neg\u00f3 cualquier complot contra la princesa antes de ser condenado a cadena perpetua por cinco asesinatos en el \u201cJuicio de Marengo\u201d de 2024.<\/p>\n<p class=\"com-paragraph   --s\">Se cree que , antes de ser sentenciado, Taghi orden\u00f3 tres asesinatos relacionados con su juicio, entre ellos el de un abogado, un periodista de televisi\u00f3n y el hermano de un testigo de la fiscal\u00eda.<\/p>\n<p class=\"com-paragraph   --s\">Los asesinatos entre bandas criminales suscitaron temores de que Taghi siguiera dirigiendo su imperio delictivo desde la c\u00e1rcel y de que los Pa\u00edses Bajos se hubieran convertido en un <strong>\u201cnarcoestado\u201d <\/strong>con bandas que libraban una guerra contra el Estado.<\/p>\n<p class=\"com-paragraph   --s\">La princesa Catalina Amalia, tambi\u00e9n conocida como <strong>princesa de Orange<\/strong>, finalmente pudo regresar a los Pa\u00edses Bajos en 2024 despu\u00e9s de que se tomaran medidas no especificadas para su seguridad.<\/p>\n<p class=\"com-paragraph   --s\">\u201cEcho de menos la vida normal, la vida de estudiante. Caminar por las calles, ir a una tienda\u201d, dijo la princesa tras su regreso.<\/p>\n<p class=\"com-paragraph   --s\"><strong>Agencias AFP y AP<\/strong><\/p>\n<section class=\"container-center-100 mb-40 border border-bottom border-thin border-neutral-light-700\">\n<hr\/>\n<\/section>\n<\/div>\n<p><script id=\"facebookpixel\" defer=\"\" type=\"text\/javascript\">\n        !function(f,b,e,v,n,t,s)\n        {if(f.fbq)return;n=f.fbq=function(){n.callMethod?\n        n.callMethod.apply(n,arguments):n.queue.push(arguments)};\n        if(!f._fbq)f._fbq=n;n.push=n;n.loaded=!0;n.version='2.0';\n        n.queue=[];t=b.createElement(e);t.async=!0;\n        t.src=v;s=b.getElementsByTagName(e)[0];\n        s.parentNode.insertBefore(t,s)}(window, document,'script',\n        'https:\/\/connect.facebook.net\/en_US\/fbevents.js');\n        fbq('init', '492459597522335');\n        fbq('track', 'PageView');\n    <\/script><br \/>\n<br \/><\/p>\n","protected":false},"excerpt":{"rendered":"<p>AMSTERDAM.- Un presunto extremista de ultraderecha de 33 a\u00f1os comparecer\u00e1 ante el tribunal la pr\u00f3xima semana tras ser detenido bajo sospecha de planear un ataque contra la princesa Amalia, de 22 a\u00f1os, heredera al trono holand\u00e9s, y a su hermana, la princesa Alexia, de 20 a\u00f1os, segunda en la l\u00ednea de sucesi\u00f3n, seg\u00fan informaron los [&hellip;]<\/p>\n","protected":false},"author":2,"featured_media":234747,"comment_status":"closed","ping_status":"closed","sticky":false,"template":"","format":"standard","meta":{"footnotes":""},"categories":[1],"tags":[],"class_list":["post-234746","post","type-post","status-publish","format-standard","has-post-thumbnail","hentry","category-uncategorized"],"_links":{"self":[{"href":"https:\/\/radioacuariofm.com.ar\/index.php?rest_route=\/wp\/v2\/posts\/234746","targetHints":{"allow":["GET"]}}],"collection":[{"href":"https:\/\/radioacuariofm.com.ar\/index.php?rest_route=\/wp\/v2\/posts"}],"about":[{"href":"https:\/\/radioacuariofm.com.ar\/index.php?rest_route=\/wp\/v2\/types\/post"}],"author":[{"embeddable":true,"href":"https:\/\/radioacuariofm.com.ar\/index.php?rest_route=\/wp\/v2\/users\/2"}],"replies":[{"embeddable":true,"href":"https:\/\/radioacuariofm.com.ar\/index.php?rest_route=%2Fwp%2Fv2%2Fcomments&post=234746"}],"version-history":[{"count":1,"href":"https:\/\/radioacuariofm.com.ar\/index.php?rest_route=\/wp\/v2\/posts\/234746\/revisions"}],"predecessor-version":[{"id":234748,"href":"https:\/\/radioacuariofm.com.ar\/index.php?rest_route=\/wp\/v2\/posts\/234746\/revisions\/234748"}],"wp:featuredmedia":[{"embeddable":true,"href":"https:\/\/radioacuariofm.com.ar\/index.php?rest_route=\/wp\/v2\/media\/234747"}],"wp:attachment":[{"href":"https:\/\/radioacuariofm.com.ar\/index.php?rest_route=%2Fwp%2Fv2%2Fmedia&parent=234746"}],"wp:term":[{"taxonomy":"category","embeddable":true,"href":"https:\/\/radioacuariofm.com.ar\/index.php?rest_route=%2Fwp%2Fv2%2Fcategories&post=234746"},{"taxonomy":"post_tag","embeddable":true,"href":"https:\/\/radioacuariofm.com.ar\/index.php?rest_route=%2Fwp%2Fv2%2Ftags&post=234746"}],"curies":[{"name":"wp","href":"https:\/\/api.w.org\/{rel}","templated":true}]}}