{"id":234743,"date":"2026-05-01T18:06:00","date_gmt":"2026-05-01T21:06:00","guid":{"rendered":"https:\/\/radioacuariofm.com.ar\/?p=234743"},"modified":"2026-05-01T18:06:02","modified_gmt":"2026-05-01T21:06:02","slug":"israel-libera-a-parte-de-los-activistas-que-viajaban-a-gaza-pero-retiene-a-dos-para-interrogarlos","status":"publish","type":"post","link":"https:\/\/radioacuariofm.com.ar\/?p=234743","title":{"rendered":"Israel libera a parte de los activistas que viajaban a Gaza, pero retiene a dos para interrogarlos"},"content":{"rendered":"<p> <br \/>\n<\/p>\n<div>\n<p class=\"com-paragraph  --capital --s\">CRETA.- Ante la creciente condena internacional desatada tras la captura por parte de <strong>Israel <\/strong>de una<strong> flotilla humanitaria<\/strong> que se dirig\u00eda a <strong>Gaza, Tel Aviv <\/strong>confirm\u00f3 <strong>la liberaci\u00f3n de cientos de activistas detenidos en aguas internacionales cerca de Grecia, <\/strong>si bien <strong>advirti\u00f3 que retuvo a dos de ellos para interrogarlos en su territorio. <\/strong><\/p>\n<p class=\"com-paragraph   --s\">Los activistas, <strong>Saif Abukeshek <\/strong>-que tiene doble nacionalidad espa\u00f1ola y palestina- y el brasile\u00f1o<strong> Thiago \u00c1vila, <\/strong>estaban entre las decenas de personas interceptada por la marina israel\u00ed frente a la costa de la isla griega de Creta. Forman parte del comit\u00e9 directivo de la<strong> <\/strong><a href=\"https:\/\/www.lanacion.com.ar\/el-mundo\/israel-intercepto-otra-flotilla-con-ayuda-humanitaria-a-gaza-y-provoco-una-inesperada-reaccion-de-nid30042026\/\" target=\"_self\" title=\"https:\/\/www.lanacion.com.ar\/el-mundo\/israel-intercepto-otra-flotilla-con-ayuda-humanitaria-a-gaza-y-provoco-una-inesperada-reaccion-de-nid30042026\/\" class=\"com-link break-word\" data-mrf-recirculation=\"n_link_parrafo\"><strong>Global Sumud Flotilla,<\/strong> <\/a>cuya misi\u00f3n era romper el bloqueo israel\u00ed y llevar algo de ayuda humanitaria al sitiado enclave costero palestino.<\/p>\n<p class=\"com-paragraph   --s\">En total, las autoridades israel\u00edes interceptaron el miercol\u00e9s por la noche a unas 20 embarcaciones y a 175 personas, pertenecientes a la <strong>nueva misi\u00f3n humanitaria de la Global Samud Flotilla,<\/strong> lo que suscit\u00f3 un amplia condena por parte de la comunidad internacional. Los activistas se\u00f1alaron que fuerzas israel\u00edes abordaron sus barcos, destrozaron motores y detuvieron a algunas de las personas que estaban a bordo. <\/p>\n<p class=\"com-paragraph   --s\">En medio de la presi\u00f3n global, Israel anunci\u00f3 que la mayor\u00eda de los activistas fueron trasladados este viernes a embarcaciones griegas, y que fueron llevados a la isla de Creta, donde les esperaban camiones y una ambulancia. <\/p>\n<p class=\"com-paragraph   --s\">Los activistas, escoltados por guardacostas griegos, deb\u00edan dirigirse a Heraklion, la capital de la isla, seg\u00fan la prensa local. <\/p>\n<p class=\"com-paragraph   --s\">Entre los desembarcados en Creta no est\u00e1, de acuerdo con lo anunciado por la canciller\u00eda israel\u00ed, ni el activista brasile\u00f1o Thiago \u00c1vila, miembro del comit\u00e9 organizador de la Flotilla Global Sumud, ni el hispano palestino Saif Abu Keshek.<\/p>\n<div class=\"content-media\">\n<section role=\"button\" class=\"mod-media   \">\n<figure role=\"button\" tabindex=\"0\" class=\"mod-figure \"><figcaption class=\"mod-figcaption\"><span class=\"com-text --caption --twoxs\">En esta imagen, tomada de un video de c\u00e1maras de seguridad en blanco y negro, puede verse a miembros de la flotilla con las manos en alto mientras autoridades israel\u00edes interceptan la flotilla con la que esperaban llegar a la Franja tras zarpar de Barcelona a principios de mes, cerca de la isla de Creta, en el sur de Grecia, el 30 de abril de 2026. (Global Sumud Flotilla via AP)<\/span><span class=\"com-text --credit --twoxs\">Global Sumud Flotilla<\/span><\/figcaption><\/figure>\n<\/section>\n<\/div>\n<p class=\"com-paragraph   --s\">Desde la organizaci\u00f3n, apuntaron contra las fuerzas israel\u00edes al denunciar por redes sociales que durante el operativo los activistas fueron golpeados con pu\u00f1os, pateados y arrastrados por la cubierta con las manos atadas a la espalda\u201d, sufriendo todo tipo de lesiones. Tambi\u00e9n cuestionaron el accionar de la polic\u00eda local a la acusaron de impedir la libertad del grupo. <\/p>\n<p class=\"com-paragraph   --s\">Asimismo, la flotilla denunci\u00f3 el secuestro de <strong>Abukeshek<\/strong> y \u00c1vila y reclam\u00f3 ante la comunidad internacional su inmediata liberaci\u00f3n. <\/p>\n<p class=\"com-paragraph   --s\">En ese contexto, el ministro de Asuntos Exteriores de Espa\u00f1a, Jos\u00e9 Manuel Albares, dijo que 30 espa\u00f1oles hab\u00edan llegado a Creta, pero que un ciudadano espa\u00f1ol, Saif Abu Keshek, hab\u00eda sido detenido \u201cilegalmente\u201d y estaba siendo trasladado a Israel. \u201cExigimos su liberaci\u00f3n inmediata\u201d, reclam\u00f3 el canciller.<\/p>\n<p class=\"com-paragraph   --s\">En respuesta, el ministerio de Asuntos Exteriores de Israel declar\u00f3 que Abu Keshek era sospechoso de pertenecer a una organizaci\u00f3n terrorista y que, junto con un segundo activista se\u00f1alado por actividades ilegales, ser\u00eda trasladado a Israel para ser interrogado.<\/p>\n<p class=\"com-paragraph   --s\"><strong>\u201cIsrael no permitir\u00e1 que se viole el bloqueo naval legal sobre Gaza\u201d,<\/strong> dijo el Ministerio de Asuntos Exteriores. <\/p>\n<p class=\"com-paragraph   --s\">Los Ministerios de Asuntos Exteriores de Alemania e Italia emitieron un comunicado conjunto en el que afirmaban que segu\u00edan los acontecimientos con \u201cprofunda preocupaci\u00f3n\u201d.<\/p>\n<p class=\"com-paragraph   --s\">Una fuente que pidi\u00f3 no ser identificada afirm\u00f3 que, aunque Israel hab\u00eda interceptado 22 embarcaciones, otras 47 segu\u00edan navegando frente a la costa sur de Creta y ten\u00edan previsto fondear all\u00ed en alg\u00fan momento antes de continuar hacia Gaza. <\/p>\n<p class=\"com-paragraph   --s\">En un comunicado conjunto, una decena de pa\u00edses, entre ellos Espa\u00f1a, Turqu\u00eda y Pakist\u00e1n, denunciaron \u201cviolaciones flagrantes del derecho internacional\u201d por parte de Israel.<\/p>\n<p class=\"com-paragraph   --s\">\u201cIsrael vuelve a violar la legalidad internacional al asaltar una flotilla civil en aguas que no le pertenecen\u201d, apunt\u00f3 el presidente del Gobierno espa\u00f1ol, Pedro S\u00e1nchez.<\/p>\n<p class=\"com-paragraph   --s\">El gobierno estadounidense, en tanto, respald\u00f3 a Israel y critic\u00f3 a los aliados europeos, desde cuyos territorios zarparon los barcos, de apoyar \u201cesta in\u00fatil maniobra pol\u00edtica\u201d.<\/p>\n<p class=\"com-paragraph   --s\">Los activistas de este convoy dec\u00edan querer romper el bloqueo israel\u00ed de la Franja de Gaza y llevar ayuda humanitaria a ese territorio palestino, cuyo acceso sigue fuertemente restringido pese a un fr\u00e1gil alto el fuego entre Israel y el movimiento islamista palestino Ham\u00e1s vigente desde octubre.<\/p>\n<p class=\"com-paragraph   --s\">La canciller\u00eda israel\u00ed tild\u00f3 este viernes de \u201cprovocadores profesionales\u201d a los activistas y de hacer el juego del movimiento islamista Ham\u00e1s. Igualmente asever\u00f3 que \u201cla actividad humanitaria en la Franja de Gaza est\u00e1 siendo gestionada por la Junta de Paz\u201d, un organismo promovido discrecionalmente por el presidente estadounidense Donald Trump, que se arroga funciones de resoluci\u00f3n de conflictos.<\/p>\n<p class=\"com-paragraph   --s\">Los palestinos y los organismos de ayuda internacionales aseguran, que los suministros que llegan a Gaza siguen siendo insuficientes, a pesar del alto el fuego alcanzado en octubre, que inclu\u00eda garant\u00edas de un aumento de la ayuda.<\/p>\n<p class=\"com-paragraph   --s\">Israel, que controla todos los accesos a la Franja de Gaza, niega estar reteniendo suministros destinados a sus residentes.<\/p>\n<p class=\"com-paragraph   --s\"><em><strong>Agencias Reuters y AFP <\/strong><\/em><\/p>\n<section class=\"container-center-100 mb-40 border border-bottom border-thin border-neutral-light-700\">\n<hr\/>\n<\/section>\n<\/div>\n<p><script id=\"facebookpixel\" defer=\"\" type=\"text\/javascript\">\n        !function(f,b,e,v,n,t,s)\n        {if(f.fbq)return;n=f.fbq=function(){n.callMethod?\n        n.callMethod.apply(n,arguments):n.queue.push(arguments)};\n        if(!f._fbq)f._fbq=n;n.push=n;n.loaded=!0;n.version='2.0';\n        n.queue=[];t=b.createElement(e);t.async=!0;\n        t.src=v;s=b.getElementsByTagName(e)[0];\n        s.parentNode.insertBefore(t,s)}(window, document,'script',\n        'https:\/\/connect.facebook.net\/en_US\/fbevents.js');\n        fbq('init', '492459597522335');\n        fbq('track', 'PageView');\n    <\/script><br \/>\n<br \/><\/p>\n","protected":false},"excerpt":{"rendered":"<p>CRETA.- Ante la creciente condena internacional desatada tras la captura por parte de Israel de una flotilla humanitaria que se dirig\u00eda a Gaza, Tel Aviv confirm\u00f3 la liberaci\u00f3n de cientos de activistas detenidos en aguas internacionales cerca de Grecia, si bien advirti\u00f3 que retuvo a dos de ellos para interrogarlos en su territorio. Los activistas, [&hellip;]<\/p>\n","protected":false},"author":2,"featured_media":234744,"comment_status":"closed","ping_status":"closed","sticky":false,"template":"","format":"standard","meta":{"footnotes":""},"categories":[1],"tags":[],"class_list":["post-234743","post","type-post","status-publish","format-standard","has-post-thumbnail","hentry","category-uncategorized"],"_links":{"self":[{"href":"https:\/\/radioacuariofm.com.ar\/index.php?rest_route=\/wp\/v2\/posts\/234743","targetHints":{"allow":["GET"]}}],"collection":[{"href":"https:\/\/radioacuariofm.com.ar\/index.php?rest_route=\/wp\/v2\/posts"}],"about":[{"href":"https:\/\/radioacuariofm.com.ar\/index.php?rest_route=\/wp\/v2\/types\/post"}],"author":[{"embeddable":true,"href":"https:\/\/radioacuariofm.com.ar\/index.php?rest_route=\/wp\/v2\/users\/2"}],"replies":[{"embeddable":true,"href":"https:\/\/radioacuariofm.com.ar\/index.php?rest_route=%2Fwp%2Fv2%2Fcomments&post=234743"}],"version-history":[{"count":1,"href":"https:\/\/radioacuariofm.com.ar\/index.php?rest_route=\/wp\/v2\/posts\/234743\/revisions"}],"predecessor-version":[{"id":234745,"href":"https:\/\/radioacuariofm.com.ar\/index.php?rest_route=\/wp\/v2\/posts\/234743\/revisions\/234745"}],"wp:featuredmedia":[{"embeddable":true,"href":"https:\/\/radioacuariofm.com.ar\/index.php?rest_route=\/wp\/v2\/media\/234744"}],"wp:attachment":[{"href":"https:\/\/radioacuariofm.com.ar\/index.php?rest_route=%2Fwp%2Fv2%2Fmedia&parent=234743"}],"wp:term":[{"taxonomy":"category","embeddable":true,"href":"https:\/\/radioacuariofm.com.ar\/index.php?rest_route=%2Fwp%2Fv2%2Fcategories&post=234743"},{"taxonomy":"post_tag","embeddable":true,"href":"https:\/\/radioacuariofm.com.ar\/index.php?rest_route=%2Fwp%2Fv2%2Ftags&post=234743"}],"curies":[{"name":"wp","href":"https:\/\/api.w.org\/{rel}","templated":true}]}}