{"id":234737,"date":"2026-05-01T17:04:50","date_gmt":"2026-05-01T20:04:50","guid":{"rendered":"https:\/\/radioacuariofm.com.ar\/?p=234737"},"modified":"2026-05-01T17:04:51","modified_gmt":"2026-05-01T20:04:51","slug":"un-hombre-ultraortodoxo-ataco-a-una-monja-francesa-en-jerusalen","status":"publish","type":"post","link":"https:\/\/radioacuariofm.com.ar\/?p=234737","title":{"rendered":"Un hombre ultraortodoxo atac\u00f3 a una monja francesa en Jerusal\u00e9n"},"content":{"rendered":"<p> <br \/>\n<\/p>\n<div>\n<p class=\"com-paragraph  --capital --s\">RAMALLAH, Cisjordania.- La polic\u00eda de Israel report\u00f3 el viernes <strong>la detenci\u00f3n de un hombre de 36 a\u00f1os captado en un video mientras atacaba a una monja<\/strong>, en la \u00faltima agresi\u00f3n a cristianos en la Ciudad Vieja de Jerusal\u00e9n.<\/p>\n<p class=\"com-paragraph   --s\">Las autoridades explicaron que el hombre, cuya identidad no fue revelada, fue arrestado tras el incidente del mi\u00e9rcoles <strong>cerca de la Tumba de David y el Cen\u00e1culo de la \u00daltima Cena<\/strong> -sitios sagrados ubicados fuera de la Puerta de Sion, en el lado sur de la Ciudad Vieja-<strong> \u201ccomo sospechoso de un ataque con motivaci\u00f3n racial\u201d<\/strong>, y permanec\u00eda bajo custodia.<\/p>\n<p class=\"com-paragraph   --s\">El hecho mereci\u00f3 el repudio del canciller italiano, <strong>Antonio Tajani<\/strong>, que en su cuenta de X denunci\u00f3 <strong>\u201cel evidente cuadro de hostilidad hacia la comunidad cristiana en Israel, Gaza, Cisjordania y el sur del L\u00edbano\u201d<\/strong>. <\/p>\n<p class=\"com-paragraph   --s\">Tajani inst\u00f3 al gobierno israel\u00ed a \u201cque <strong>garantice la libertad religiosa<\/strong> y la presencia de los cristianos, quienes siempre han sido defensores de la paz en Medio Oriente\u201d.<\/p>\n<p class=\"com-paragraph   --s\">Las im\u00e1genes de la polic\u00eda israel\u00ed mostraban este viernes a la religiosa con golpes y al agresor con un <em>tzitzit<\/em>, una prenda interior con flecos que usan algunos hombres jud\u00edos practicantes.<\/p>\n<p class=\"com-paragraph   --s\">Olivier Poquillon, director de la escuela b\u00edblica y arqueol\u00f3gica francesa de Jerusal\u00e9n, se\u00f1al\u00f3 que la monja era<strong> investigadora en la instituci\u00f3n<\/strong>. En una publicaci\u00f3n en X, calific\u00f3 el ataque como un <strong>\u201cacto de violencia sectaria\u201d<\/strong>.<\/p>\n<p class=\"com-paragraph   --s\">La Ciudad Vieja, ubicada en Jerusal\u00e9n oriental y anexionada por Israel, es un enclave amurallado de siglos de antig\u00fcedad construido sobre milenios de historia y alberga algunos de los lugares m\u00e1s sagrados para jud\u00edos, cristianos y musulmanes. Es un foco de tensiones, ya que el acceso y la propiedad de esos lugares est\u00e1n profundamente entrelazados con las reivindicaciones hist\u00f3ricas y pol\u00edticas que est\u00e1n en el centro del conflicto palestino-israel\u00ed.<\/p>\n<p class=\"com-paragraph   --s\">Los grupos religiosos han documentado <strong>un aumento de los incidentes de acoso y violencia contra peregrinos y cl\u00e9rigos cristianos<\/strong>, as\u00ed como contra residentes cristianos palestinos, incluyendo agresiones y escupitajos, a menudo cometidos por estudiantes de yeshiv\u00e1 jud\u00edos ultraortodoxos.<\/p>\n<p class=\"com-paragraph   --s\"><strong>Wadie Abunassar<\/strong>, coordinador del Foro Cristiano de Tierra Santa, describi\u00f3 los ataques a cristianos como<strong> un fen\u00f3meno en auge<\/strong>. Atribuy\u00f3 la r\u00e1pida respuesta al incidente con la monja solo al hecho de que qued\u00f3 registrado en un video que se hizo viral.<\/p>\n<p class=\"com-paragraph   --s\">Se\u00f1al\u00f3 que sent\u00eda \u201cgran enojo con el sistema y gran tristeza porque siento que esto no terminar\u00e1 pronto\u201d. Uno de los problemas, afirm\u00f3, era<strong> la falta de disuasi\u00f3n frente a este tipo de violencia.<\/strong><\/p>\n<p class=\"com-paragraph   --s\">\u201cMuchas veces, en estos casos no hay detenciones y, si las hay, a veces<strong> despu\u00e9s de uno o dos d\u00edas (los sospechosos) quedan en libertad<\/strong>\u201d, a\u00f1adi\u00f3. \u201cEn algunos casos, la polic\u00eda no recomienda a la fiscal\u00eda presentar cargos o acusarlos formalmente. Y en otros casos, cuando hay acusaci\u00f3n, la acusaci\u00f3n es leve\u201d.<\/p>\n<p class=\"com-paragraph   --s\">El arresto se produjo en un momento en que el trato que dispensa Israel a las minor\u00edas religiosas est\u00e1 bajo escrutinio, semanas despu\u00e9s de que la polic\u00eda limitara el acceso al culto, en feriados religiosos, a musulmanes y cristianos,<a href=\"https:\/\/www.lanacion.com.ar\/el-mundo\/israel-impidio-celebrar-el-domingo-de-ramos-en-jerusalen-nid29032026\/\" target=\"_self\" title=\"https:\/\/www.lanacion.com.ar\/el-mundo\/israel-impidio-celebrar-el-domingo-de-ramos-en-jerusalen-nid29032026\/\" class=\"com-link break-word\" data-mrf-recirculation=\"n_link_parrafo\"> incluyendo al cardenal <strong>Pierbattista Pizzaballa<\/strong>, patriarca latino.<\/a><\/p>\n<p class=\"com-paragraph   --s\">Israel tambi\u00e9n recibi\u00f3 cr\u00edticas internacionales despu\u00e9s de que <a href=\"https:\/\/www.lanacion.com.ar\/el-mundo\/israel-sanciono-con-arresto-militar-a-los-soldados-que-destruyeron-una-estatua-de-jesus-en-el-sur-nid21042026\/\" target=\"_self\" title=\"https:\/\/www.lanacion.com.ar\/el-mundo\/israel-sanciono-con-arresto-militar-a-los-soldados-que-destruyeron-una-estatua-de-jesus-en-el-sur-nid21042026\/\" class=\"com-link break-word\" data-mrf-recirculation=\"n_link_parrafo\">un soldado se fotografiara tras haber destrozado con un hacha una estatua ca\u00edda de Jes\u00fas en la cruz en el sur de L\u00edbano.<\/a> M\u00e1s tarde, los l\u00edderes israel\u00edes condenaron el incidente y y dijeron que el soldado ser\u00eda sancionado.<\/p>\n<div class=\"content-media\">\n<section role=\"button\" class=\"mod-media   \">\n<figure role=\"button\" tabindex=\"0\" class=\"mod-figure \"><figcaption class=\"mod-figcaption\"><span class=\"com-text --caption --twoxs\">Un soldado israel\u00ed destroza la cabeza de una estatua de Jesucristo durante unas operaciones en el sur del L\u00edbano.<\/span><span class=\"com-text --credit --twoxs\">x\/@ytirawi<\/span><\/figcaption><\/figure>\n<\/section>\n<\/div>\n<p class=\"com-paragraph   --s\">\u201cEn una ciudad sagrada por igual para jud\u00edos, cristianos y musulmanes, seguimos comprometidos con proteger a todas las comunidades y garantizar que los responsables de la violencia rindan cuentas\u201d, se\u00f1al\u00f3 la polic\u00eda israel\u00ed en una publicaci\u00f3n en redes sociales tras la detenci\u00f3n del hombre que agredi\u00f3 a la monja.<\/p>\n<p class=\"com-paragraph   --s\"><strong>Agencia AP<\/strong><\/p>\n<section class=\"container-center-100 mb-40 border border-bottom border-thin border-neutral-light-700\">\n<hr\/>\n<\/section>\n<\/div>\n<p><script id=\"facebookpixel\" defer=\"\" type=\"text\/javascript\">\n        !function(f,b,e,v,n,t,s)\n        {if(f.fbq)return;n=f.fbq=function(){n.callMethod?\n        n.callMethod.apply(n,arguments):n.queue.push(arguments)};\n        if(!f._fbq)f._fbq=n;n.push=n;n.loaded=!0;n.version='2.0';\n        n.queue=[];t=b.createElement(e);t.async=!0;\n        t.src=v;s=b.getElementsByTagName(e)[0];\n        s.parentNode.insertBefore(t,s)}(window, document,'script',\n        'https:\/\/connect.facebook.net\/en_US\/fbevents.js');\n        fbq('init', '492459597522335');\n        fbq('track', 'PageView');\n    <\/script><br \/>\n<br \/><\/p>\n","protected":false},"excerpt":{"rendered":"<p>RAMALLAH, Cisjordania.- La polic\u00eda de Israel report\u00f3 el viernes la detenci\u00f3n de un hombre de 36 a\u00f1os captado en un video mientras atacaba a una monja, en la \u00faltima agresi\u00f3n a cristianos en la Ciudad Vieja de Jerusal\u00e9n. Las autoridades explicaron que el hombre, cuya identidad no fue revelada, fue arrestado tras el incidente del [&hellip;]<\/p>\n","protected":false},"author":2,"featured_media":234738,"comment_status":"closed","ping_status":"closed","sticky":false,"template":"","format":"standard","meta":{"footnotes":""},"categories":[1],"tags":[],"class_list":["post-234737","post","type-post","status-publish","format-standard","has-post-thumbnail","hentry","category-uncategorized"],"_links":{"self":[{"href":"https:\/\/radioacuariofm.com.ar\/index.php?rest_route=\/wp\/v2\/posts\/234737","targetHints":{"allow":["GET"]}}],"collection":[{"href":"https:\/\/radioacuariofm.com.ar\/index.php?rest_route=\/wp\/v2\/posts"}],"about":[{"href":"https:\/\/radioacuariofm.com.ar\/index.php?rest_route=\/wp\/v2\/types\/post"}],"author":[{"embeddable":true,"href":"https:\/\/radioacuariofm.com.ar\/index.php?rest_route=\/wp\/v2\/users\/2"}],"replies":[{"embeddable":true,"href":"https:\/\/radioacuariofm.com.ar\/index.php?rest_route=%2Fwp%2Fv2%2Fcomments&post=234737"}],"version-history":[{"count":1,"href":"https:\/\/radioacuariofm.com.ar\/index.php?rest_route=\/wp\/v2\/posts\/234737\/revisions"}],"predecessor-version":[{"id":234739,"href":"https:\/\/radioacuariofm.com.ar\/index.php?rest_route=\/wp\/v2\/posts\/234737\/revisions\/234739"}],"wp:featuredmedia":[{"embeddable":true,"href":"https:\/\/radioacuariofm.com.ar\/index.php?rest_route=\/wp\/v2\/media\/234738"}],"wp:attachment":[{"href":"https:\/\/radioacuariofm.com.ar\/index.php?rest_route=%2Fwp%2Fv2%2Fmedia&parent=234737"}],"wp:term":[{"taxonomy":"category","embeddable":true,"href":"https:\/\/radioacuariofm.com.ar\/index.php?rest_route=%2Fwp%2Fv2%2Fcategories&post=234737"},{"taxonomy":"post_tag","embeddable":true,"href":"https:\/\/radioacuariofm.com.ar\/index.php?rest_route=%2Fwp%2Fv2%2Ftags&post=234737"}],"curies":[{"name":"wp","href":"https:\/\/api.w.org\/{rel}","templated":true}]}}