{"id":234721,"date":"2026-05-01T13:01:05","date_gmt":"2026-05-01T16:01:05","guid":{"rendered":"https:\/\/radioacuariofm.com.ar\/?p=234721"},"modified":"2026-05-01T13:01:06","modified_gmt":"2026-05-01T16:01:06","slug":"en-que-consiste-la-ultima-propuesta-de-iran-a-estados-unidos-segun-un-analista-internacional","status":"publish","type":"post","link":"https:\/\/radioacuariofm.com.ar\/?p=234721","title":{"rendered":"En qu\u00e9 consiste la \u201c\u00faltima propuesta\u201d de Ir\u00e1n a Estados Unidos, seg\u00fan un analista internacional"},"content":{"rendered":"<p> <br \/>\n<\/p>\n<div>\n<p class=\"com-paragraph  --capital --s\">El presidente de los Estados Unidos, <strong>Donald Trump<\/strong>, se encuentra ante una encrucijada estrat\u00e9gica de alto impacto global. Seg\u00fan inform\u00f3 el analista internacional, <a href=\"https:\/\/www.lanacion.com.ar\/lnmas\/por-que-eeuu-no-quiere-aceptar-la-oferta-de-iran-sobre-el-estrecho-de-ormuz-para-terminar-con-la-nid29042026\/\" target=\"_self\" title=\"https:\/\/www.lanacion.com.ar\/lnmas\/por-que-eeuu-no-quiere-aceptar-la-oferta-de-iran-sobre-el-estrecho-de-ormuz-para-terminar-con-la-nid29042026\/\" class=\"com-link break-word\" data-mrf-recirculation=\"n_link_parrafo\"><strong>Andr\u00e9s Repetto<\/strong><\/a> en di\u00e1logo con <em>LN+<\/em>, el mandatario tiene sobre su mesa una <strong>propuesta formal para ejecutar ataques de mayor envergadura <\/strong>contra Ir\u00e1n, mientras que el r\u00e9gimen iran\u00ed le envi\u00f3 a la administraci\u00f3n norteamericana su <a href=\"https:\/\/www.lanacion.com.ar\/el-mundo\/iran-presenta-su-ultimo-propuesta-a-eeuu-tras-la-pausa-en-las-negociaciones-nid01052026\/\" target=\"_self\" title=\"https:\/\/www.lanacion.com.ar\/el-mundo\/iran-presenta-su-ultimo-propuesta-a-eeuu-tras-la-pausa-en-las-negociaciones-nid01052026\/\" class=\"com-link break-word\" data-mrf-recirculation=\"n_link_parrafo\"><strong>\u201c\u00faltima propuesta\u201d<\/strong><\/a> de di\u00e1logo para llegar a un acuerdo. <\/p>\n<p class=\"com-paragraph   --s\"><strong>\u201cComo comandante en jefe, le presentan eso sobre la mesa y tiene que decidir. Bueno, estamos esperando esa respuesta\u201d<\/strong>, remarc\u00f3 Repetto.<\/p>\n<div class=\"content-media cursor-pointer container-center-100\">\n<section class=\"media-container relative ratio-16-9 mod-media pb-32\">\n<figure class=\"mod-video\">\n<div class=\"video-player bg-black ratio-16-9\" data-has-jwplayer=\"true\" data-video-id-jw=\"tWa5BiR7\" data-config=\"{&quot;title&quot;:&quot;Andres Repetto en LN+&quot;,&quot;mediaId&quot;:&quot;tWa5BiR7&quot;,&quot;playerId&quot;:&quot;ih0086X3&quot;,&quot;playlist&quot;:[{&quot;mediaid&quot;:&quot;tWa5BiR7&quot;,&quot;sources&quot;:[{&quot;file&quot;:&quot;https:\/\/cdn.jwplayer.com\/manifests\/tWa5BiR7.m3u8&quot;,&quot;type&quot;:&quot;application\/vnd.apple.mpegurl&quot;},{&quot;bitrate&quot;:401794,&quot;file&quot;:&quot;https:\/\/cdn.jwplayer.com\/videos\/tWa5BiR7-kTExGaWf.mp4&quot;,&quot;filesize&quot;:20190198,&quot;framerate&quot;:25,&quot;height&quot;:180,&quot;label&quot;:&quot;180p&quot;,&quot;type&quot;:&quot;video\/mp4&quot;,&quot;width&quot;:320},{&quot;bitrate&quot;:598577,&quot;file&quot;:&quot;https:\/\/cdn.jwplayer.com\/videos\/tWa5BiR7-K8B0kybS.mp4&quot;,&quot;filesize&quot;:30078501,&quot;framerate&quot;:25,&quot;height&quot;:270,&quot;label&quot;:&quot;270p&quot;,&quot;type&quot;:&quot;video\/mp4&quot;,&quot;width&quot;:480},{&quot;bitrate&quot;:1533465,&quot;file&quot;:&quot;https:\/\/cdn.jwplayer.com\/videos\/tWa5BiR7-46NIuRKO.mp4&quot;,&quot;filesize&quot;:77056629,&quot;framerate&quot;:25,&quot;height&quot;:720,&quot;label&quot;:&quot;720p&quot;,&quot;type&quot;:&quot;video\/mp4&quot;,&quot;width&quot;:1280},{&quot;bitrate&quot;:113641,&quot;file&quot;:&quot;https:\/\/cdn.jwplayer.com\/videos\/tWa5BiR7-hz5z2Tv4.m4a&quot;,&quot;filesize&quot;:5710505,&quot;label&quot;:&quot;AAC Audio&quot;,&quot;type&quot;:&quot;audio\/mp4&quot;},{&quot;bitrate&quot;:3169098,&quot;file&quot;:&quot;https:\/\/cdn.jwplayer.com\/videos\/tWa5BiR7-SomplJdm.mp4&quot;,&quot;filesize&quot;:159247200,&quot;framerate&quot;:25,&quot;height&quot;:1080,&quot;label&quot;:&quot;1080p&quot;,&quot;type&quot;:&quot;video\/mp4&quot;,&quot;width&quot;:1920},{&quot;bitrate&quot;:616830,&quot;file&quot;:&quot;https:\/\/cdn.jwplayer.com\/videos\/tWa5BiR7-FnZGUVnC.mp4&quot;,&quot;filesize&quot;:30995748,&quot;framerate&quot;:25,&quot;height&quot;:360,&quot;label&quot;:&quot;360p&quot;,&quot;type&quot;:&quot;video\/mp4&quot;,&quot;width&quot;:640},{&quot;bitrate&quot;:1005126,&quot;file&quot;:&quot;https:\/\/cdn.jwplayer.com\/videos\/tWa5BiR7-0G6Pwvlw.mp4&quot;,&quot;filesize&quot;:50507621,&quot;framerate&quot;:25,&quot;height&quot;:540,&quot;label&quot;:&quot;540p&quot;,&quot;type&quot;:&quot;video\/mp4&quot;,&quot;width&quot;:960}]}],&quot;hasAutoplay&quot;:false,&quot;autostart&quot;:true,&quot;tagsUrl&quot;:&quot;https:\/\/pubads.g.doubleclick.net\/gampad\/ads?slotname=\/133919216\/la_nacion_video\/nota\/preroll&amp;sz=640x480|400x300&amp;ciu_szs=300x250&amp;unviewed_position_start=1&amp;output=vast&amp;impl=s&amp;env=vp&amp;gdfp_req=1&amp;ad_rule=0&amp;vad_type=linear&amp;vpos=preroll&amp;cust_params=tags_nuevos%3Dte_guerra_en_medio_oriente%2Cte_estados_unidos%2Cte_iran%2Cte_donald_trump%2Cte_ln_%2Cte_audiencia%2Cca_el_mundo%2Cca_ln_%2C%2C34R3EWIOEBCZZMZLCBL4RSLTIU&amp;pod=3&amp;ppos=1&amp;lip=true&amp;min_ad_duration=0&amp;max_ad_duration=30000&amp;vrid=6256&amp;url=https%3A%2F%2Fwww.lanacion.com.ar%2Fel-mundo%2Fen-que-consiste-la-ultima-propuesta-de-iran-a-estados-unidos-segun-un-analista-internacional-nid01052026%2F%3Fvariant%3DA&amp;description_url=https%3A%2F%2Fwww.lanacion.com.ar%2Fel-mundo%2Fen-que-consiste-la-ultima-propuesta-de-iran-a-estados-unidos-segun-un-analista-internacional-nid01052026%2F%3Fvariant%3DA&amp;video_doc_id=short_onecue&amp;cmsid=496&amp;kfa=0&amp;tfcd=0&amp;correlator=1777651223979&quot;,&quot;arcSite&quot;:&quot;la-nacion-ar&quot;,&quot;duration&quot;:&quot;402000&quot;}\">\n<div id=\"facade-tWa5BiR7\" class=\"content-facade-jw relative bg-black ratio-16-9\"><picture><source media=\"(max-width: 767px)\" srcset=\"https:\/\/resizer.glanacion.com\/resizer\/v2\/https%3A%2F%2Fcdn.jwplayer.com%2Fv2%2Fmedia%2FtWa5BiR7%2Fposter.jpg%3Fwidth%3D720?auth=e63ecaf28ad45a56b794d3b26bec62a6175697c834d4cefd3180a744592b045c&amp;width=480&amp;quality=70&amp;smart=false\"\/><\/picture><\/div>\n<\/div><figcaption class=\"border border-1 border-bottom border-light-300 relative px-16 py-8 min-h-36 w-100_md px-0_l mb-8 bg-white\"><span class=\"text ln-text text-16 block\">Andres Repetto en LN+<\/span><\/figcaption><\/figure>\n<\/section>\n<\/div>\n<p class=\"com-paragraph   --s\">Asimismo, destac\u00f3: \u201cPero mientras tanto hay otra guerra que yo creo que a\u00fan es mayor, es decir, para m\u00ed lo que est\u00e1 pasando en Europa es el comienzo de una guerra mundial que ya tiene cuatro a\u00f1os, que empez\u00f3 con la invasi\u00f3n rusa de Ucrania, se empiezan a dar otros conflictos como el del Medio Oriente\u201d.<\/p>\n<p class=\"com-paragraph   --s\">Seg\u00fan un video publicado en el sitio del poder judicial <em>Mizan Online<\/em>, el jefe del poder judicial iran\u00ed, <strong>Gholamhossein Mohseni Ejei <\/strong>sostuvo: <strong>\u201cLa rep\u00fablica isl\u00e1mica nunca renunci\u00f3 a las negociaciones, pero efectivamente no aceptamos imposiciones\u201d<\/strong>.<\/p>\n<p class=\"com-paragraph   --s\">El funcionario subray\u00f3 que Ir\u00e1n <strong>\u201cno va a abandonar para nada sus principios y valores ante este enemigo malicioso<\/strong>, con el objetivo de evitar la guerra o prevenir su continuaci\u00f3n\u201d.<\/p>\n<div class=\"content-media\">\n<section role=\"button\" class=\"mod-media   \">\n<figure role=\"button\" tabindex=\"0\" class=\"mod-figure \"><figcaption class=\"mod-figcaption\"><span class=\"com-text --caption --twoxs\">Fotograf\u00eda sin fecha publicada el 25 de febrero de 2015 por la p\u00e1gina oficial de la oficina del l\u00edder supremo iran\u00ed, en la que aparece Gholamhossein Mohseni Ejehi, durante una entrevista en su despacho en Teher\u00e1n (Oficina del l\u00edder supremo iran\u00ed v\u00eda AP)<\/span><\/figcaption><\/figure>\n<\/section>\n<\/div>\n<p class=\"com-paragraph   --s\">\u201cTodo por supuesto est\u00e1 relacionado. Pero si bien estamos con la vista puesta en Medio Oriente, no dejemos de ver lo que est\u00e1 pasando en Europa, porque este conflicto se est\u00e1 profundizando\u201d, sum\u00f3.<\/p>\n<p class=\"com-paragraph   --s\">En Europa, la preocupaci\u00f3n alcanz\u00f3 niveles cr\u00edticos, ya que ante la amenaza que muchos l\u00edderes regionales perciben por parte de Rusia, diversas naciones iniciaron ejercicios masivos de preparaci\u00f3n. <\/p>\n<p class=\"com-paragraph   --s\">En el caso de Francia, el presidente Emmanuel Macron lider\u00f3 maniobras junto a otros pa\u00edses con un mensaje expl\u00edcito, seg\u00fan Repetto: <strong>\u201cPrepararse ante el ataque imprevisto de un enemigo. Todos miran hacia Rusia, no hay que dar muchas vueltas con eso\u201d<\/strong>. <\/p>\n<div class=\"content-media\">\n<section role=\"button\" class=\"mod-media   \">\n<figure role=\"button\" tabindex=\"0\" class=\"mod-figure \"><figcaption class=\"mod-figcaption\"><span class=\"com-text --caption --twoxs\">Emmanuel Macron<\/span><span class=\"com-text --credit --twoxs\">YVES HERMAN &#8211; POOL<\/span><\/figcaption><\/figure>\n<\/section>\n<\/div>\n<p class=\"com-paragraph   --s\">Macron impuls\u00f3 el aumento de la capacidad nuclear de su naci\u00f3n para convertirla en un paraguas protector que disminuya la dependencia de la tecnolog\u00eda estadounidense. <strong>\u201cEste ejercicio nos ha mostrado la credibilidad con los europeos a poder desarrollar una operaci\u00f3n de esta amplitud; es un mensaje muy claro para nuestros hermanos de armas europeos\u201d<\/strong>, remarc\u00f3 el mandatario. <\/p>\n<p class=\"com-paragraph   --s\">Estos ejercicios militares no son hechos aislados, ya que acciones similares se llevaron a cabo en Suecia, donde fuerzas locales trabajaron conjuntamente con la Guardia Nacional de Nueva York, <strong>\u201cprepar\u00e1ndose para lo que los militares y los generales europeos vienen advirtiendo hace mucho, el temor de un enfrentamiento con Rusia\u201d<\/strong>, sostuvo Repetto. <\/p>\n<p class=\"com-paragraph   --s\">Trump sostuvo una postura vol\u00e1til respecto a su <strong>compromiso con la OTAN<\/strong>, llegando a amenazar con el retiro de tropas estadounidenses no solo de Alemania, sino ahora tambi\u00e9n de Italia y Espa\u00f1a. <\/p>\n<p class=\"com-paragraph   --s\"><strong>\u201cEl presidente Trump ahora amenaza con sacar nada m\u00e1s y nada menos en momentos en que Europa teme enfrentarse con Rusia a sus fuerzas militares que est\u00e1n hace d\u00e9cadas\u201d<\/strong>, explic\u00f3 Repetto. <\/p>\n<p class=\"com-paragraph   --s\">El mandatario estadounidense argument\u00f3 que, si bien existen declaraciones diplom\u00e1ticas positivas, el nivel de apoyo operativo fue insuficiente o lento durante la crisis de Ucrania.<\/p>\n<section class=\"container-center-100 mb-40 border border-bottom border-thin border-neutral-light-700\">\n<hr\/>\n<\/section>\n<\/div>\n<p><script id=\"facebookpixel\" defer=\"\" type=\"text\/javascript\">\n        !function(f,b,e,v,n,t,s)\n        {if(f.fbq)return;n=f.fbq=function(){n.callMethod?\n        n.callMethod.apply(n,arguments):n.queue.push(arguments)};\n        if(!f._fbq)f._fbq=n;n.push=n;n.loaded=!0;n.version='2.0';\n        n.queue=[];t=b.createElement(e);t.async=!0;\n        t.src=v;s=b.getElementsByTagName(e)[0];\n        s.parentNode.insertBefore(t,s)}(window, document,'script',\n        'https:\/\/connect.facebook.net\/en_US\/fbevents.js');\n        fbq('init', '492459597522335');\n        fbq('track', 'PageView');\n    <\/script><br \/>\n<br \/><\/p>\n","protected":false},"excerpt":{"rendered":"<p>El presidente de los Estados Unidos, Donald Trump, se encuentra ante una encrucijada estrat\u00e9gica de alto impacto global. Seg\u00fan inform\u00f3 el analista internacional, Andr\u00e9s Repetto en di\u00e1logo con LN+, el mandatario tiene sobre su mesa una propuesta formal para ejecutar ataques de mayor envergadura contra Ir\u00e1n, mientras que el r\u00e9gimen iran\u00ed le envi\u00f3 a la [&hellip;]<\/p>\n","protected":false},"author":2,"featured_media":233168,"comment_status":"closed","ping_status":"closed","sticky":false,"template":"","format":"standard","meta":{"footnotes":""},"categories":[1],"tags":[],"class_list":["post-234721","post","type-post","status-publish","format-standard","has-post-thumbnail","hentry","category-uncategorized"],"_links":{"self":[{"href":"https:\/\/radioacuariofm.com.ar\/index.php?rest_route=\/wp\/v2\/posts\/234721","targetHints":{"allow":["GET"]}}],"collection":[{"href":"https:\/\/radioacuariofm.com.ar\/index.php?rest_route=\/wp\/v2\/posts"}],"about":[{"href":"https:\/\/radioacuariofm.com.ar\/index.php?rest_route=\/wp\/v2\/types\/post"}],"author":[{"embeddable":true,"href":"https:\/\/radioacuariofm.com.ar\/index.php?rest_route=\/wp\/v2\/users\/2"}],"replies":[{"embeddable":true,"href":"https:\/\/radioacuariofm.com.ar\/index.php?rest_route=%2Fwp%2Fv2%2Fcomments&post=234721"}],"version-history":[{"count":1,"href":"https:\/\/radioacuariofm.com.ar\/index.php?rest_route=\/wp\/v2\/posts\/234721\/revisions"}],"predecessor-version":[{"id":234722,"href":"https:\/\/radioacuariofm.com.ar\/index.php?rest_route=\/wp\/v2\/posts\/234721\/revisions\/234722"}],"wp:featuredmedia":[{"embeddable":true,"href":"https:\/\/radioacuariofm.com.ar\/index.php?rest_route=\/wp\/v2\/media\/233168"}],"wp:attachment":[{"href":"https:\/\/radioacuariofm.com.ar\/index.php?rest_route=%2Fwp%2Fv2%2Fmedia&parent=234721"}],"wp:term":[{"taxonomy":"category","embeddable":true,"href":"https:\/\/radioacuariofm.com.ar\/index.php?rest_route=%2Fwp%2Fv2%2Fcategories&post=234721"},{"taxonomy":"post_tag","embeddable":true,"href":"https:\/\/radioacuariofm.com.ar\/index.php?rest_route=%2Fwp%2Fv2%2Ftags&post=234721"}],"curies":[{"name":"wp","href":"https:\/\/api.w.org\/{rel}","templated":true}]}}