{"id":234709,"date":"2026-05-01T10:59:53","date_gmt":"2026-05-01T13:59:53","guid":{"rendered":"https:\/\/radioacuariofm.com.ar\/?p=234709"},"modified":"2026-05-01T10:59:54","modified_gmt":"2026-05-01T13:59:54","slug":"el-gobierno-de-trump-desafia-el-limite-legal-del-congreso-para-continuar-la-guerra-contra-iran","status":"publish","type":"post","link":"https:\/\/radioacuariofm.com.ar\/?p=234709","title":{"rendered":"El gobierno de Trump desaf\u00eda el l\u00edmite legal del Congreso para continuar la guerra contra Ir\u00e1n"},"content":{"rendered":"<p> <br \/>\n<\/p>\n<div>\n<p class=\"com-paragraph  --capital --s\">WASHINGTON.\u2013 El gobierno del presidente norteamericano, <a href=\"https:\/\/www.lanacion.com.ar\/el-mundo\/trump-evalua-potentes-ataques-militares-contra-teheran-para-presionar-en-la-negociacion-nid30042026\/\" target=\"_self\" title=\"https:\/\/www.lanacion.com.ar\/el-mundo\/trump-evalua-potentes-ataques-militares-contra-teheran-para-presionar-en-la-negociacion-nid30042026\/\" class=\"com-link break-word\" data-mrf-recirculation=\"n_link_parrafo\"><strong>Donald Trump<\/strong><\/a>, <strong>busca ignorar el viernes el vencimiento de un plazo legal del Congreso <\/strong>en la guerra contra <a href=\"https:\/\/www.lanacion.com.ar\/el-mundo\/guerra-de-estados-unidos-e-israel-contra-iran-en-vivo-tension-en-medio-oriente-hoy-viernes-1-de-mayo-nid01052026\/\" target=\"_self\" title=\"https:\/\/www.lanacion.com.ar\/el-mundo\/guerra-de-estados-unidos-e-israel-contra-iran-en-vivo-tension-en-medio-oriente-hoy-viernes-1-de-mayo-nid01052026\/\" class=\"com-link break-word\" data-mrf-recirculation=\"n_link_parrafo\"><strong>Ir\u00e1n<\/strong><\/a>, que dijo haber activado por la noche su defensa a\u00e9rea <strong>en respuesta a nuevos ataques <\/strong>con aviones peque\u00f1os y drones en la capital, <strong>Teher\u00e1n<\/strong>. <\/p>\n<p class=\"com-paragraph   --s\">Seg\u00fan la Constituci\u00f3n norteamericana, <strong>s\u00f3lo el Congreso tiene la facultad de declarar la guerra<\/strong>. Pero <strong>una ley de 1973 permite al presidente iniciar una intervenci\u00f3n militar limitada <\/strong>para responder a una situaci\u00f3n de emergencia, siempre que pida autorizaci\u00f3n al poder legislativo <strong>para movilizar tropas durante m\u00e1s de 60 d\u00edas<\/strong>.<\/p>\n<div class=\"content-media\">\n<section role=\"button\" class=\"mod-media   \">\n<figure role=\"button\" tabindex=\"0\" class=\"mod-figure \"><figcaption class=\"mod-figcaption\"><span class=\"com-text --caption --twoxs\">Trump pronuncia el primer discurso sobre el Estado de la Uni\u00f3n de su segundo mandato ante el Congreso, en Washington, Estados Unidos, el 24 de febrero de 2026<\/span><span class=\"com-text --credit --twoxs\">KENNY HOLSTON &#8211; POOL<\/span><\/figcaption><\/figure>\n<\/section>\n<\/div>\n<p class=\"com-paragraph   --s\">El viernes es la fecha l\u00edmite, pero el secretario de Defensa, <strong>Pete Hegseth<\/strong>, argument\u00f3 el jueves que, <strong>debido al alto el fuego, \u201cel plazo de 60 d\u00edas queda suspendido\u201d<\/strong>.<\/p>\n<p class=\"com-paragraph   --s\"><strong>\u201cA los efectos de la Resoluci\u00f3n sobre Poderes de Guerra, las hostilidades que empezaron el s\u00e1bado 28 de febrero han terminado\u201d<\/strong>, dijo a la AFP un alto cargo del gobierno norteamericano a \u00faltima hora del jueves. <\/p>\n<p class=\"com-paragraph   --s\">El mismo hizo hincapi\u00e9 en que <strong>no ha habido fuego cruzado entre Estados Unidos e Ir\u00e1n desde la tregua <\/strong>declarada el 7 de abril.<\/p>\n<div class=\"content-media\">\n<section role=\"button\" class=\"mod-media   \">\n<figure role=\"button\" tabindex=\"0\" class=\"mod-figure \"><figcaption class=\"mod-figcaption\"><span class=\"com-text --caption --twoxs\">El secretario de Defensa de Estados Unidos, Pete Hegseth, testifica durante una audiencia ante el Congreso, en Washington, Estados Unidos, el 30 de abril de 2026<\/span><span class=\"com-text --credit --twoxs\">ALEX WROBLEWSKI &#8211; AFP<\/span><\/figcaption><\/figure>\n<\/section>\n<\/div>\n<p class=\"com-paragraph   --s\"><a href=\"https:\/\/www.lanacion.com.ar\/el-mundo\/mariana-mazzucato-los-anos-de-hegemonia-de-estados-unidos-han-terminado-estamos-viendo-el-final-del-nid01052026\/\" target=\"_self\" title=\"https:\/\/www.lanacion.com.ar\/el-mundo\/mariana-mazzucato-los-anos-de-hegemonia-de-estados-unidos-han-terminado-estamos-viendo-el-final-del-nid01052026\/\" class=\"com-link break-word\" data-mrf-recirculation=\"n_link_parrafo\"><strong>Washington<\/strong><\/a><strong> impone un bloqueo naval a los puertos iran\u00edes en represalia <\/strong>por el cierre por parte de Teher\u00e1n del estrat\u00e9gico <strong>estrecho de Ormuz<\/strong>, por donde transitaba antes de la guerra una quinta parte de los hidrocarburos consumidos en el mundo, <strong>lo que ha disparado los precios del petr\u00f3leo<\/strong>. Un alto cargo estadounidense incluso baraj\u00f3 una posible prolongaci\u00f3n del bloqueo <strong>\u201cdurante meses\u201d<\/strong>.<\/p>\n<div class=\"content-media\">\n<section role=\"button\" class=\"mod-media   \">\n<figure role=\"button\" tabindex=\"0\" class=\"mod-figure \"><figcaption class=\"mod-figcaption\"><span class=\"com-text --caption --twoxs\">Trump finge apuntar con un arma mientras habla con periodistas en una sala de prensa de la Casa Blanca, en Washington, Estados Unidos, el 6 de abril de 2026<\/span><span class=\"com-text --credit --twoxs\">Julia Demaree Nikhinson &#8211; AP<\/span><\/figcaption><\/figure>\n<\/section>\n<\/div>\n<p class=\"com-paragraph   --s\">En este contexto, y ante la perspectiva de un estancamiento de la guerra, el <strong>Brent<\/strong>, la referencia mundial del crudo, <strong>super\u00f3 brevemente el jueves los 126 d\u00f3lares<\/strong>, un m\u00e1ximo desde principios de 2022 durante la invasi\u00f3n rusa de <strong>Ucrania<\/strong>. El viernes por la ma\u00f1ana sub\u00eda un <strong>1,3%<\/strong>, a <strong>111,85 d\u00f3lares<\/strong>. A su vez, el barril de <strong>West Texas Intermediate <\/strong>ganaba un <strong>0,8%<\/strong>, a <strong>105,90 d\u00f3lares<\/strong>.<\/p>\n<p class=\"com-paragraph   --s\">El l\u00edder supremo de Ir\u00e1n, <a href=\"https:\/\/www.lanacion.com.ar\/el-mundo\/mojtaba-khamenei-hablo-en-la-television-irani-y-mando-una-nueva-advertencia-a-trump-nid30042026\/\" target=\"_self\" title=\"https:\/\/www.lanacion.com.ar\/el-mundo\/mojtaba-khamenei-hablo-en-la-television-irani-y-mando-una-nueva-advertencia-a-trump-nid30042026\/\" class=\"com-link break-word\" data-mrf-recirculation=\"n_link_parrafo\"><strong>Mojtaba Khamenei<\/strong><\/a>, afirm\u00f3 el jueves que <strong>Estados Unidos ha sufrido una \u201cderrota vergonzosa\u201d frente a Ir\u00e1n<\/strong>.<\/p>\n<p class=\"com-paragraph   --s\">El presidente iran\u00ed, <strong>Masud Pezeshkian<\/strong>, calific\u00f3 el bloqueo estadounidense de <strong>\u201ccontinuaci\u00f3n de las operaciones militares\u201d<\/strong>.<\/p>\n<p class=\"com-paragraph   --s\">En Teher\u00e1n se activaron los sistemas de defensa a\u00e9rea el jueves por la noche <strong>contra drones y aviones peque\u00f1os<\/strong>.<\/p>\n<p class=\"com-paragraph   --s\"><strong>\u201cEl ruido de la defensa antia\u00e9rea ces\u00f3 despu\u00e9s de unos 20 minutos de actividad y respuesta contra peque\u00f1as aeronaves\u201d<\/strong>, indicaron las agencias iran\u00edes Tasnim y Fars.<\/p>\n<div class=\"content-media\">\n<section role=\"button\" class=\"mod-media   \">\n<figure role=\"button\" tabindex=\"0\" class=\"mod-figure \"><figcaption class=\"mod-figcaption\"><span class=\"com-text --caption --twoxs\">Una mujer sostiene fotos del l\u00edder supremo de Ir\u00e1n, Mojtaba Khamenei, y de su padre, Ali Khamenei, en un acto organizado por el Estado en Teher\u00e1n, Ir\u00e1n, el 29 de abril de 2026<\/span><span class=\"com-text --credit --twoxs\">Vahid Salemi &#8211; AP<\/span><\/figcaption><\/figure>\n<\/section>\n<\/div>\n<p class=\"com-paragraph   --s\">La guerra en Medio Oriente ha causado <strong>miles de muertos<\/strong>, <strong>principalmente en Ir\u00e1n y <\/strong><a href=\"https:\/\/www.lanacion.com.ar\/el-mundo\/guerra-de-estados-unidos-e-israel-contra-iran-en-vivo-tension-en-medio-oriente-hoy-jueves-30-de-nid30042026\/\" target=\"_self\" title=\"https:\/\/www.lanacion.com.ar\/el-mundo\/guerra-de-estados-unidos-e-israel-contra-iran-en-vivo-tension-en-medio-oriente-hoy-jueves-30-de-nid30042026\/\" class=\"com-link break-word\" data-mrf-recirculation=\"n_link_parrafo\"><strong>el L\u00edbano<\/strong><\/a>. A pesar de la tregua y de las primeras negociaciones el 11 de abril en Islamabad, <strong>la diplomacia parece estar en punto muerto<\/strong>.<\/p>\n<p class=\"com-paragraph   --s\">La econom\u00eda mundial se resiente a diario por las consecuencias del bloqueo de Ormuz, <strong>con subidas de la inflaci\u00f3n y revisiones a la baja del crecimiento<\/strong>.<\/p>\n<p class=\"com-paragraph   --s\">En el frente liban\u00e9s de la guerra, donde <strong>Israel combate al grupo terrorista Hezbollah<\/strong>, la violencia contin\u00faa, con <strong>al menos 17 muertos el jueves en ataques israel\u00edes<\/strong>.<\/p>\n<div class=\"content-media\">\n<section role=\"button\" class=\"mod-media   \">\n<figure role=\"button\" tabindex=\"0\" class=\"mod-figure \"><figcaption class=\"mod-figcaption\"><span class=\"com-text --caption --twoxs\">Un hombre permanece de pie en el agua mientras buques se alinean en el horizonte en el estrecho de Ormuz, frente a Bandar Abbas, Ir\u00e1n, el 27 de abril de 2026<\/span><span class=\"com-text --credit --twoxs\">Razieh Poudat &#8211; ISNA<\/span><\/figcaption><\/figure>\n<\/section>\n<\/div>\n<p class=\"com-paragraph   --s\">La embajada de Estados Unidos en el L\u00edbano hizo un llamado a celebrar <strong>una reuni\u00f3n entre los dirigentes libaneses e israel\u00edes<\/strong>.<\/p>\n<p class=\"com-paragraph   --s\">Representantes de ambos pa\u00edses <strong>se han reunido dos veces en Washington en las \u00faltimas semanas<\/strong>, en los primeros encuentros de este tipo en d\u00e9cadas, despu\u00e9s de que Hezbollah arrastrara al L\u00edbano a la guerra el 2 de marzo.<\/p>\n<div class=\"content-media\">\n<section role=\"button\" class=\"mod-media   \">\n<figure role=\"button\" tabindex=\"0\" class=\"mod-figure \"><figcaption class=\"mod-figcaption\"><span class=\"com-text --caption --twoxs\">Soldados del Ej\u00e9rcito iran\u00ed se encuentran frente a una imagen del l\u00edder supremo de Ir\u00e1n, Mojtaba Khamenei, en Teher\u00e1n, Ir\u00e1n, el 29 de abril de 2026<\/span><span class=\"com-text --credit --twoxs\">&#8211; &#8211; AFP<\/span><\/figcaption><\/figure>\n<\/section>\n<\/div>\n<p class=\"com-paragraph   --s\">Trump ha declarado que espera recibir al presidente liban\u00e9s, <strong>Joseph Aoun<\/strong>, y al primer ministro israel\u00ed, <strong>Benjamin Netanyahu<\/strong>, <strong>\u201cen las pr\u00f3ximas dos semanas\u201d<\/strong>.<\/p>\n<p class=\"com-paragraph   --s\">Las operaciones israel\u00edes en el L\u00edbano han causado <strong>m\u00e1s de 2500 muertos y m\u00e1s de un mill\u00f3n de desplazados desde principios de marzo<\/strong>, seg\u00fan las autoridades libanesas.<\/p>\n<p class=\"com-paragraph   --s\"><strong>Agencias AFP y Reuters<\/strong><\/p>\n<section class=\"container-center-100 mb-40 border border-bottom border-thin border-neutral-light-700\">\n<hr\/>\n<\/section>\n<\/div>\n<p><script id=\"facebookpixel\" defer=\"\" type=\"text\/javascript\">\n        !function(f,b,e,v,n,t,s)\n        {if(f.fbq)return;n=f.fbq=function(){n.callMethod?\n        n.callMethod.apply(n,arguments):n.queue.push(arguments)};\n        if(!f._fbq)f._fbq=n;n.push=n;n.loaded=!0;n.version='2.0';\n        n.queue=[];t=b.createElement(e);t.async=!0;\n        t.src=v;s=b.getElementsByTagName(e)[0];\n        s.parentNode.insertBefore(t,s)}(window, document,'script',\n        'https:\/\/connect.facebook.net\/en_US\/fbevents.js');\n        fbq('init', '492459597522335');\n        fbq('track', 'PageView');\n    <\/script><br \/>\n<br \/><\/p>\n","protected":false},"excerpt":{"rendered":"<p>WASHINGTON.\u2013 El gobierno del presidente norteamericano, Donald Trump, busca ignorar el viernes el vencimiento de un plazo legal del Congreso en la guerra contra Ir\u00e1n, que dijo haber activado por la noche su defensa a\u00e9rea en respuesta a nuevos ataques con aviones peque\u00f1os y drones en la capital, Teher\u00e1n. Seg\u00fan la Constituci\u00f3n norteamericana, s\u00f3lo el [&hellip;]<\/p>\n","protected":false},"author":2,"featured_media":234710,"comment_status":"closed","ping_status":"closed","sticky":false,"template":"","format":"standard","meta":{"footnotes":""},"categories":[1],"tags":[],"class_list":["post-234709","post","type-post","status-publish","format-standard","has-post-thumbnail","hentry","category-uncategorized"],"_links":{"self":[{"href":"https:\/\/radioacuariofm.com.ar\/index.php?rest_route=\/wp\/v2\/posts\/234709","targetHints":{"allow":["GET"]}}],"collection":[{"href":"https:\/\/radioacuariofm.com.ar\/index.php?rest_route=\/wp\/v2\/posts"}],"about":[{"href":"https:\/\/radioacuariofm.com.ar\/index.php?rest_route=\/wp\/v2\/types\/post"}],"author":[{"embeddable":true,"href":"https:\/\/radioacuariofm.com.ar\/index.php?rest_route=\/wp\/v2\/users\/2"}],"replies":[{"embeddable":true,"href":"https:\/\/radioacuariofm.com.ar\/index.php?rest_route=%2Fwp%2Fv2%2Fcomments&post=234709"}],"version-history":[{"count":1,"href":"https:\/\/radioacuariofm.com.ar\/index.php?rest_route=\/wp\/v2\/posts\/234709\/revisions"}],"predecessor-version":[{"id":234711,"href":"https:\/\/radioacuariofm.com.ar\/index.php?rest_route=\/wp\/v2\/posts\/234709\/revisions\/234711"}],"wp:featuredmedia":[{"embeddable":true,"href":"https:\/\/radioacuariofm.com.ar\/index.php?rest_route=\/wp\/v2\/media\/234710"}],"wp:attachment":[{"href":"https:\/\/radioacuariofm.com.ar\/index.php?rest_route=%2Fwp%2Fv2%2Fmedia&parent=234709"}],"wp:term":[{"taxonomy":"category","embeddable":true,"href":"https:\/\/radioacuariofm.com.ar\/index.php?rest_route=%2Fwp%2Fv2%2Fcategories&post=234709"},{"taxonomy":"post_tag","embeddable":true,"href":"https:\/\/radioacuariofm.com.ar\/index.php?rest_route=%2Fwp%2Fv2%2Ftags&post=234709"}],"curies":[{"name":"wp","href":"https:\/\/api.w.org\/{rel}","templated":true}]}}