{"id":234706,"date":"2026-05-01T10:27:59","date_gmt":"2026-05-01T13:27:59","guid":{"rendered":"https:\/\/radioacuariofm.com.ar\/?p=234706"},"modified":"2026-05-01T10:28:00","modified_gmt":"2026-05-01T13:28:00","slug":"cultos-conmemora-el-44-aniversario-del-heroe-sanjuanino-agustin-hugo-montano","status":"publish","type":"post","link":"https:\/\/radioacuariofm.com.ar\/?p=234706","title":{"rendered":"Cultos conmemora el 44 aniversario del h\u00e9roe sanjuanino Agust\u00edn Hugo Monta\u00f1o"},"content":{"rendered":"<p><\/p>\n<div>\n<p>El Ministerio de Gobierno mediante la Direcci\u00f3n de Cultos y ONG, conmemora los recuerdos de hombres que supieron honrar a la Patria con entrega absoluta, cuya vida y vocaci\u00f3n quedaron profundamente ligadas al servicio de la Naci\u00f3n.<\/p>\n<p>Uno de ellos es Agust\u00edn Hugo Monta\u00f1o, nacido el 19 de agosto de 1956 en el departamento Caucete. Desde joven, Hugo eligi\u00f3 el camino del compromiso y la disciplina al ingresar, en 1977, como aspirante a suboficial en la Escuela de la Fuerza A\u00e9rea Argentina, en la provincia de C\u00f3rdoba. Se form\u00f3 como t\u00e9cnico mec\u00e1nico, especializ\u00e1ndose en aviones Pucar\u00e1, desempe\u00f1ando su labor con dedicaci\u00f3n, profesionalismo y orgullo por vestir el uniforme de la Fuerza A\u00e9rea.<\/p>\n<div class=\"embera-embed-responsive embera-embed-responsive-photo embera-embed-responsive-provider-flickr\"><a data-flickr-embed=\"true\" href=\"https:\/\/www.flickr.com\/photos\/gobiernodesanjuan\/55240924660\/\" title=\"2026-04-30 GOBIERNO conmemora el 44 aniversario del h\u00e9roe sanjuanino Agust\u00edn Hugo Monta\u00f1o by Gobierno de San Juan, on Flickr\"><\/a><\/div>\n<p>Al momento del conflicto de la Guerra de Malvinas, Hugo ostentaba el rango de Cabo Primero. En ese escenario marcado por el sacrificio y el amor por la Patria, el 1\u00b0 de mayo de 1982 entreg\u00f3 su vida con honor y valent\u00eda, fiel a su juramento de defender a la Naci\u00f3n hasta las \u00faltimas consecuencias. Por su entrega, fue ascendido post-mortem al grado de Cabo Principal.<\/p>\n<p>Su memoria permanece viva en el pueblo de San Juan, como s\u00edmbolo de coraje, compromiso y amor inquebrantable por la Argentina. Su historia nos interpela, nos une y nos recuerda que hay valores que trascienden el tiempo: la lealtad, el deber y el profundo sentido de pertenencia a la Patria.<\/p>\n<\/p><\/div>\n<p><script async defer crossorigin=\"anonymous\" src=\"https:\/\/connect.facebook.net\/es_ES\/sdk.js#xfbml=1&#038;version=v3.3\"><\/script><\/p>\n","protected":false},"excerpt":{"rendered":"<p>El Ministerio de Gobierno mediante la Direcci\u00f3n de Cultos y ONG, conmemora los recuerdos de hombres que supieron honrar a la Patria con entrega absoluta, cuya vida y vocaci\u00f3n quedaron profundamente ligadas al servicio de la Naci\u00f3n. Uno de ellos es Agust\u00edn Hugo Monta\u00f1o, nacido el 19 de agosto de 1956 en el departamento Caucete. [&hellip;]<\/p>\n","protected":false},"author":2,"featured_media":234707,"comment_status":"closed","ping_status":"closed","sticky":false,"template":"","format":"standard","meta":{"footnotes":""},"categories":[27],"tags":[],"class_list":["post-234706","post","type-post","status-publish","format-standard","has-post-thumbnail","hentry","category-san-juan"],"_links":{"self":[{"href":"https:\/\/radioacuariofm.com.ar\/index.php?rest_route=\/wp\/v2\/posts\/234706","targetHints":{"allow":["GET"]}}],"collection":[{"href":"https:\/\/radioacuariofm.com.ar\/index.php?rest_route=\/wp\/v2\/posts"}],"about":[{"href":"https:\/\/radioacuariofm.com.ar\/index.php?rest_route=\/wp\/v2\/types\/post"}],"author":[{"embeddable":true,"href":"https:\/\/radioacuariofm.com.ar\/index.php?rest_route=\/wp\/v2\/users\/2"}],"replies":[{"embeddable":true,"href":"https:\/\/radioacuariofm.com.ar\/index.php?rest_route=%2Fwp%2Fv2%2Fcomments&post=234706"}],"version-history":[{"count":1,"href":"https:\/\/radioacuariofm.com.ar\/index.php?rest_route=\/wp\/v2\/posts\/234706\/revisions"}],"predecessor-version":[{"id":234708,"href":"https:\/\/radioacuariofm.com.ar\/index.php?rest_route=\/wp\/v2\/posts\/234706\/revisions\/234708"}],"wp:featuredmedia":[{"embeddable":true,"href":"https:\/\/radioacuariofm.com.ar\/index.php?rest_route=\/wp\/v2\/media\/234707"}],"wp:attachment":[{"href":"https:\/\/radioacuariofm.com.ar\/index.php?rest_route=%2Fwp%2Fv2%2Fmedia&parent=234706"}],"wp:term":[{"taxonomy":"category","embeddable":true,"href":"https:\/\/radioacuariofm.com.ar\/index.php?rest_route=%2Fwp%2Fv2%2Fcategories&post=234706"},{"taxonomy":"post_tag","embeddable":true,"href":"https:\/\/radioacuariofm.com.ar\/index.php?rest_route=%2Fwp%2Fv2%2Ftags&post=234706"}],"curies":[{"name":"wp","href":"https:\/\/api.w.org\/{rel}","templated":true}]}}