{"id":234697,"date":"2026-05-01T09:34:50","date_gmt":"2026-05-01T12:34:50","guid":{"rendered":"https:\/\/radioacuariofm.com.ar\/?p=234697"},"modified":"2026-05-01T09:34:51","modified_gmt":"2026-05-01T12:34:51","slug":"las-exportaciones-sanjuaninas-de-pasas-crecieron-un-50-en-dolares","status":"publish","type":"post","link":"https:\/\/radioacuariofm.com.ar\/?p=234697","title":{"rendered":"Las exportaciones sanjuaninas de pasas crecieron un 50% en d\u00f3lares"},"content":{"rendered":"<p><\/p>\n<div>\n<p> La pasa de uva forma parte de la identidad productiva sanjuanina porque combina tradici\u00f3n vit\u00edcola, condiciones agroclim\u00e1ticas favorables y capacidad empresarial. El clima seco, la alta insolaci\u00f3n y las bajas precipitaciones de los valles productivos permiten desarrollar un proceso de secado natural altamente valorado, especialmente en zonas como el Valle de Tulum y el Valle de Zonda.<\/p>\n<p>En los \u00faltimos a\u00f1os, este producto gan\u00f3 un lugar estrat\u00e9gico dentro de las exportaciones vit\u00edcolas provinciales. En 2025, el sector vitivin\u00edcola sanjuanino registr\u00f3 un crecimiento del 20% en valor FOB y del 16% en volumen respecto de 2024, alcanzando casi 138 millones de d\u00f3lares y posicion\u00e1ndose como el segundo complejo exportador de la provincia, detr\u00e1s de la miner\u00eda. El principal motor de esa recuperaci\u00f3n fueron las pasas de uva o uvas desecadas, cuyas ventas externas crecieron un 50% en d\u00f3lares y un 38% en volumen interanual.<\/p>\n<p>A nivel nacional, la pasa de uva argentina tambi\u00e9n atraviesa un momento de oportunidad. En 2024, Argentina export\u00f3 m\u00e1s de 30.000 toneladas de pasas de uva.<\/p>\n<p>Para San Juan, la pasa de uva no representa \u00fanicamente un producto exportable: tambi\u00e9n expresa una cadena de valor que involucra a productores, trabajadores rurales, establecimientos de procesamiento, log\u00edstica, comercializaci\u00f3n y empresas exportadoras. Su desarrollo permite diversificar la vitivinicultura provincial, generar agregado de valor y fortalecer la presencia de San Juan en mercados internacionales.<\/p>\n<p>El principal destino de las pasas argentinas contin\u00faa siendo Brasil, aunque especialistas del sector se\u00f1alan la necesidad de diversificar mercados y ampliar la presencia en otros pa\u00edses demandantes. Actualmente, el 75% de las exportaciones argentinas de pasas se concentra en dos destinos: Brasil y Estados Unidos, lo que abre oportunidades para avanzar en una estrategia comercial m\u00e1s amplia.<\/p>\n<p>En este contexto, el D\u00eda Mundial de la Pasa de Uva es una oportunidad para reconocer el trabajo de toda la cadena productiva sanjuanina y visibilizar un producto que combina calidad, tradici\u00f3n y proyecci\u00f3n internacional. San Juan cuenta con condiciones naturales, experiencia productiva y capacidad exportadora para seguir posicionando a la pasa de uva como uno de los alimentos representativos de la provincia ante el mundo.<\/p>\n<p>La pasa de uva es mucho m\u00e1s que un derivado de la vid: es una expresi\u00f3n concreta del potencial agroindustrial de San Juan. En una provincia hist\u00f3ricamente vinculada a la vitivinicultura, este producto se consolida como una alternativa competitiva, exportable y con fuerte identidad territorial. Celebrar su d\u00eda mundial es tambi\u00e9n celebrar el trabajo sanjuanino, la diversificaci\u00f3n productiva y la capacidad de la provincia para llevar calidad argentina a los mercados internacionales.<\/p>\n<\/p><\/div>\n<p><script async defer crossorigin=\"anonymous\" src=\"https:\/\/connect.facebook.net\/es_ES\/sdk.js#xfbml=1&#038;version=v3.3\"><\/script><\/p>\n","protected":false},"excerpt":{"rendered":"<p>La pasa de uva forma parte de la identidad productiva sanjuanina porque combina tradici\u00f3n vit\u00edcola, condiciones agroclim\u00e1ticas favorables y capacidad empresarial. El clima seco, la alta insolaci\u00f3n y las bajas precipitaciones de los valles productivos permiten desarrollar un proceso de secado natural altamente valorado, especialmente en zonas como el Valle de Tulum y el Valle [&hellip;]<\/p>\n","protected":false},"author":2,"featured_media":234698,"comment_status":"closed","ping_status":"closed","sticky":false,"template":"","format":"standard","meta":{"footnotes":""},"categories":[27],"tags":[],"class_list":["post-234697","post","type-post","status-publish","format-standard","has-post-thumbnail","hentry","category-san-juan"],"_links":{"self":[{"href":"https:\/\/radioacuariofm.com.ar\/index.php?rest_route=\/wp\/v2\/posts\/234697","targetHints":{"allow":["GET"]}}],"collection":[{"href":"https:\/\/radioacuariofm.com.ar\/index.php?rest_route=\/wp\/v2\/posts"}],"about":[{"href":"https:\/\/radioacuariofm.com.ar\/index.php?rest_route=\/wp\/v2\/types\/post"}],"author":[{"embeddable":true,"href":"https:\/\/radioacuariofm.com.ar\/index.php?rest_route=\/wp\/v2\/users\/2"}],"replies":[{"embeddable":true,"href":"https:\/\/radioacuariofm.com.ar\/index.php?rest_route=%2Fwp%2Fv2%2Fcomments&post=234697"}],"version-history":[{"count":1,"href":"https:\/\/radioacuariofm.com.ar\/index.php?rest_route=\/wp\/v2\/posts\/234697\/revisions"}],"predecessor-version":[{"id":234699,"href":"https:\/\/radioacuariofm.com.ar\/index.php?rest_route=\/wp\/v2\/posts\/234697\/revisions\/234699"}],"wp:featuredmedia":[{"embeddable":true,"href":"https:\/\/radioacuariofm.com.ar\/index.php?rest_route=\/wp\/v2\/media\/234698"}],"wp:attachment":[{"href":"https:\/\/radioacuariofm.com.ar\/index.php?rest_route=%2Fwp%2Fv2%2Fmedia&parent=234697"}],"wp:term":[{"taxonomy":"category","embeddable":true,"href":"https:\/\/radioacuariofm.com.ar\/index.php?rest_route=%2Fwp%2Fv2%2Fcategories&post=234697"},{"taxonomy":"post_tag","embeddable":true,"href":"https:\/\/radioacuariofm.com.ar\/index.php?rest_route=%2Fwp%2Fv2%2Ftags&post=234697"}],"curies":[{"name":"wp","href":"https:\/\/api.w.org\/{rel}","templated":true}]}}