{"id":234694,"date":"2026-05-01T08:15:56","date_gmt":"2026-05-01T11:15:56","guid":{"rendered":"https:\/\/radioacuariofm.com.ar\/?p=234694"},"modified":"2026-05-01T08:15:56","modified_gmt":"2026-05-01T11:15:56","slug":"sanjuaninos-que-impulsaron-el-progreso-en-la-provincia","status":"publish","type":"post","link":"https:\/\/radioacuariofm.com.ar\/?p=234694","title":{"rendered":"Sanjuaninos que impulsaron el progreso en la provincia"},"content":{"rendered":"<p><\/p>\n<div>\n<p>Los derechos laborales actuales son el resultado de un largo proceso de luchas y reclamos, tanto a nivel internacional como nacional y provincial. En el contexto del siglo XIX, el desarrollo del capitalismo industrial transform\u00f3 las sociedades europeas y dio origen a nuevas clases sociales, como la burgues\u00eda y el proletariado, en medio de un fuerte crecimiento urbano y cambios econ\u00f3micos.<\/p>\n<p>A pesar de algunos avances logrados por las organizaciones obreras, las mejoras significativas demandaron a\u00f1os de conflictos. Un hito fundamental fue la huelga de Chicago en 1886, en la que reclamaban por la jornada laboral de ocho horas y que dej\u00f3 v\u00edctimas fatales conocidas como los \u201cM\u00e1rtires de Chicago\u201d.<\/p>\n<p>En 1889, la Segunda Internacional, reunida en Par\u00eds, estableci\u00f3 el 1 de mayo como D\u00eda Internacional de los Trabajadores en homenaje a esos hechos, fecha que luego se adopt\u00f3 en gran parte del mundo.<\/p>\n<h2>Hitos laborales en San Juan <\/h2>\n<p>El Archivo General de la Provincia registra importantes avances en materia laboral durante las primeras d\u00e9cadas del siglo XX. En 1923, San Juan aprob\u00f3 la Ley N\u00ba 79, que estableci\u00f3 la jornada laboral de 8 horas, y la Ley N\u00ba 81, que fij\u00f3 salarios m\u00ednimos. Al a\u00f1o siguiente, un decreto reglament\u00f3 estas normas para asegurar su cumplimiento y se instituy\u00f3 el 1 de mayo como feriado provincial por el D\u00eda del Trabajador.<\/p>\n<p>En paralelo, a nivel nacional se sancionaron leyes clave como la N\u00ba 11.317 (1924), orientada a proteger el trabajo de mujeres y menores, y otras normativas que regularon horarios y condiciones laborales, como la N\u00ba 11.338 (1926) y la N\u00ba 11.544 (1929), que consolid\u00f3 la jornada de ocho horas diarias.<\/p>\n<p>M\u00e1s adelante, en 1935, San Juan avanz\u00f3 con la creaci\u00f3n del Departamento de Trabajo mediante la Ley N\u00ba 690, fortaleciendo la regulaci\u00f3n de las relaciones laborales en la provincia.<\/p>\n<h2>Protagonistas del trabajo sanjuanino<\/h2>\n<p>Naci\u00f3 en 1815 en San Jos\u00e9 de J\u00e1chal. Luego de aprender las primeras letras en su hogar, se dedic\u00f3 a la ense\u00f1anza desde muy joven. A los 15 a\u00f1os se cas\u00f3 con Hilario Labal, descendiente de uno de los grandes referentes de la educaci\u00f3n p\u00fablica de la provincia en la \u00e9poca colonial. Cuando el gobernador Camilo Rojo organiz\u00f3 la educaci\u00f3n p\u00fablica, design\u00f3 directora de la escuela N\u00b0 2 a Juana Garc\u00eda. La educadora ten\u00eda una habilidad especial para ense\u00f1ar, particularmente en un establecimiento donde anualmente se matriculaban de 300 a 400 alumnos. Juana Garc\u00eda fue una de las educadoras que vocacionalmente se dedic\u00f3 al dif\u00edcil arte de ense\u00f1ar.<\/p>\n<div class=\"embera-embed-responsive embera-embed-responsive-photo embera-embed-responsive-provider-flickr\"><a data-flickr-embed=\"true\" href=\"https:\/\/www.flickr.com\/photos\/gobiernodesanjuan\/55240715334\/\" title=\"2026-04-30 GOBIERNO Sanjuaninos que impulsaron el progreso en la provincia by Gobierno de San Juan, on Flickr\"><\/a><\/div>\n<p>Esta distinguida educadora pertenec\u00eda a una honorable familia de viejo arraigo en San Juan, cuyos apellidos figuran en primera l\u00ednea en nuestra historia. Naci\u00f3 el 29 de agosto de 1844, siendo sus padres Agust\u00edn Cardoso y Rosa Aberastain. Desde ni\u00f1a empez\u00f3 a sentir inclinaciones por la ense\u00f1anza, se form\u00f3 de manera autodidacta con los escasos elementos que se consegu\u00edan en esa \u00e9poca. En la administraci\u00f3n de Sarmiento, se fundaron muchas escuelas y se form\u00f3 a las preceptoras de entre las mejores alumnas. Procesa Sarmiento, hermana de Domingo, dirig\u00eda una escuela superior, quien ante una situaci\u00f3n debe ausentarse por un tiempo, por lo que el Gobierno convoca a Juana Cardoso Aberastain. La maestra propuso nuevos m\u00e9todos de ense\u00f1anza, obteniendo premios y medalla de plata por haberse distinguido en tareas escolares. Adem\u00e1s de la educaci\u00f3n, Cardoso Aberastain colabor\u00f3 en diarios y revistas, perteneci\u00f3 a varias instituciones religiosas y de beneficencia.<\/p>\n<div class=\"embera-embed-responsive embera-embed-responsive-photo embera-embed-responsive-provider-flickr\"><a data-flickr-embed=\"true\" href=\"https:\/\/www.flickr.com\/photos\/gobiernodesanjuan\/55240617918\/\" title=\"2026-04-30 GOBIERNO Sanjuaninos que impulsaron el progreso en la provincia by Gobierno de San Juan, on Flickr\"><img decoding=\"async\" class=\"embera-embed-responsive-item embera-embed-responsive-item-photo\" src=\"https:\/\/live.staticflickr.com\/65535\/55240617918_842720a45b_b.jpg\" alt=\"2026-04-30 GOBIERNO Sanjuaninos que impulsaron el progreso en la provincia\"\/><\/a><\/div>\n<ul>&#13;<\/p>\n<li><strong>Carmen Pe\u00f1aloza de Varese<\/strong><\/li>\n<p>&#13;\n<\/ul>\n<p>Naci\u00f3 el 12 de julio de 1901, en Pampa del Cha\u00f1ar, J\u00e1chal. Hija de Jos\u00e9 Mar\u00eda Pe\u00f1aloza y Rosario Alcayaga, la doctora en Filosof\u00eda y Letras se cas\u00f3 con Carlos Varese, fue directora de la escuela Normal Mixta Domingo Faustino Sarmiento, miembro de la Academia Provincial de la Historia, quien adem\u00e1s fund\u00f3 el Archivo Hist\u00f3rico de la Provincia de San Juan; histori\u00f3grafa y publicista que falleci\u00f3 en San Juan el 19 de septiembre de 1982. Por resoluci\u00f3n N\u00b0 1054-SCE-86, del 10 de diciembre de 1986, se denomina \u201cCarmen Pe\u00f1aloza de Varese\u201d a la biblioteca del Archivo General de la Provincia, en honor a su fundadora.<\/p>\n<div class=\"embera-embed-responsive embera-embed-responsive-photo embera-embed-responsive-provider-flickr\"><a data-flickr-embed=\"true\" href=\"https:\/\/www.flickr.com\/photos\/gobiernodesanjuan\/55240878685\/\" title=\"2026-04-30 GOBIERNO Sanjuaninos que impulsaron el progreso en la provincia by Gobierno de San Juan, on Flickr\"><img decoding=\"async\" class=\"embera-embed-responsive-item embera-embed-responsive-item-photo\" src=\"https:\/\/live.staticflickr.com\/65535\/55240878685_57d611143d_b.jpg\" alt=\"2026-04-30 GOBIERNO Sanjuaninos que impulsaron el progreso en la provincia\"\/><\/a><\/div>\n<p>Naci\u00f3 en San Juan el 12 de enero de 1852. Fue abogado, docente y pol\u00edtico argentino, ejerci\u00f3 como gobernador de la Provincia entre 1881 y 1884 e interventor federal en la provincia de Santa Fe entre 1911 y 1912. Se doctor\u00f3 en derecho en la Universidad de Buenos Aires a los 22 a\u00f1os. De regreso a San Juan particip\u00f3 en el Club del Pueblo, agrupaci\u00f3n pol\u00edtica que segu\u00eda al ex presidente Domingo Faustino Sarmiento; fue juez del Superior Tribunal de Justicia y en 1878 fue elegido convencional constituyente.  Fue ministro de Hacienda y Obras P\u00fablicas durante las gobernaciones de Manuel Mar\u00eda Moreno y Agust\u00edn G\u00f3mez. Su gesti\u00f3n al frente de San Juan estuvo marcada por una fuerte actividad edilicia: se construy\u00f3 la Casa de Gobierno y la primera red de agua corriente. En 1884 fue elegido senador nacional, siendo reelecto en dicho cargo hasta 1895. En 1882 cre\u00f3 el Registro Civil de la provincia, que marc\u00f3 un antes y un despu\u00e9s en la historia del pa\u00eds. Desde 1897 fue rector del Colegio Nacional de San Juan. Se jubil\u00f3 como rector del Colegio Nacional en 1913 y falleci\u00f3 en su ciudad natal en 1939, a los 87 a\u00f1os de edad.<\/p>\n<div class=\"embera-embed-responsive embera-embed-responsive-photo embera-embed-responsive-provider-flickr\"><a data-flickr-embed=\"true\" href=\"https:\/\/www.flickr.com\/photos\/gobiernodesanjuan\/55240878690\/\" title=\"2026-04-30 GOBIERNO Sanjuaninos que impulsaron el progreso en la provincia by Gobierno de San Juan, on Flickr\"><img decoding=\"async\" class=\"embera-embed-responsive-item embera-embed-responsive-item-photo\" src=\"https:\/\/live.staticflickr.com\/65535\/55240878690_1834c79af1_b.jpg\" alt=\"2026-04-30 GOBIERNO Sanjuaninos que impulsaron el progreso en la provincia\"\/><\/a><\/div>\n<p>Naci\u00f3 en San Juan, el 12 de abril de 1890, hijo de \u00c1ngel Cantoni, natural de Pav\u00eda, Italia, y de Ursulina Aimo Both, natural de Tur\u00edn, Italia. En 1923 result\u00f3 elegido gobernador por primera vez y volvi\u00f3 a serlo en 1931, siendo autor de vastas reformas e iniciativas de progreso que caracteriz\u00f3 esta \u00e9poca. Durante sus mandatos es sancionada la Ley N\u00b0 79 en San Juan, en enero de 1923, que configur\u00f3 un hito hist\u00f3rico fundamental en la provincia al establecer la jornada legal de 8 horas de trabajo para obreros y empleados. Falleci\u00f3 a la edad de sesenta y seis a\u00f1os en San Juan, el 22 de junio de 1956.<\/p>\n<div class=\"embera-embed-responsive embera-embed-responsive-photo embera-embed-responsive-provider-flickr\"><a data-flickr-embed=\"true\" href=\"https:\/\/www.flickr.com\/photos\/gobiernodesanjuan\/55240715339\/\" title=\"2026-04-30 GOBIERNO Sanjuaninos que impulsaron el progreso en la provincia by Gobierno de San Juan, on Flickr\"><img decoding=\"async\" class=\"embera-embed-responsive-item embera-embed-responsive-item-photo\" src=\"https:\/\/live.staticflickr.com\/65535\/55240715339_d9ac852e5f_b.jpg\" alt=\"2026-04-30 GOBIERNO Sanjuaninos que impulsaron el progreso en la provincia\"\/><\/a><\/div>\n<p>Naci\u00f3 en San Juan el 15 de agosto de 1911, hijo de Juan Maur\u00edn y Victorina Navarro, siendo sobrino bisnieto de Sarmiento. Emilio Maur\u00edn Navarro fue abogado, profesor de historia del Colegio Nacional, tambi\u00e9n miembro de la Academia Provincial de la Historia y autor de varios trabajos hist\u00f3ricos sobre Guillermo Rawson, Amado Laprida, Marcial V. Quiroga, Juan Carlos Navarro, Fray Justo Santa Mar\u00eda de Oro y de otros sanjuaninos distinguidos. Adem\u00e1s, public\u00f3 libros sobre la historia de la m\u00fasica, la medicina, y la vitivinicultura sanjuanina. Este ciudadano aport\u00f3 innumerables escritos a la comunidad, a trav\u00e9s de diarios como la Naci\u00f3n, La Prensa, Tribuna, el Vi\u00f1atero y Diario de Cuyo.<\/p>\n<div class=\"embera-embed-responsive embera-embed-responsive-photo embera-embed-responsive-provider-flickr\"><a data-flickr-embed=\"true\" href=\"https:\/\/www.flickr.com\/photos\/gobiernodesanjuan\/55239570707\/\" title=\"2026-04-30 GOBIERNO Sanjuaninos que impulsaron el progreso en la provincia by Gobierno de San Juan, on Flickr\"><img decoding=\"async\" class=\"embera-embed-responsive-item embera-embed-responsive-item-photo\" src=\"https:\/\/live.staticflickr.com\/65535\/55239570707_027df8cb5e_b.jpg\" alt=\"2026-04-30 GOBIERNO Sanjuaninos que impulsaron el progreso en la provincia\"\/><\/a><\/div>\n<p>Los procesos hist\u00f3ricos, leyes y protagonistas permiten comprender que el progreso laboral en San Juan fue el resultado de d\u00e9cadas de esfuerzos, debates y transformaciones sociales. Desde las primeras normativas hasta las reformas institucionales y el aporte de educadores, abogados y gobernantes, la provincia fue construyendo un camino de reconocimiento de derechos y de valorizaci\u00f3n del trabajo. Recordar este camino en el D\u00eda del Trabajador no solo permite homenajear a quienes lucharon por mejores condiciones laborales, sino tambi\u00e9n reconocer a los sanjuaninos que, desde distintos \u00e1mbitos, contribuyeron al desarrollo y fortalecimiento de la provincia.<\/p>\n<h2>Fuentes:<\/h2>\n<p><strong>Departamento Biblioteca y Hemeroteca del Archivo General de la Provincia:<\/strong><\/p>\n<ul>&#13;<\/p>\n<li>Guerrero, C. H. (1943). Patricias Sanjuaninas. San Juan, Argentina.<\/li>\n<p>&#13;<\/p>\n<li>\u201cHistoria de San Juan \u2013 Tomo VI (\u00c9poca Patria 1875-1914)\u201d, Horacio Videla<\/li>\n<p>&#13;\n<\/ul>\n<\/p><\/div>\n<p><script async defer crossorigin=\"anonymous\" src=\"https:\/\/connect.facebook.net\/es_ES\/sdk.js#xfbml=1&#038;version=v3.3\"><\/script><\/p>\n","protected":false},"excerpt":{"rendered":"<p>Los derechos laborales actuales son el resultado de un largo proceso de luchas y reclamos, tanto a nivel internacional como nacional y provincial. En el contexto del siglo XIX, el desarrollo del capitalismo industrial transform\u00f3 las sociedades europeas y dio origen a nuevas clases sociales, como la burgues\u00eda y el proletariado, en medio de un [&hellip;]<\/p>\n","protected":false},"author":2,"featured_media":234695,"comment_status":"closed","ping_status":"closed","sticky":false,"template":"","format":"standard","meta":{"footnotes":""},"categories":[27],"tags":[],"class_list":["post-234694","post","type-post","status-publish","format-standard","has-post-thumbnail","hentry","category-san-juan"],"_links":{"self":[{"href":"https:\/\/radioacuariofm.com.ar\/index.php?rest_route=\/wp\/v2\/posts\/234694","targetHints":{"allow":["GET"]}}],"collection":[{"href":"https:\/\/radioacuariofm.com.ar\/index.php?rest_route=\/wp\/v2\/posts"}],"about":[{"href":"https:\/\/radioacuariofm.com.ar\/index.php?rest_route=\/wp\/v2\/types\/post"}],"author":[{"embeddable":true,"href":"https:\/\/radioacuariofm.com.ar\/index.php?rest_route=\/wp\/v2\/users\/2"}],"replies":[{"embeddable":true,"href":"https:\/\/radioacuariofm.com.ar\/index.php?rest_route=%2Fwp%2Fv2%2Fcomments&post=234694"}],"version-history":[{"count":1,"href":"https:\/\/radioacuariofm.com.ar\/index.php?rest_route=\/wp\/v2\/posts\/234694\/revisions"}],"predecessor-version":[{"id":234696,"href":"https:\/\/radioacuariofm.com.ar\/index.php?rest_route=\/wp\/v2\/posts\/234694\/revisions\/234696"}],"wp:featuredmedia":[{"embeddable":true,"href":"https:\/\/radioacuariofm.com.ar\/index.php?rest_route=\/wp\/v2\/media\/234695"}],"wp:attachment":[{"href":"https:\/\/radioacuariofm.com.ar\/index.php?rest_route=%2Fwp%2Fv2%2Fmedia&parent=234694"}],"wp:term":[{"taxonomy":"category","embeddable":true,"href":"https:\/\/radioacuariofm.com.ar\/index.php?rest_route=%2Fwp%2Fv2%2Fcategories&post=234694"},{"taxonomy":"post_tag","embeddable":true,"href":"https:\/\/radioacuariofm.com.ar\/index.php?rest_route=%2Fwp%2Fv2%2Ftags&post=234694"}],"curies":[{"name":"wp","href":"https:\/\/api.w.org\/{rel}","templated":true}]}}