{"id":234689,"date":"2026-05-01T05:54:49","date_gmt":"2026-05-01T08:54:49","guid":{"rendered":"https:\/\/radioacuariofm.com.ar\/?p=234689"},"modified":"2026-05-01T05:54:50","modified_gmt":"2026-05-01T08:54:50","slug":"trump-en-conferencia-con-astronautas-de-artemis-ii-el-director-de-la-nasa-seguro-escucho-la-pregunta-con-esas-orejas","status":"publish","type":"post","link":"https:\/\/radioacuariofm.com.ar\/?p=234689","title":{"rendered":"Trump, en conferencia con astronautas de Artemis II: \u201cEl director de la NASA seguro escuch\u00f3 la pregunta con esas orejas\u201d"},"content":{"rendered":"<p> <br \/>\n<\/p>\n<div>\n<p class=\"com-paragraph  --capital --s\">El presidente de Estados Unidos, <strong>Donald Trump<\/strong>, protagoniz\u00f3 este mi\u00e9rcoles un<strong> inc\u00f3modo momento<\/strong> durante la conferencia de prensa con los <a href=\"https:\/\/www.lanacion.com.ar\/estados-unidos\/artemis-ii-trump-recibio-a-los-astronautas-en-la-casa-blanca-y-prometio-volver-a-la-luna-antes-de-nid30042026\/\" target=\"_self\" title=\"https:\/\/www.lanacion.com.ar\/estados-unidos\/artemis-ii-trump-recibio-a-los-astronautas-en-la-casa-blanca-y-prometio-volver-a-la-luna-antes-de-nid30042026\/\" class=\"com-link break-word\" data-mrf-recirculation=\"n_link_parrafo\"><strong>astronautas de la misi\u00f3n Artemis II<\/strong><\/a><strong> <\/strong>en la Casa Blanca. Ante la pregunta de uno de los periodistas acreditados, el primer mandatario <strong>trat\u00f3 de hacer un chiste<\/strong> y <strong>se refiri\u00f3 al aspecto f\u00edsico<\/strong> del director de la Administraci\u00f3n Nacional de Aeron\u00e1utica y el Espacio (NASA),<strong> Jared Isaacman<\/strong>.<\/p>\n<p class=\"com-paragraph   --s\">Desde el Despacho Oval, Trump se gir\u00f3 hacia el funcionario para cederle la palabra y coment\u00f3, en tono burl\u00f3n: <strong>\u201cSeguro escuch\u00f3 la pregunta, con esas orejas que tiene. \u00bfO\u00edste la pregunta con esas preciosas orejas que ten\u00e9s?\u201d<\/strong>. Luego, entre risas, agreg\u00f3: \u201cTiene un gran o\u00eddo, tiene supero\u00eddos\u201d.<\/p>\n<div class=\"content-media cursor-pointer container-center-100\">\n<section class=\"media-container relative ratio-16-9 mod-media pb-32\">\n<figure class=\"mod-video\">\n<div class=\"video-player bg-black ratio-16-9\" data-has-jwplayer=\"true\" data-video-id-jw=\"b59OvusC\" data-config=\"{&quot;title&quot;:&quot;El momento en que Trump se burla del director de la NASA&quot;,&quot;mediaId&quot;:&quot;b59OvusC&quot;,&quot;playerId&quot;:&quot;ih0086X3&quot;,&quot;playlist&quot;:[{&quot;mediaid&quot;:&quot;b59OvusC&quot;,&quot;sources&quot;:[{&quot;file&quot;:&quot;https:\/\/cdn.jwplayer.com\/manifests\/b59OvusC.m3u8&quot;,&quot;type&quot;:&quot;application\/vnd.apple.mpegurl&quot;},{&quot;bitrate&quot;:408305,&quot;file&quot;:&quot;https:\/\/cdn.jwplayer.com\/videos\/b59OvusC-kTExGaWf.mp4&quot;,&quot;filesize&quot;:918688,&quot;framerate&quot;:30,&quot;height&quot;:180,&quot;label&quot;:&quot;180p&quot;,&quot;type&quot;:&quot;video\/mp4&quot;,&quot;width&quot;:320},{&quot;bitrate&quot;:641305,&quot;file&quot;:&quot;https:\/\/cdn.jwplayer.com\/videos\/b59OvusC-K8B0kybS.mp4&quot;,&quot;filesize&quot;:1442937,&quot;framerate&quot;:30,&quot;height&quot;:270,&quot;label&quot;:&quot;270p&quot;,&quot;type&quot;:&quot;video\/mp4&quot;,&quot;width&quot;:480},{&quot;bitrate&quot;:1357915,&quot;file&quot;:&quot;https:\/\/cdn.jwplayer.com\/videos\/b59OvusC-46NIuRKO.mp4&quot;,&quot;filesize&quot;:3055309,&quot;framerate&quot;:30,&quot;height&quot;:720,&quot;label&quot;:&quot;720p&quot;,&quot;type&quot;:&quot;video\/mp4&quot;,&quot;width&quot;:1280},{&quot;bitrate&quot;:118679,&quot;file&quot;:&quot;https:\/\/cdn.jwplayer.com\/videos\/b59OvusC-hz5z2Tv4.m4a&quot;,&quot;filesize&quot;:267028,&quot;label&quot;:&quot;AAC Audio&quot;,&quot;type&quot;:&quot;audio\/mp4&quot;},{&quot;bitrate&quot;:684255,&quot;file&quot;:&quot;https:\/\/cdn.jwplayer.com\/videos\/b59OvusC-FnZGUVnC.mp4&quot;,&quot;filesize&quot;:1539575,&quot;framerate&quot;:30,&quot;height&quot;:360,&quot;label&quot;:&quot;360p&quot;,&quot;type&quot;:&quot;video\/mp4&quot;,&quot;width&quot;:640},{&quot;bitrate&quot;:1091544,&quot;file&quot;:&quot;https:\/\/cdn.jwplayer.com\/videos\/b59OvusC-0G6Pwvlw.mp4&quot;,&quot;filesize&quot;:2455975,&quot;framerate&quot;:30,&quot;height&quot;:540,&quot;label&quot;:&quot;540p&quot;,&quot;type&quot;:&quot;video\/mp4&quot;,&quot;width&quot;:960}]}],&quot;hasAutoplay&quot;:false,&quot;autostart&quot;:true,&quot;tagsUrl&quot;:&quot;https:\/\/pubads.g.doubleclick.net\/gampad\/ads?slotname=\/133919216\/la_nacion_video\/nota\/preroll&amp;sz=640x480|400x300&amp;ciu_szs=300x250&amp;unviewed_position_start=1&amp;output=vast&amp;impl=s&amp;env=vp&amp;gdfp_req=1&amp;ad_rule=0&amp;vad_type=linear&amp;vpos=preroll&amp;cust_params=tags_nuevos%3Dte_donald_trump%2Cte_estados_unidos%2Cte_nasa%2Cte_artemis_ii%2Cca_el_mundo%2Cca_estados_unidos%2C%2C7ZNEIFDEARDFRMLR3S753XTERQ&amp;pod=3&amp;ppos=1&amp;lip=true&amp;min_ad_duration=0&amp;max_ad_duration=30000&amp;vrid=6256&amp;url=https%3A%2F%2Fwww.lanacion.com.ar%2Fel-mundo%2Ftrump-en-conferencia-con-astronautas-de-artemis-ii-el-director-de-la-nasa-seguro-escucho-la-pregunta-nid30042026%2F%3Fvariant%3DA&amp;description_url=https%3A%2F%2Fwww.lanacion.com.ar%2Fel-mundo%2Ftrump-en-conferencia-con-astronautas-de-artemis-ii-el-director-de-la-nasa-seguro-escucho-la-pregunta-nid30042026%2F%3Fvariant%3DA&amp;video_doc_id=short_onecue&amp;cmsid=496&amp;kfa=0&amp;tfcd=0&amp;correlator=1777625689167&quot;,&quot;arcSite&quot;:&quot;la-nacion-ar&quot;,&quot;duration&quot;:&quot;18000&quot;}\">\n<div id=\"facade-b59OvusC\" class=\"content-facade-jw relative bg-black ratio-16-9\"><picture><source media=\"(max-width: 767px)\" srcset=\"https:\/\/resizer.glanacion.com\/resizer\/v2\/https%3A%2F%2Fcdn.jwplayer.com%2Fv2%2Fmedia%2Fb59OvusC%2Fposter.jpg%3Fwidth%3D720?auth=84e084eacf6b35b9171d6d3b64770ee22e28a16af1f43b95967677df05e10431&amp;width=480&amp;quality=70&amp;smart=false\"\/><\/picture><\/div>\n<\/div><figcaption class=\"border border-1 border-bottom border-light-300 relative px-16 py-8 min-h-36 w-100_md px-0_l mb-8 bg-white\"><span class=\"text ln-text text-16 block\">El momento en que Trump se burla del director de la NASA<\/span><\/figcaption><\/figure>\n<\/section>\n<\/div>\n<p class=\"com-paragraph   --s\">Mientras el presidente se re\u00eda de su propio chiste, las c\u00e1maras hac\u00edan un <strong>zoom sobre la cara del director de la NASA<\/strong>, espec\u00edficamente un plano detallado de sus orejas.<\/p>\n<p class=\"com-paragraph   --s\">El funcionario trumpista se refiri\u00f3 posteriormente a lo sucedido y brome\u00f3 respecto de los comentarios del jefe de Estado. \u201cTodos tenemos superpoderes. <strong>Los m\u00edos simplemente son m\u00e1s f\u00e1ciles de detectar que los de los dem\u00e1s<\/strong>\u201d, respondi\u00f3 en<em> X<\/em> Isaacman ante los cuestionamientos de algunos usuarios por el comportamiento de Trump.<\/p>\n<div class=\"content-media\">\n<section role=\"button\" class=\"mod-media   \">\n<figure role=\"button\" tabindex=\"0\" class=\"mod-figure \"><figcaption class=\"mod-figcaption\"><span class=\"com-text --caption --twoxs\">La respuesta del funcionario.<\/span><span class=\"com-text --credit --twoxs\">X   <\/span><\/figcaption><\/figure>\n<\/section>\n<\/div>\n<p class=\"com-paragraph   --s\">A poco m\u00e1s de dos semanas de su regreso del viaje alrededor de la Luna, los astronautas de la misi\u00f3n <strong>Artemis II <\/strong>fueron recibidos por el presidente Trump en <strong>Washington<\/strong>. El mandatario republicano destac\u00f3 su trabajo y habl\u00f3 sobre un <strong>posible retorno al espacio <\/strong>antes de que termine su mandato.<\/p>\n<p class=\"com-paragraph   --s\">\u201cTenemos a algunas personas que han capturado la atenci\u00f3n de todo el mundo. Se necesitan personas como estas para hacer grande a nuestro pa\u00eds\u201d, dijo Trump sentado en su escritorio. A su costado estuvieron los estadounidenses <strong>Reid Wiseman<\/strong>, <strong>Victor Glover <\/strong>y <strong>Christina Koch <\/strong>y el canadiense <strong>Jeremy Hansen<\/strong>, quienes participaron en la misi\u00f3n de la NASA.<\/p>\n<p class=\"com-paragraph   --s\">El mandatario les dio la bienvenida a los tripulantes en la Casa Blanca frente a la prensa y les agradeci\u00f3 por haber participado de la misi\u00f3n. \u201c<strong>No s\u00e9 c\u00f3mo lo hacen<\/strong>. Yo no querr\u00eda hacerlo, pero se necesita gente como esta para que nuestro pa\u00eds sea grande\u201d, asegur\u00f3.<\/p>\n<p class=\"com-paragraph   --s\">Trump, a su vez, aprovech\u00f3 la situaci\u00f3n para marcar las prioridades del gobierno estadounidense en materia espacial e indic\u00f3 que uno de los objetivos es crear una Fuerza Espacial. Entre otros temas, el presidente norteamericano afirm\u00f3 que cree que <strong>la NASA podr\u00eda llevar a astronautas a la superficie de la Luna nuevamente antes de que acabe su mandato<\/strong>, a principios de 2029. <\/p>\n<p class=\"com-paragraph   --s\">Adem\u00e1s, <strong>Isaacman, administrador de la NASA<\/strong>, inform\u00f3 que la sede de la agencia permanecer\u00e1 en Washington porque la ciudad capital es una \u201cventaja\u201d.<\/p>\n<section class=\"container-center-100 mb-40 border border-bottom border-thin border-neutral-light-700\">\n<hr\/>\n<\/section>\n<\/div>\n<p><script id=\"facebookpixel\" defer=\"\" type=\"text\/javascript\">\n        !function(f,b,e,v,n,t,s)\n        {if(f.fbq)return;n=f.fbq=function(){n.callMethod?\n        n.callMethod.apply(n,arguments):n.queue.push(arguments)};\n        if(!f._fbq)f._fbq=n;n.push=n;n.loaded=!0;n.version='2.0';\n        n.queue=[];t=b.createElement(e);t.async=!0;\n        t.src=v;s=b.getElementsByTagName(e)[0];\n        s.parentNode.insertBefore(t,s)}(window, document,'script',\n        'https:\/\/connect.facebook.net\/en_US\/fbevents.js');\n        fbq('init', '492459597522335');\n        fbq('track', 'PageView');\n    <\/script><br \/>\n<br \/><\/p>\n","protected":false},"excerpt":{"rendered":"<p>El presidente de Estados Unidos, Donald Trump, protagoniz\u00f3 este mi\u00e9rcoles un inc\u00f3modo momento durante la conferencia de prensa con los astronautas de la misi\u00f3n Artemis II en la Casa Blanca. Ante la pregunta de uno de los periodistas acreditados, el primer mandatario trat\u00f3 de hacer un chiste y se refiri\u00f3 al aspecto f\u00edsico del director [&hellip;]<\/p>\n","protected":false},"author":2,"featured_media":234690,"comment_status":"closed","ping_status":"closed","sticky":false,"template":"","format":"standard","meta":{"footnotes":""},"categories":[1],"tags":[],"class_list":["post-234689","post","type-post","status-publish","format-standard","has-post-thumbnail","hentry","category-uncategorized"],"_links":{"self":[{"href":"https:\/\/radioacuariofm.com.ar\/index.php?rest_route=\/wp\/v2\/posts\/234689","targetHints":{"allow":["GET"]}}],"collection":[{"href":"https:\/\/radioacuariofm.com.ar\/index.php?rest_route=\/wp\/v2\/posts"}],"about":[{"href":"https:\/\/radioacuariofm.com.ar\/index.php?rest_route=\/wp\/v2\/types\/post"}],"author":[{"embeddable":true,"href":"https:\/\/radioacuariofm.com.ar\/index.php?rest_route=\/wp\/v2\/users\/2"}],"replies":[{"embeddable":true,"href":"https:\/\/radioacuariofm.com.ar\/index.php?rest_route=%2Fwp%2Fv2%2Fcomments&post=234689"}],"version-history":[{"count":1,"href":"https:\/\/radioacuariofm.com.ar\/index.php?rest_route=\/wp\/v2\/posts\/234689\/revisions"}],"predecessor-version":[{"id":234691,"href":"https:\/\/radioacuariofm.com.ar\/index.php?rest_route=\/wp\/v2\/posts\/234689\/revisions\/234691"}],"wp:featuredmedia":[{"embeddable":true,"href":"https:\/\/radioacuariofm.com.ar\/index.php?rest_route=\/wp\/v2\/media\/234690"}],"wp:attachment":[{"href":"https:\/\/radioacuariofm.com.ar\/index.php?rest_route=%2Fwp%2Fv2%2Fmedia&parent=234689"}],"wp:term":[{"taxonomy":"category","embeddable":true,"href":"https:\/\/radioacuariofm.com.ar\/index.php?rest_route=%2Fwp%2Fv2%2Fcategories&post=234689"},{"taxonomy":"post_tag","embeddable":true,"href":"https:\/\/radioacuariofm.com.ar\/index.php?rest_route=%2Fwp%2Fv2%2Ftags&post=234689"}],"curies":[{"name":"wp","href":"https:\/\/api.w.org\/{rel}","templated":true}]}}