{"id":234678,"date":"2026-05-01T01:51:20","date_gmt":"2026-05-01T04:51:20","guid":{"rendered":"https:\/\/radioacuariofm.com.ar\/?p=234678"},"modified":"2026-05-01T01:51:22","modified_gmt":"2026-05-01T04:51:22","slug":"el-incomodo-momento-entre-los-representantes-de-israel-y-palestina-en-un-congreso-de-fifa","status":"publish","type":"post","link":"https:\/\/radioacuariofm.com.ar\/?p=234678","title":{"rendered":"El inc\u00f3modo momento entre los representantes de Israel y Palestina en un congreso de FIFA"},"content":{"rendered":"<p> <br \/>\n<\/p>\n<div>\n<p class=\"com-paragraph  --capital --s\">VANCOUVER (AP).- Este jueves en el <strong>Congreso que la Federaci\u00f3n lnternacional de F\u00fatbol Asociado (FIFA)<\/strong> que se realiz\u00f3 en Vancouver, Canad\u00e1, el presidente de la <strong>Asociaci\u00f3n Palestina de F\u00fatbol (APF)<\/strong>, <strong>Jibril Rajoub<\/strong>, <a href=\"https:\/\/www.lanacion.com.ar\/deportes\/futbol\/congreso-de-fifa-en-asuncion-ropa-limpia-negocios-sucios-nid14052025\/\" target=\"_self\" title=\"https:\/\/www.lanacion.com.ar\/deportes\/futbol\/congreso-de-fifa-en-asuncion-ropa-limpia-negocios-sucios-nid14052025\/\" class=\"com-link break-word\" data-mrf-recirculation=\"n_link_parrafo\">se neg\u00f3 a estrechar la mano de<\/a> <strong>Basim Sheikh Suliman<\/strong>, vicepresidente de la <strong>Asociaci\u00f3n de F\u00fatbol de Israel (AFI)<\/strong>.<\/p>\n<p class=\"com-paragraph   --s\">El gesto hab\u00eda sido una solicitud del presidente de la FIFA, <strong>Gianni Infantino<\/strong>, quien buscaba visibilizar una imagen de confraternidad entre ambos pa\u00edses <a href=\"https:\/\/www.lanacion.com.ar\/el-mundo\/guerra-de-estados-unidos-e-israel-contra-iran-en-vivo-tension-en-medio-oriente-hoy-jueves-30-de-nid30042026\/\" target=\"_self\" title=\"https:\/\/www.lanacion.com.ar\/el-mundo\/guerra-de-estados-unidos-e-israel-contra-iran-en-vivo-tension-en-medio-oriente-hoy-jueves-30-de-nid30042026\/\" class=\"com-link break-word\" data-mrf-recirculation=\"n_link_parrafo\">en medio del recrudecimiento de la guerra en Medio Oriente<\/a>. <\/p>\n<p class=\"com-paragraph   --s\">Luego de los discursos de ambas autoridades, Infantino los volvi\u00f3 a convocar al escenario. Pero una vez arriba, se mantuvieron muy distanciados. Antes de descender de la tarima, <strong>Rajoub protest\u00f3 en voz alta<\/strong>.<\/p>\n<div class=\"content-media cursor-pointer container-center-100\">\n<section class=\"media-container relative ratio-16-9 mod-media pb-32\">\n<figure class=\"mod-video\">\n<div class=\"video-player bg-black ratio-16-9\" data-has-jwplayer=\"true\" data-video-id-jw=\"PygQWNTD\" data-config=\"{&quot;title&quot;:&quot;El momento en el que los directivos se niegan el saludo&quot;,&quot;mediaId&quot;:&quot;PygQWNTD&quot;,&quot;playerId&quot;:&quot;ih0086X3&quot;,&quot;playlist&quot;:[{&quot;mediaid&quot;:&quot;PygQWNTD&quot;,&quot;sources&quot;:[{&quot;file&quot;:&quot;https:\/\/cdn.jwplayer.com\/manifests\/PygQWNTD.m3u8&quot;,&quot;type&quot;:&quot;application\/vnd.apple.mpegurl&quot;},{&quot;bitrate&quot;:308783,&quot;file&quot;:&quot;https:\/\/cdn.jwplayer.com\/videos\/PygQWNTD-kTExGaWf.mp4&quot;,&quot;filesize&quot;:5944078,&quot;framerate&quot;:30,&quot;height&quot;:320,&quot;label&quot;:&quot;180p&quot;,&quot;type&quot;:&quot;video\/mp4&quot;,&quot;width&quot;:180},{&quot;bitrate&quot;:434400,&quot;file&quot;:&quot;https:\/\/cdn.jwplayer.com\/videos\/PygQWNTD-K8B0kybS.mp4&quot;,&quot;filesize&quot;:8362216,&quot;framerate&quot;:30,&quot;height&quot;:480,&quot;label&quot;:&quot;270p&quot;,&quot;type&quot;:&quot;video\/mp4&quot;,&quot;width&quot;:270},{&quot;bitrate&quot;:1190571,&quot;file&quot;:&quot;https:\/\/cdn.jwplayer.com\/videos\/PygQWNTD-46NIuRKO.mp4&quot;,&quot;filesize&quot;:22918496,&quot;framerate&quot;:30,&quot;height&quot;:1280,&quot;label&quot;:&quot;720p&quot;,&quot;type&quot;:&quot;video\/mp4&quot;,&quot;width&quot;:720},{&quot;bitrate&quot;:113680,&quot;file&quot;:&quot;https:\/\/cdn.jwplayer.com\/videos\/PygQWNTD-hz5z2Tv4.m4a&quot;,&quot;filesize&quot;:2188348,&quot;label&quot;:&quot;AAC Audio&quot;,&quot;type&quot;:&quot;audio\/mp4&quot;},{&quot;bitrate&quot;:2284951,&quot;file&quot;:&quot;https:\/\/cdn.jwplayer.com\/videos\/PygQWNTD-SomplJdm.mp4&quot;,&quot;filesize&quot;:43985321,&quot;framerate&quot;:30,&quot;height&quot;:1920,&quot;label&quot;:&quot;1080p&quot;,&quot;type&quot;:&quot;video\/mp4&quot;,&quot;width&quot;:1080},{&quot;bitrate&quot;:472518,&quot;file&quot;:&quot;https:\/\/cdn.jwplayer.com\/videos\/PygQWNTD-FnZGUVnC.mp4&quot;,&quot;filesize&quot;:9095975,&quot;framerate&quot;:30,&quot;height&quot;:640,&quot;label&quot;:&quot;360p&quot;,&quot;type&quot;:&quot;video\/mp4&quot;,&quot;width&quot;:360},{&quot;bitrate&quot;:793423,&quot;file&quot;:&quot;https:\/\/cdn.jwplayer.com\/videos\/PygQWNTD-0G6Pwvlw.mp4&quot;,&quot;filesize&quot;:15273410,&quot;framerate&quot;:30,&quot;height&quot;:960,&quot;label&quot;:&quot;540p&quot;,&quot;type&quot;:&quot;video\/mp4&quot;,&quot;width&quot;:540}]}],&quot;hasAutoplay&quot;:false,&quot;autostart&quot;:true,&quot;tagsUrl&quot;:&quot;https:\/\/pubads.g.doubleclick.net\/gampad\/ads?slotname=\/133919216\/la_nacion_video\/nota\/preroll&amp;sz=640x480|400x300&amp;ciu_szs=300x250&amp;unviewed_position_start=1&amp;output=vast&amp;impl=s&amp;env=vp&amp;gdfp_req=1&amp;ad_rule=0&amp;vad_type=linear&amp;vpos=preroll&amp;cust_params=tags_nuevos%3Dte_fifa%2Cte_israel%2Cte_guerra_en_medio_oriente%2Cte_gianni_infantino%2Cte_futbol_y_politica%2Cca_el_mundo%2C%2CCRGBVJKHYJC2JJWTAMQMX4D2TA&amp;pod=3&amp;ppos=1&amp;lip=true&amp;min_ad_duration=0&amp;max_ad_duration=30000&amp;vrid=6256&amp;url=https%3A%2F%2Fwww.lanacion.com.ar%2Fdeportes%2Fel-incomodo-momento-entre-los-representantes-de-israel-y-palestina-en-un-congreso-de-fifa-nid01052026%2F%3Fvariant%3DA&amp;description_url=https%3A%2F%2Fwww.lanacion.com.ar%2Fdeportes%2Fel-incomodo-momento-entre-los-representantes-de-israel-y-palestina-en-un-congreso-de-fifa-nid01052026%2F%3Fvariant%3DA&amp;video_doc_id=short_onecue&amp;cmsid=496&amp;kfa=0&amp;tfcd=0&amp;correlator=1777611004412&quot;,&quot;arcSite&quot;:&quot;la-nacion-ar&quot;,&quot;duration&quot;:&quot;154000&quot;}\">\n<div id=\"facade-PygQWNTD\" class=\"content-facade-jw relative bg-black ratio-16-9\"><picture><source media=\"(max-width: 767px)\" srcset=\"https:\/\/resizer.glanacion.com\/resizer\/v2\/https%3A%2F%2Fcdn.jwplayer.com%2Fv2%2Fmedia%2FPygQWNTD%2Fposter.jpg%3Fwidth%3D720?auth=e24941b1f5bb54015b6289c6a31c47809b3cc2ecfb08cadac264905924e0fd7d&amp;width=480&amp;quality=70&amp;smart=false\"\/><\/picture><\/div>\n<\/div><figcaption class=\"border border-1 border-bottom border-light-300 relative px-16 py-8 min-h-36 w-100_md px-0_l mb-8 bg-white\"><span class=\"text ln-text text-16 block\">El momento en el que los directivos se niegan el saludo<\/span><\/figcaption><\/figure>\n<\/section>\n<\/div>\n<p class=\"com-paragraph   --s\">Durante su alocuci\u00f3n, Rajoub inst\u00f3 a la FIFA a abordar las acusaciones de la Asociaci\u00f3n Palestina de F\u00fatbol de que <strong>Israel incumpli\u00f3 la normativa contra la discriminaci\u00f3n<\/strong> al permitir clubes con sede en los asentamientos de Cisjordania. <\/p>\n<p class=\"com-paragraph   --s\">Adem\u00e1s, confirm\u00f3 que la APF llevar\u00e1 el asunto al Tribunal de Arbitraje Deportivo despu\u00e9s de que la FIFA resolviera en marzo no suspender a Israel. <strong>Desde la FIFA citaron el estatuto legal no resuelto y complejo de Cisjordania<\/strong>.<\/p>\n<p class=\"com-paragraph   --s\">Por otro lado -en un asunto separado que involucra a un club israel\u00ed-, la FIFA mult\u00f3 a la AFI con US$190.000 por cargos disciplinarios relacionados con \u201c<strong>discriminaci\u00f3n y abuso racista<\/strong>\u201d, adem\u00e1s de \u201c<strong>conducta ofensiva y violaciones de los principios del juego limpio<\/strong>\u201d.<\/p>\n<div class=\"content-media cursor-pointer container-center-100\">\n<section class=\"media-container relative ratio-16-9 mod-media pb-32\">\n<figure class=\"mod-video\">\n<div class=\"video-player bg-black ratio-16-9\" data-has-jwplayer=\"true\" data-video-id-jw=\"kh0D50W1\" data-config=\"{&quot;title&quot;:&quot;El descargo del presidente de la AFP&quot;,&quot;mediaId&quot;:&quot;kh0D50W1&quot;,&quot;playerId&quot;:&quot;ih0086X3&quot;,&quot;playlist&quot;:[{&quot;mediaid&quot;:&quot;kh0D50W1&quot;,&quot;sources&quot;:[{&quot;file&quot;:&quot;https:\/\/cdn.jwplayer.com\/manifests\/kh0D50W1.m3u8&quot;,&quot;type&quot;:&quot;application\/vnd.apple.mpegurl&quot;},{&quot;bitrate&quot;:442605,&quot;file&quot;:&quot;https:\/\/cdn.jwplayer.com\/videos\/kh0D50W1-kTExGaWf.mp4&quot;,&quot;filesize&quot;:2323680,&quot;framerate&quot;:30,&quot;height&quot;:320,&quot;label&quot;:&quot;180p&quot;,&quot;type&quot;:&quot;video\/mp4&quot;,&quot;width&quot;:180},{&quot;bitrate&quot;:712541,&quot;file&quot;:&quot;https:\/\/cdn.jwplayer.com\/videos\/kh0D50W1-K8B0kybS.mp4&quot;,&quot;filesize&quot;:3740841,&quot;framerate&quot;:30,&quot;height&quot;:480,&quot;label&quot;:&quot;270p&quot;,&quot;type&quot;:&quot;video\/mp4&quot;,&quot;width&quot;:270},{&quot;bitrate&quot;:1408797,&quot;file&quot;:&quot;https:\/\/cdn.jwplayer.com\/videos\/kh0D50W1-46NIuRKO.mp4&quot;,&quot;filesize&quot;:7396189,&quot;framerate&quot;:30,&quot;height&quot;:1280,&quot;label&quot;:&quot;720p&quot;,&quot;type&quot;:&quot;video\/mp4&quot;,&quot;width&quot;:720},{&quot;bitrate&quot;:116126,&quot;file&quot;:&quot;https:\/\/cdn.jwplayer.com\/videos\/kh0D50W1-hz5z2Tv4.m4a&quot;,&quot;filesize&quot;:609663,&quot;label&quot;:&quot;AAC Audio&quot;,&quot;type&quot;:&quot;audio\/mp4&quot;},{&quot;bitrate&quot;:725217,&quot;file&quot;:&quot;https:\/\/cdn.jwplayer.com\/videos\/kh0D50W1-FnZGUVnC.mp4&quot;,&quot;filesize&quot;:3807393,&quot;framerate&quot;:30,&quot;height&quot;:640,&quot;label&quot;:&quot;360p&quot;,&quot;type&quot;:&quot;video\/mp4&quot;,&quot;width&quot;:360},{&quot;bitrate&quot;:1148350,&quot;file&quot;:&quot;https:\/\/cdn.jwplayer.com\/videos\/kh0D50W1-0G6Pwvlw.mp4&quot;,&quot;filesize&quot;:6028839,&quot;framerate&quot;:30,&quot;height&quot;:960,&quot;label&quot;:&quot;540p&quot;,&quot;type&quot;:&quot;video\/mp4&quot;,&quot;width&quot;:540}]}],&quot;hasAutoplay&quot;:false,&quot;autostart&quot;:true,&quot;tagsUrl&quot;:&quot;https:\/\/pubads.g.doubleclick.net\/gampad\/ads?slotname=\/133919216\/la_nacion_video\/nota\/preroll&amp;sz=640x480|400x300&amp;ciu_szs=300x250&amp;unviewed_position_start=1&amp;output=vast&amp;impl=s&amp;env=vp&amp;gdfp_req=1&amp;ad_rule=0&amp;vad_type=linear&amp;vpos=preroll&amp;cust_params=tags_nuevos%3Dte_fifa%2Cte_israel%2Cte_guerra_en_medio_oriente%2Cte_gianni_infantino%2Cte_futbol_y_politica%2Cca_el_mundo%2C%2CCRGBVJKHYJC2JJWTAMQMX4D2TA&amp;pod=3&amp;ppos=1&amp;lip=true&amp;min_ad_duration=0&amp;max_ad_duration=30000&amp;vrid=6256&amp;url=https%3A%2F%2Fwww.lanacion.com.ar%2Fdeportes%2Fel-incomodo-momento-entre-los-representantes-de-israel-y-palestina-en-un-congreso-de-fifa-nid01052026%2F%3Fvariant%3DA&amp;description_url=https%3A%2F%2Fwww.lanacion.com.ar%2Fdeportes%2Fel-incomodo-momento-entre-los-representantes-de-israel-y-palestina-en-un-congreso-de-fifa-nid01052026%2F%3Fvariant%3DA&amp;video_doc_id=short_onecue&amp;cmsid=496&amp;kfa=0&amp;tfcd=0&amp;correlator=1777611004413&quot;,&quot;arcSite&quot;:&quot;la-nacion-ar&quot;,&quot;duration&quot;:&quot;42000&quot;}\">\n<div id=\"facade-kh0D50W1\" class=\"content-facade-jw relative bg-black ratio-16-9\"><picture><source media=\"(max-width: 767px)\" srcset=\"https:\/\/resizer.glanacion.com\/resizer\/v2\/https%3A%2F%2Fcdn.jwplayer.com%2Fv2%2Fmedia%2Fkh0D50W1%2Fposter.jpg%3Fwidth%3D720?auth=7c0363b62491cabe06effb113c501d939ae168e1887ce7a32425c1878c689508&amp;width=480&amp;quality=70&amp;smart=false\"\/><img class=\"image com-image flex --cover\" decoding=\"async\" fetchpriority=\"low\" loading=\"lazy\" src=\"https:\/\/radioacuariofm.com.ar\/wp-content\/uploads\/2026\/05\/https:\/\/cdn.jwplayer.com\/v2\/media\/kh0D50W1\/poster.jpg\" alt=\"El descargo del presidente de la AFP\"\/><\/picture><\/div>\n<\/div><figcaption class=\"border border-1 border-bottom border-light-300 relative px-16 py-8 min-h-36 w-100_md px-0_l mb-8 bg-white\"><span class=\"text ln-text text-16 block\">El descargo del presidente de la AFP<\/span><\/figcaption><\/figure>\n<\/section>\n<\/div>\n<p class=\"com-paragraph   --s\">Despu\u00e9s de que ambos abandonaran el escenario en el Centro de Convenciones de Vancouver, <strong>Infantino les agradeci\u00f3 por dirigirse a los delegados e hizo un llamado<\/strong>. \u201cPresidente Rajoub, vicepresidente Suliman: <strong>trabajemos juntos<\/strong>. Trabajemos juntos para dar esperanza a los ni\u00f1os. Trabajemos juntos para eso\u201d, dijo el mandam\u00e1s de la FIFA. <\/p>\n<p class=\"com-paragraph   --s\">Tras el Congreso, Rajoub explic\u00f3 por qu\u00e9 tom\u00f3 esa decisi\u00f3n y pregunt\u00f3, ante una ronda de periodistas, si Israel tiene \u201c<strong>derecho siquiera a formar parte de la FIFA<\/strong>\u201d. \u201cDe mi parte, sigo respetando y siguiendo todos los procedimientos legales a trav\u00e9s de las instituciones de la FIFA, <strong>pero creo que es momento de entender que Israel deber\u00eda ser sancionado por las violaciones de los estatutos de la FIFA<\/strong>, de los derechos humanos\u201d, a\u00f1adi\u00f3 el responsable de la AFP.<\/p>\n<p class=\"com-paragraph   --s\">Yariv Teper, secretario general interino de la AFl, no realiz\u00f3 comentarios sobre las declaraciones de Rajoub, <strong>pero se\u00f1al\u00f3 que s\u00ed estar\u00edan dispuestos a trabajar con sus hom\u00f3logos palestinos<\/strong>.<\/p>\n<div class=\"content-media\">\n<section role=\"button\" class=\"mod-media   \">\n<figure role=\"button\" tabindex=\"0\" class=\"mod-figure \"><figcaption class=\"mod-figcaption\"><span class=\"com-text --caption --twoxs\">El presidente de la FIFA intentando serenar a Rajoub <\/span><\/figcaption><\/figure>\n<\/section>\n<\/div>\n<p class=\"com-paragraph   --s\">\u201cEstamos en el Congreso de la FIFA. <strong>Nuestra misi\u00f3n es promover el f\u00fatbol y un futuro mejor para todas las regiones<\/strong>, y esa es nuestra misi\u00f3n\u201d, expres\u00f3 Teper.<\/p>\n<p class=\"com-paragraph   --s\">Durante mucho tiempo, los dirigentes del f\u00fatbol palestino sostuvieron que Israel viola los estatutos al permitir que equipos de asentamientos en Cisjordania jueguen en la liga nacional de Israel. <strong>Hace 18 meses se abri\u00f3 una investigaci\u00f3n disciplinaria sobre el f\u00fatbol israel\u00ed en respuesta a una segunda objeci\u00f3n de la federaci\u00f3n palestina<\/strong>. <\/p>\n<p class=\"com-paragraph   --s\"><em><strong>Con informaci\u00f3n de AP<\/strong><\/em><\/p>\n<section class=\"container-center-100 mb-40 border border-bottom border-thin border-neutral-light-700\">\n<hr\/>\n<\/section>\n<\/div>\n<p><script id=\"facebookpixel\" defer=\"\" type=\"text\/javascript\">\n        !function(f,b,e,v,n,t,s)\n        {if(f.fbq)return;n=f.fbq=function(){n.callMethod?\n        n.callMethod.apply(n,arguments):n.queue.push(arguments)};\n        if(!f._fbq)f._fbq=n;n.push=n;n.loaded=!0;n.version='2.0';\n        n.queue=[];t=b.createElement(e);t.async=!0;\n        t.src=v;s=b.getElementsByTagName(e)[0];\n        s.parentNode.insertBefore(t,s)}(window, document,'script',\n        'https:\/\/connect.facebook.net\/en_US\/fbevents.js');\n        fbq('init', '492459597522335');\n        fbq('track', 'PageView');\n    <\/script><br \/>\n<br \/><\/p>\n","protected":false},"excerpt":{"rendered":"<p>VANCOUVER (AP).- Este jueves en el Congreso que la Federaci\u00f3n lnternacional de F\u00fatbol Asociado (FIFA) que se realiz\u00f3 en Vancouver, Canad\u00e1, el presidente de la Asociaci\u00f3n Palestina de F\u00fatbol (APF), Jibril Rajoub, se neg\u00f3 a estrechar la mano de Basim Sheikh Suliman, vicepresidente de la Asociaci\u00f3n de F\u00fatbol de Israel (AFI). El gesto hab\u00eda sido [&hellip;]<\/p>\n","protected":false},"author":2,"featured_media":234679,"comment_status":"closed","ping_status":"closed","sticky":false,"template":"","format":"standard","meta":{"footnotes":""},"categories":[1],"tags":[],"class_list":["post-234678","post","type-post","status-publish","format-standard","has-post-thumbnail","hentry","category-uncategorized"],"_links":{"self":[{"href":"https:\/\/radioacuariofm.com.ar\/index.php?rest_route=\/wp\/v2\/posts\/234678","targetHints":{"allow":["GET"]}}],"collection":[{"href":"https:\/\/radioacuariofm.com.ar\/index.php?rest_route=\/wp\/v2\/posts"}],"about":[{"href":"https:\/\/radioacuariofm.com.ar\/index.php?rest_route=\/wp\/v2\/types\/post"}],"author":[{"embeddable":true,"href":"https:\/\/radioacuariofm.com.ar\/index.php?rest_route=\/wp\/v2\/users\/2"}],"replies":[{"embeddable":true,"href":"https:\/\/radioacuariofm.com.ar\/index.php?rest_route=%2Fwp%2Fv2%2Fcomments&post=234678"}],"version-history":[{"count":1,"href":"https:\/\/radioacuariofm.com.ar\/index.php?rest_route=\/wp\/v2\/posts\/234678\/revisions"}],"predecessor-version":[{"id":234680,"href":"https:\/\/radioacuariofm.com.ar\/index.php?rest_route=\/wp\/v2\/posts\/234678\/revisions\/234680"}],"wp:featuredmedia":[{"embeddable":true,"href":"https:\/\/radioacuariofm.com.ar\/index.php?rest_route=\/wp\/v2\/media\/234679"}],"wp:attachment":[{"href":"https:\/\/radioacuariofm.com.ar\/index.php?rest_route=%2Fwp%2Fv2%2Fmedia&parent=234678"}],"wp:term":[{"taxonomy":"category","embeddable":true,"href":"https:\/\/radioacuariofm.com.ar\/index.php?rest_route=%2Fwp%2Fv2%2Fcategories&post=234678"},{"taxonomy":"post_tag","embeddable":true,"href":"https:\/\/radioacuariofm.com.ar\/index.php?rest_route=%2Fwp%2Fv2%2Ftags&post=234678"}],"curies":[{"name":"wp","href":"https:\/\/api.w.org\/{rel}","templated":true}]}}