{"id":234672,"date":"2026-04-30T23:48:58","date_gmt":"2026-05-01T02:48:58","guid":{"rendered":"https:\/\/radioacuariofm.com.ar\/?p=234672"},"modified":"2026-04-30T23:48:59","modified_gmt":"2026-05-01T02:48:59","slug":"marco-rubio-le-bajo-el-tono-a-la-filtracion-sobre-el-posible-giro-de-ee-uu-por-malvinas-es-tan-solo-un-mail","status":"publish","type":"post","link":"https:\/\/radioacuariofm.com.ar\/?p=234672","title":{"rendered":"Marco Rubio le baj\u00f3 el tono a la filtraci\u00f3n sobre el posible giro de EE.UU. por Malvinas: \u201cEs tan solo un mail\u201d"},"content":{"rendered":"<p> <br \/>\n<\/p>\n<div>\n<p class=\"com-paragraph  --capital --s\">WASHINGTON.- Luego del revuelo que se gener\u00f3 la semana pasada tras una <a href=\"https:\/\/www.lanacion.com.ar\/el-mundo\/aseguran-que-trump-analiza-quitar-el-apoyo-al-reino-unido-en-su-disputa-por-malvinas-nid24042026\/\" target=\"_self\" title=\"https:\/\/www.lanacion.com.ar\/el-mundo\/aseguran-que-trump-analiza-quitar-el-apoyo-al-reino-unido-en-su-disputa-por-malvinas-nid24042026\/\" class=\"com-link break-word\" data-mrf-recirculation=\"n_link_parrafo\">filtraci\u00f3n en el Pent\u00e1gono<\/a> que, seg\u00fan public\u00f3 la agencia <em>Reuters<\/em>, contemplaba la <strong>suspensi\u00f3n del apoyo de Donald Trump al Reino Unido en su disputa con la Argentina por las<\/strong> <strong>Islas Malvinas<\/strong>, el secretario de Estado, <strong>Marco Rubio<\/strong>, le rest\u00f3 importancia al asunto al calificarlo de <strong>\u201ctan solo un correo electr\u00f3nico\u201d<\/strong> y minimiz\u00f3 las probabilidades de que el gobierno norteamericano respalde las reivindicaciones argentinas.<\/p>\n<p class=\"com-paragraph   --s\">\u201cFue tan solo un correo electr\u00f3nico. <strong>La gente se est\u00e1 exaltando demasiado por un correo electr\u00f3nico<\/strong>. Era simplemente un correo electr\u00f3nico con algunas ideas\u201d, se\u00f1al\u00f3 el jefe de la diplomacia norteamericana al diario <em>The Telegraph<\/em>, antes de la visita del rey Carlos III a Estados Unidos esta semana.<\/p>\n<p class=\"com-paragraph   --s\">El mensaje \u2014que habr\u00eda sido redactado por un funcionario de rango inferior, seg\u00fan el medio brit\u00e1nico\u2014 suger\u00eda distintas <strong>opciones de Estados Unidos para sancionar a los aliados de la<\/strong> <strong>OTAN<\/strong> que, en su opini\u00f3n, no apoyaron las operaciones militares en la guerra contra Ir\u00e1n. Entre ellas, se\u00f1alaba, se <strong>contemplaba la suspensi\u00f3n del apoyo al Reino Unido en su disputa con la Argentina por las <\/strong><a href=\"https:\/\/www.lanacion.com.ar\/politica\/uruguay-confirmo-que-autorizo-el-vuelo-del-avion-britanico-a-las-islas-malvinas-y-dijo-que-fue-por-nid17042026\/\" target=\"_self\" title=\"https:\/\/www.lanacion.com.ar\/politica\/uruguay-confirmo-que-autorizo-el-vuelo-del-avion-britanico-a-las-islas-malvinas-y-dijo-que-fue-por-nid17042026\/\" class=\"com-link break-word\" data-mrf-recirculation=\"n_link_parrafo\"><strong>Islas Malvinas<\/strong><\/a><strong>, lo que gener\u00f3 amplias <\/strong>repercusiones<strong> en Buenos Aires y en Londres.<\/strong><\/p>\n<p class=\"com-paragraph   --s\">Una fuente estadounidense hab\u00eda se\u00f1alado a la agencia brit\u00e1nica <em>Reuters<\/em> que estas opciones de \u201ccastigo\u201d, que tambi\u00e9n incluir\u00edan la expulsi\u00f3n de Espa\u00f1a de la OTAN, se detallaron en una nota en la que se expresaba<strong> la frustraci\u00f3n ante la aparente reticencia o negativa de algunos aliados<\/strong> a conceder a Estados Unidos derechos de acceso, base y sobrevuelo (ABO, por sus siglas en ingl\u00e9s) para la guerra contra Ir\u00e1n, que comenz\u00f3 el 28 de febrero.<\/p>\n<div class=\"content-media\">\n<section role=\"button\" class=\"mod-media   \">\n<figure role=\"button\" tabindex=\"0\" class=\"mod-figure \"><figcaption class=\"mod-figcaption\"><span class=\"com-text --caption --twoxs\">El presidente estadounidense, Donald Trump, habla mientras el secretario de Estado, Marco Rubio, y el vicepresidente JD Vance escuchan en el Sal\u00f3n Oval de la Casa Blanca, el 23 de abril de 2026, en Washington. <\/span><span class=\"com-text --credit --twoxs\">Mark Schiefelbein &#8211; AP<\/span><\/figcaption><\/figure>\n<\/section>\n<\/div>\n<p class=\"com-paragraph   --s\">Seg\u00fan el tabloide brit\u00e1nico <em>The Sun<\/em>, Rubio discuti\u00f3 el asunto el mi\u00e9rcoles con la <strong>secretaria de Estado para Asuntos Exteriores brit\u00e1nica, Yvette Cooper<\/strong>, en una reuni\u00f3n en Washington.<\/p>\n<p class=\"com-paragraph   --s\">Tras el revuelo que gener\u00f3 la filtraci\u00f3n el viernes pasado, un vocero del Departamento de Estado norteamericano se\u00f1al\u00f3 a <strong>LA NACION<\/strong> que su posici\u00f3n con respecto a las islas \u201c<strong>sigue siendo de neutralidad<\/strong>\u201d.<\/p>\n<p class=\"com-paragraph   --s\">\u201c<strong>Reconocemos que existen reclamos de soberan\u00eda contrapuestos entre Argentina y el Reino Unido. <\/strong>Reconocemos la administraci\u00f3n de facto del Reino Unido sobre las islas, pero <strong>no adoptamos ninguna postura con respecto a los reclamos de soberan\u00eda de ninguna de las partes<\/strong>\u201d, explic\u00f3.<\/p>\n<p class=\"com-paragraph   --s\"><em>The Telegraph <\/em>tambi\u00e9n se\u00f1al\u00f3 en su art\u00edculo que el presidente <strong>Javier Milei dej\u00f3 en suspenso sus planes de reunirse en abril con el primer ministro brit\u00e1nico, Keir Starmer, en Londres<\/strong>, aunque no dio m\u00e1s detalles al respecto.<\/p>\n<p class=\"com-paragraph   --s\">Tras la filtraci\u00f3n y las posteriores <a href=\"https:\/\/www.lanacion.com.ar\/el-mundo\/reino-unido-reafirma-su-soberania-ante-versiones-de-un-retiro-de-apoyo-de-eeuu-nid24042026\/\" target=\"_self\" title=\"https:\/\/www.lanacion.com.ar\/el-mundo\/reino-unido-reafirma-su-soberania-ante-versiones-de-un-retiro-de-apoyo-de-eeuu-nid24042026\/\" class=\"com-link break-word\" data-mrf-recirculation=\"n_link_parrafo\"><strong>declaraciones de Reino Unido<\/strong><\/a> en relaci\u00f3n con la soberan\u00eda de las<strong> Malvinas <\/strong>-\u201cno est\u00e1 en discusi\u00f3n\u201d, advirtieron- , tanto<strong> Milei <\/strong>como el canciller <strong>Pablo Quirno <\/strong>reafirmaron el derecho argentino sobre las islas y<strong> rechazaron \u201cla invocaci\u00f3n brit\u00e1nica del principio de libre determinaci\u00f3n de los pueblos\u201d<\/strong>, en referencia a los isle\u00f1os.<\/p>\n<p class=\"com-paragraph   --s\"><strong>\u201cRechazamos la invocaci\u00f3n brit\u00e1nica del principio de libre determinaci\u00f3n de los pueblos\u201d<\/strong>, escribi\u00f3 Quirno en una extensa publicaci\u00f3n compartida en su cuenta de X, en la que denunci\u00f3 una<strong> \u201csituaci\u00f3n colonial\u201d <\/strong>que persiste en las islas desde la ocupaci\u00f3n brit\u00e1nica de 1833. <\/p>\n<div class=\"content-media\">\n<section role=\"button\" class=\"mod-media   \">\n<figure role=\"button\" tabindex=\"0\" class=\"mod-figure \"><figcaption class=\"mod-figcaption\"><span class=\"com-text --caption --twoxs\">Javier Milei, junto al embajador norteamericano,  Peter Lamelas; la secretaria general de la Presidencia, Karina Milei, y el canciller Pablo Quirno, a bordo del portaaviones USS Nimitz.<\/span><\/figcaption><\/figure>\n<\/section>\n<\/div>\n<p class=\"com-paragraph   --s\">El posteo de Quirno fue r\u00e1pidamente respaldado por un mensaje de Milei. \u00ab<strong>Las Malvinas fueron, son y siempre ser\u00e1n argentinas<\/strong>\u201c, afirm\u00f3 el mandatario.<\/p>\n<p class=\"com-paragraph   --s\">La filtraci\u00f3n del Pent\u00e1gono hab\u00eda generado entusiasmo en el Gobierno ante la posibilidad de lograr el respaldo norteamericano en la disputa con el Reino Unido, hist\u00f3rico aliado de Estados Unidos. La Casa Rosada tiene en la administraci\u00f3n Trump a su principal socio internacional.<\/p>\n<p class=\"com-paragraph   --s\">Las declaraciones de Rubio a<em> The Telegraph<\/em> se conocieron en el d\u00eda en que <strong>Carlos III y la reina Camilla<\/strong> culminan su <strong>visita de Estado <\/strong>de cuatro d\u00edas a Washington y Nueva York, en la que el monarca dio un mensaje de reconciliaci\u00f3n entre ambos pa\u00edses, en momentos en que<strong> Trump mantiene un tenso v\u00ednculo con Starmer<\/strong>.<\/p>\n<p class=\"com-paragraph   --s\"><strong>\u201cEs un gran rey, el m\u00e1s grande de los reyes, en mi opini\u00f3n\u201d<\/strong>, dijo Trump este jueves a los periodistas, mientras Carlos III y Camilla llegaban al P\u00f3rtico Sur de la Casa Blanca para una breve ceremonia de despedida. En las \u00faltimas semanas, el l\u00edder republicano hab\u00eda fustigado al premier brit\u00e1nico por su rechazo a apoyas a Estados Unidos e Israel en la guerra contra Ir\u00e1n.<\/p>\n<div class=\"content-media\">\n<section role=\"button\" class=\"mod-media   \">\n<figure role=\"button\" tabindex=\"0\" class=\"mod-figure \"><figcaption class=\"mod-figcaption\"><span class=\"com-text --caption --twoxs\">Los reyes Camilla y Carlos III, junto al presidente norteamericano, Donald Trump, y su esposa, Melania Trump, en la Casa Blanca, el jueves 30 de abril de 2026.<\/span><span class=\"com-text --credit --twoxs\">SAMIR HUSSEIN &#8211; POOL<\/span><\/figcaption><\/figure>\n<\/section>\n<\/div>\n<p class=\"com-paragraph   --s\">El viernes, ante una <a href=\"https:\/\/www.lanacion.com.ar\/estados-unidos\/que-implicaria-que-eeuu-retire-su-apoyo-al-reino-unido-en-la-disputa-por-malvinas-nid24042026\/\" target=\"_self\" title=\"https:\/\/www.lanacion.com.ar\/estados-unidos\/que-implicaria-que-eeuu-retire-su-apoyo-al-reino-unido-en-la-disputa-por-malvinas-nid24042026\/\" class=\"com-link break-word\" data-mrf-recirculation=\"n_link_parrafo\">consulta<\/a> de <strong>LA NACION<\/strong> sobre la filtraci\u00f3n y las opciones sobre la mesa para presionar a los aliados de la OTAN, <strong>el Pent\u00e1gono <\/strong>-que lidera el<strong> secretario de Guerra, Pete Hegseth<\/strong>&#8211; hab\u00eda se\u00f1alado que no ten\u00eda comentarios <strong>\u201csobre deliberaciones internas\u201d.<\/strong><\/p>\n<p class=\"com-paragraph   --s\">\u201cComo ha dicho Trump, a pesar de todo lo que Estados Unidos hizo por nuestros aliados de la OTAN, <strong>ellos no estuvieron ah\u00ed para nosotros<\/strong>. El Departamento de Guerra se asegurar\u00e1 de que el presidente cuente con <strong>opciones cre\u00edbles<\/strong> <strong>para garantizar que nuestros aliados dejen de ser un \u2018tigre de papel\u2019<\/strong> y, en su lugar, cumplan con su parte\u201d, dijo a <strong>LA NACION<\/strong> la secretaria de Prensa del Pent\u00e1gono, <strong>Kingsley Wilson<\/strong>.<\/p>\n<p class=\"com-paragraph   --s\">En tanto, el viernes la <strong>vicepresidenta Victoria Villarruel <\/strong>tambi\u00e9n se hab\u00eda expresado sobre la filtraci\u00f3n del correo interno del Pent\u00e1gono.<\/p>\n<p class=\"com-paragraph   --s\">\u201cLa discusi\u00f3n sobre la soberan\u00eda de nuestras islas es entre Estados, por lo cual el Reino Unido debe discutir bilateralmente con la Argentina el reclamo que sostenemos por razones jur\u00eddicas, hist\u00f3ricas y geogr\u00e1ficas. <strong>Los kelpers son ingleses que viven en territorio argentino, no son parte de la discusi\u00f3n<\/strong>\u201c, escribi\u00f3 en X, y luego a\u00f1adi\u00f3: <strong>\u201cSi se sienten ingleses que vuelvan a los miles de kil\u00f3metros, donde est\u00e1 su pa\u00eds\u201d.<\/strong><\/p>\n<section class=\"container-center-100 mb-40 border border-bottom border-thin border-neutral-light-700\">\n<hr\/>\n<\/section>\n<\/div>\n<p><script id=\"facebookpixel\" defer=\"\" type=\"text\/javascript\">\n        !function(f,b,e,v,n,t,s)\n        {if(f.fbq)return;n=f.fbq=function(){n.callMethod?\n        n.callMethod.apply(n,arguments):n.queue.push(arguments)};\n        if(!f._fbq)f._fbq=n;n.push=n;n.loaded=!0;n.version='2.0';\n        n.queue=[];t=b.createElement(e);t.async=!0;\n        t.src=v;s=b.getElementsByTagName(e)[0];\n        s.parentNode.insertBefore(t,s)}(window, document,'script',\n        'https:\/\/connect.facebook.net\/en_US\/fbevents.js');\n        fbq('init', '492459597522335');\n        fbq('track', 'PageView');\n    <\/script><br \/>\n<br \/><\/p>\n","protected":false},"excerpt":{"rendered":"<p>WASHINGTON.- Luego del revuelo que se gener\u00f3 la semana pasada tras una filtraci\u00f3n en el Pent\u00e1gono que, seg\u00fan public\u00f3 la agencia Reuters, contemplaba la suspensi\u00f3n del apoyo de Donald Trump al Reino Unido en su disputa con la Argentina por las Islas Malvinas, el secretario de Estado, Marco Rubio, le rest\u00f3 importancia al asunto al [&hellip;]<\/p>\n","protected":false},"author":2,"featured_media":234673,"comment_status":"closed","ping_status":"closed","sticky":false,"template":"","format":"standard","meta":{"footnotes":""},"categories":[1],"tags":[],"class_list":["post-234672","post","type-post","status-publish","format-standard","has-post-thumbnail","hentry","category-uncategorized"],"_links":{"self":[{"href":"https:\/\/radioacuariofm.com.ar\/index.php?rest_route=\/wp\/v2\/posts\/234672","targetHints":{"allow":["GET"]}}],"collection":[{"href":"https:\/\/radioacuariofm.com.ar\/index.php?rest_route=\/wp\/v2\/posts"}],"about":[{"href":"https:\/\/radioacuariofm.com.ar\/index.php?rest_route=\/wp\/v2\/types\/post"}],"author":[{"embeddable":true,"href":"https:\/\/radioacuariofm.com.ar\/index.php?rest_route=\/wp\/v2\/users\/2"}],"replies":[{"embeddable":true,"href":"https:\/\/radioacuariofm.com.ar\/index.php?rest_route=%2Fwp%2Fv2%2Fcomments&post=234672"}],"version-history":[{"count":1,"href":"https:\/\/radioacuariofm.com.ar\/index.php?rest_route=\/wp\/v2\/posts\/234672\/revisions"}],"predecessor-version":[{"id":234674,"href":"https:\/\/radioacuariofm.com.ar\/index.php?rest_route=\/wp\/v2\/posts\/234672\/revisions\/234674"}],"wp:featuredmedia":[{"embeddable":true,"href":"https:\/\/radioacuariofm.com.ar\/index.php?rest_route=\/wp\/v2\/media\/234673"}],"wp:attachment":[{"href":"https:\/\/radioacuariofm.com.ar\/index.php?rest_route=%2Fwp%2Fv2%2Fmedia&parent=234672"}],"wp:term":[{"taxonomy":"category","embeddable":true,"href":"https:\/\/radioacuariofm.com.ar\/index.php?rest_route=%2Fwp%2Fv2%2Fcategories&post=234672"},{"taxonomy":"post_tag","embeddable":true,"href":"https:\/\/radioacuariofm.com.ar\/index.php?rest_route=%2Fwp%2Fv2%2Ftags&post=234672"}],"curies":[{"name":"wp","href":"https:\/\/api.w.org\/{rel}","templated":true}]}}