{"id":234669,"date":"2026-04-30T22:47:53","date_gmt":"2026-05-01T01:47:53","guid":{"rendered":"https:\/\/radioacuariofm.com.ar\/?p=234669"},"modified":"2026-04-30T22:47:54","modified_gmt":"2026-05-01T01:47:54","slug":"el-congreso-expone-la-debilidad-de-lula-al-rechazar-su-nominado-para-la-corte-y-reducir-la-pena-de-bolsonaro","status":"publish","type":"post","link":"https:\/\/radioacuariofm.com.ar\/?p=234669","title":{"rendered":"El Congreso expone la debilidad de Lula al rechazar su nominado para la Corte y reducir la pena de Bolsonaro"},"content":{"rendered":"<p> <br \/>\n<\/p>\n<div>\n<p class=\"com-paragraph  --capital --s\">BRASILIA.\u2013<strong> <\/strong>El Senado de <a href=\"https:\/\/www.lanacion.com.ar\/el-mundo\/lula-respaldo-al-papa-leon-xiv-frente-a-trump-y-confirmo-que-buscara-la-reeleccion-en-brasil-nid14042026\/\" target=\"_self\" title=\"https:\/\/www.lanacion.com.ar\/el-mundo\/lula-respaldo-al-papa-leon-xiv-frente-a-trump-y-confirmo-que-buscara-la-reeleccion-en-brasil-nid14042026\/\" class=\"com-link break-word\" data-mrf-recirculation=\"n_link_parrafo\">Brasil <\/a><strong>rechaz\u00f3 la nominaci\u00f3n<\/strong> de Jorge Messias para el Supremo Tribunal Federal (STF), lo que constituye un <strong>rev\u00e9s pol\u00edtico sin precedentes en m\u00e1s de 100 a\u00f1os<\/strong> para el presidente <a href=\"https:\/\/www.lanacion.com.ar\/el-mundo\/lula-llama-a-trump-emperador-por-sus-arbitrarias-decisiones-y-dice-que-brasil-sufre-el-impacto-del-nid08042026\/\" target=\"_self\" title=\"https:\/\/www.lanacion.com.ar\/el-mundo\/lula-llama-a-trump-emperador-por-sus-arbitrarias-decisiones-y-dice-que-brasil-sufre-el-impacto-del-nid08042026\/\" class=\"com-link break-word\" data-mrf-recirculation=\"n_link_parrafo\">Luiz Inacio Lula da Silva.<\/a> <\/p>\n<p class=\"com-paragraph   --s\">Adem\u00e1s, el Congreso brasile\u00f1o dio luz verde este jueves a <strong>reducir la pena de prisi\u00f3n por golpismo al exmandatario Jair Bolsonaro<\/strong>, en una segunda derrota parlamentaria en menos de 24 horas para el presidente.<\/p>\n<p class=\"com-paragraph   --s\">El plenario de la C\u00e1mara alta sepult\u00f3 la candidatura del actual Fiscal General de la Uni\u00f3n con <strong>42 votos en contra<\/strong> frente a apenas 34 a favor, una cifra que qued\u00f3 lejos de los 41 apoyos necesarios para su validaci\u00f3n.<\/p>\n<div class=\"content-media\">\n<section role=\"button\" class=\"mod-media   \">\n<figure role=\"button\" tabindex=\"0\" class=\"mod-figure \"><figcaption class=\"mod-figcaption\"><span class=\"com-text --caption --twoxs\">El 29 de abril de 2026, el Senado brasile\u00f1o rechaz\u00f3 a Jorge Messias, el candidato del presidente Luiz In\u00e1cio Lula da Silva para un puesto en la Corte Suprema, lo que supuso un rev\u00e9s para el presidente a pocos meses de las elecciones presidenciales<\/span><span class=\"com-text --credit --twoxs\">SERGIO LIMA &#8211; AFP<\/span><\/figcaption><\/figure>\n<\/section>\n<\/div>\n<p class=\"com-paragraph   --s\">Este episodio marca una <strong>ruptura hist\u00f3rica<\/strong>, ya que se trata del primer candidato a la m\u00e1xima corte que el cuerpo legislativo desestima en <strong>m\u00e1s de cien a\u00f1os<\/strong>; los \u00fanicos antecedentes de este tipo remiten exclusivamente al siglo XIX.<\/p>\n<p class=\"com-paragraph   --s\">La derrota parlamentaria expone la <strong>fragilidad de la base oficialista<\/strong> y la falta de articulaci\u00f3n pol\u00edtica del Palacio del Planalto en un a\u00f1o electoral decisivo. <\/p>\n<p class=\"com-paragraph   --s\">A pesar de que Messias ensay\u00f3 una <strong>estrategia de acercamiento<\/strong> a los sectores conservadores \u2014con gui\u00f1os religiosos y una postura contraria al aborto\u2014, el ala opositora utiliz\u00f3 la votaci\u00f3n como un <strong>refer\u00e9ndum sobre la gesti\u00f3n de Lula<\/strong> y el accionar del propio STF. <\/p>\n<div class=\"content-media\">\n<section role=\"button\" class=\"mod-media   \">\n<figure role=\"button\" tabindex=\"0\" class=\"mod-figure \"><figcaption class=\"mod-figcaption\"><span class=\"com-text --caption --twoxs\">Jorge Messias<\/span><span class=\"com-text --credit --twoxs\">EVARISTO SA &#8211; AFP<\/span><\/figcaption><\/figure>\n<\/section>\n<\/div>\n<p class=\"com-paragraph   --s\">Al mismo tiempo, el Congreso profundiz\u00f3 el golpe pol\u00edtico al oficialismo al anular el veto presidencial a la llamada <strong>\u201cley de dosimetr\u00eda\u201d<\/strong>, una norma que modifica el c\u00e1lculo de las penas y que podr\u00eda derivar en una reducci\u00f3n de la condena de <strong>Jair Bolsonaro<\/strong>, sentenciado a 27 a\u00f1os de prisi\u00f3n por el intento de golpe de Estado. <\/p>\n<p class=\"com-paragraph   --s\">La medida fue aprobada con amplias mayor\u00edas <strong>\u2014318 votos contra 144 en Diputados y 49 contra 24 en el Senado\u2014<\/strong> y tambi\u00e9n podr\u00eda beneficiar a otros condenados por los ataques del 8 de enero de 2023.<\/p>\n<p class=\"com-paragraph   --s\">La oposici\u00f3n, liderada por figuras del bolsonarismo, interpreta estos resultados como la prueba de que el gobierno <strong>carece de gobernabilidad<\/strong> y respeto frente al Congreso Nacional.<\/p>\n<p class=\"com-paragraph   --s\">El contexto de esta ca\u00edda legislativa (el rechazo a su candidato a la Corte) es cr\u00edtico para el mandatario, quien a sus 80 a\u00f1os enfrenta un <strong>escenario negativo, y en algunos casos de paridad t\u00e9cnica,<\/strong> en las encuestas de cara a los comicios de octubre. <\/p>\n<p class=\"com-paragraph   --s\">El senador <strong>Flavio Bolsonaro<\/strong>, hijo del expresidente Jair Bolsonaro, capitaliza el desgaste del oficialismo y ya aventaja a Lula en proyecciones de segunda vuelta, con un <strong>47,8% de intenci\u00f3n de voto<\/strong> frente al 47,5% del actual jefe de Estado. <\/p>\n<p class=\"com-paragraph   --s\">Para los analistas, el gobierno transita una <strong>\u201ctormenta perfecta\u201d<\/strong> donde perdi\u00f3 la iniciativa pol\u00edtica y ahora solo responde de manera reactiva ante las crisis.<\/p>\n<div class=\"content-media\">\n<section role=\"button\" class=\"mod-media   \">\n<figure role=\"button\" tabindex=\"0\" class=\"mod-figure \"><figcaption class=\"mod-figcaption\"><span class=\"com-text --caption --twoxs\">Jorge Messias (segundo por la derecha), nominado por el presidente Lula da Silva para cubrir una vacante como magistrado del Tribunal Supremo, habla durante su audiencia de confirmaci\u00f3n ante la Comisi\u00f3n de Constituci\u00f3n y Justicia del Senado brasile\u00f1o, en Brasilia, el 29 de abril de 2026<\/span><span class=\"com-text --credit --twoxs\">EVARISTO SA &#8211; AFP<\/span><\/figcaption><\/figure>\n<\/section>\n<\/div>\n<p class=\"com-paragraph   --s\">La tensi\u00f3n interna en el gabinete presidencial aflor\u00f3 en las \u00faltimas semanas con <strong>reproches cruzados<\/strong> entre los ministros por la supuesta falta de comunicaci\u00f3n de los logros de la gesti\u00f3n. <\/p>\n<p class=\"com-paragraph   --s\">Lula no oculta su fastidio ante el <strong>ascenso de la derecha<\/strong> y la percepci\u00f3n de una \u201cgesti\u00f3n cansada\u201d que ya no logra seducir a la sociedad con la misma eficacia que en el pasado. <\/p>\n<p class=\"com-paragraph   --s\">El esc\u00e1ndalo de <strong>fraude en el Banco Master<\/strong>, que involucra una cifra estimada en 50.000 millones de reales, reaviv\u00f3 los <strong>estigmas \u00e9ticos<\/strong> que el Partido de los Trabajadores (PT) pretend\u00eda haber dejado atr\u00e1s, lo que golpea directamente la imagen de transparencia del Ejecutivo.<\/p>\n<p class=\"com-paragraph   --s\">En el frente econ\u00f3mico, el panorama presenta se\u00f1ales mixtas que no alcanzan para calmar el <strong>malhumor social<\/strong>. Si bien el desempleo se mantiene en niveles hist\u00f3ricamente bajos para un inicio de a\u00f1o, la tasa subi\u00f3 al <strong>6,1% en el primer trimestre<\/strong> de 2026, mientras que la inflaci\u00f3n de los combustibles y el costo de vida presionan el bolsillo de las familias. <\/p>\n<div class=\"content-media\">\n<section role=\"button\" class=\"mod-media   \">\n<figure role=\"button\" tabindex=\"0\" class=\"mod-figure \"><figcaption class=\"mod-figcaption\"><span class=\"com-text --caption --twoxs\">El presidente brasile\u00f1o, Luiz In\u00e1cio Lula da Silva<\/span><span class=\"com-text --credit --twoxs\">[e]LUCIO TAVORA &#8211; XinHua<\/span><\/figcaption><\/figure>\n<\/section>\n<\/div>\n<p class=\"com-paragraph   --s\">El gobierno prepara un <strong>\u201cpaquete de bondades\u201d<\/strong> que incluye renegociaciones de deudas y exenciones impositivas, pero diversos expertos advierten que estas medidas podr\u00edan generar una <strong>bomba fiscal<\/strong> para el pr\u00f3ximo per\u00edodo presidencial.<\/p>\n<p class=\"com-paragraph   --s\">La figura de <strong>Jair Bolsonaro<\/strong> todav\u00eda gravita sobre la pol\u00edtica brasile\u00f1a pese a su condena a 27 a\u00f1os de prisi\u00f3n por el intento de golpe de Estado en 2022. <\/p>\n<p class=\"com-paragraph   --s\">La oposici\u00f3n utiliza la derrota de Messias como una plataforma para cuestionar la <strong>legitimidad de la justicia<\/strong> y amenazar con juicios pol\u00edticos contra los magistrados que sentenciaron al exmandatario. <\/p>\n<p class=\"com-paragraph   --s\">En este clima de <strong>polarizaci\u00f3n extrema<\/strong>, el rechazo del Senado al candidato de Lula funciona como una demostraci\u00f3n de fuerza de una <strong>derecha que se siente revitalizada<\/strong> y capaz de bloquear las decisiones fundamentales del Poder Ejecutivo.<\/p>\n<p class=\"com-paragraph   --s\">Finalmente, el traspi\u00e9 en el Senado deja al descubierto a un gobierno con <strong>dificultades de control interno<\/strong> sobre sus propios aliados. <\/p>\n<div class=\"content-media\">\n<section role=\"button\" class=\"mod-media   \">\n<figure role=\"button\" tabindex=\"0\" class=\"mod-figure \"><figcaption class=\"mod-figcaption\"><span class=\"com-text --caption --twoxs\">Jorge Messias<\/span><span class=\"com-text --credit --twoxs\">EVARISTO SA &#8211; AFP<\/span><\/figcaption><\/figure>\n<\/section>\n<\/div>\n<p class=\"com-paragraph   --s\">El senador oficialista Weverton Rocha admiti\u00f3 que Lula probablemente <strong>no presente un nuevo nombre<\/strong> para la corte antes de las elecciones, lo que deja esa vacante en el aire y suma incertidumbre institucional. <\/p>\n<p class=\"com-paragraph   --s\">La percepci\u00f3n de un <strong>\u201cgobierno d\u00e9bil\u201d<\/strong> que no domina la agenda legislativa se consolida como el principal obst\u00e1culo para las aspiraciones de reelecci\u00f3n del l\u00edder izquierdista, quien debe enfrentar ahora un Congreso que huele la <strong>vulnerabilidad del Planalto<\/strong>.<\/p>\n<p class=\"com-paragraph   --s\"><strong>Agencias ANSA, AFP y diario<\/strong><em><strong> O Globo<\/strong><\/em><\/p>\n<section class=\"container-center-100 mb-40 border border-bottom border-thin border-neutral-light-700\">\n<hr\/>\n<\/section>\n<\/div>\n<p><script id=\"facebookpixel\" defer=\"\" type=\"text\/javascript\">\n        !function(f,b,e,v,n,t,s)\n        {if(f.fbq)return;n=f.fbq=function(){n.callMethod?\n        n.callMethod.apply(n,arguments):n.queue.push(arguments)};\n        if(!f._fbq)f._fbq=n;n.push=n;n.loaded=!0;n.version='2.0';\n        n.queue=[];t=b.createElement(e);t.async=!0;\n        t.src=v;s=b.getElementsByTagName(e)[0];\n        s.parentNode.insertBefore(t,s)}(window, document,'script',\n        'https:\/\/connect.facebook.net\/en_US\/fbevents.js');\n        fbq('init', '492459597522335');\n        fbq('track', 'PageView');\n    <\/script><br \/>\n<br \/><\/p>\n","protected":false},"excerpt":{"rendered":"<p>BRASILIA.\u2013 El Senado de Brasil rechaz\u00f3 la nominaci\u00f3n de Jorge Messias para el Supremo Tribunal Federal (STF), lo que constituye un rev\u00e9s pol\u00edtico sin precedentes en m\u00e1s de 100 a\u00f1os para el presidente Luiz Inacio Lula da Silva. Adem\u00e1s, el Congreso brasile\u00f1o dio luz verde este jueves a reducir la pena de prisi\u00f3n por golpismo [&hellip;]<\/p>\n","protected":false},"author":2,"featured_media":234670,"comment_status":"closed","ping_status":"closed","sticky":false,"template":"","format":"standard","meta":{"footnotes":""},"categories":[1],"tags":[],"class_list":["post-234669","post","type-post","status-publish","format-standard","has-post-thumbnail","hentry","category-uncategorized"],"_links":{"self":[{"href":"https:\/\/radioacuariofm.com.ar\/index.php?rest_route=\/wp\/v2\/posts\/234669","targetHints":{"allow":["GET"]}}],"collection":[{"href":"https:\/\/radioacuariofm.com.ar\/index.php?rest_route=\/wp\/v2\/posts"}],"about":[{"href":"https:\/\/radioacuariofm.com.ar\/index.php?rest_route=\/wp\/v2\/types\/post"}],"author":[{"embeddable":true,"href":"https:\/\/radioacuariofm.com.ar\/index.php?rest_route=\/wp\/v2\/users\/2"}],"replies":[{"embeddable":true,"href":"https:\/\/radioacuariofm.com.ar\/index.php?rest_route=%2Fwp%2Fv2%2Fcomments&post=234669"}],"version-history":[{"count":1,"href":"https:\/\/radioacuariofm.com.ar\/index.php?rest_route=\/wp\/v2\/posts\/234669\/revisions"}],"predecessor-version":[{"id":234671,"href":"https:\/\/radioacuariofm.com.ar\/index.php?rest_route=\/wp\/v2\/posts\/234669\/revisions\/234671"}],"wp:featuredmedia":[{"embeddable":true,"href":"https:\/\/radioacuariofm.com.ar\/index.php?rest_route=\/wp\/v2\/media\/234670"}],"wp:attachment":[{"href":"https:\/\/radioacuariofm.com.ar\/index.php?rest_route=%2Fwp%2Fv2%2Fmedia&parent=234669"}],"wp:term":[{"taxonomy":"category","embeddable":true,"href":"https:\/\/radioacuariofm.com.ar\/index.php?rest_route=%2Fwp%2Fv2%2Fcategories&post=234669"},{"taxonomy":"post_tag","embeddable":true,"href":"https:\/\/radioacuariofm.com.ar\/index.php?rest_route=%2Fwp%2Fv2%2Ftags&post=234669"}],"curies":[{"name":"wp","href":"https:\/\/api.w.org\/{rel}","templated":true}]}}