{"id":234654,"date":"2026-04-30T19:44:52","date_gmt":"2026-04-30T22:44:52","guid":{"rendered":"https:\/\/radioacuariofm.com.ar\/?p=234654"},"modified":"2026-04-30T19:44:53","modified_gmt":"2026-04-30T22:44:53","slug":"trump-dice-que-probablemente-podria-retirar-las-tropas-de-ee-uu-de-italia-y-espana","status":"publish","type":"post","link":"https:\/\/radioacuariofm.com.ar\/?p=234654","title":{"rendered":"Trump dice que \u201cprobablemente\u201d podr\u00eda retirar las tropas de EE.UU de Italia y Espa\u00f1a"},"content":{"rendered":"<p> <br \/>\n<\/p>\n<div>\n<p class=\"com-paragraph  --capital --s\">WASHINGTON.\u2013 Un d\u00eda despu\u00e9s de anunciar que estaba estudiando reducir el n\u00famero de militares en <a href=\"https:\/\/www.lanacion.com.ar\/el-mundo\/el-enfrentamiento-de-trump-con-merz-demuestra-lo-dificil-que-es-mantener-la-amistad-con-el-nid30042026\/\" target=\"_self\" title=\"https:\/\/www.lanacion.com.ar\/el-mundo\/el-enfrentamiento-de-trump-con-merz-demuestra-lo-dificil-que-es-mantener-la-amistad-con-el-nid30042026\/\" class=\"com-link break-word\" data-mrf-recirculation=\"n_link_parrafo\">Alemania,<\/a><strong> <\/strong>el presidente de Estados Unidos, <strong>Donald Trump,<\/strong> dijo este jueves que <strong>\u201cprobablemente\u201d considerar\u00eda retirar tambi\u00e9n las tropas norteamericanas de Italia y Espa\u00f1a.<\/strong><\/p>\n<p class=\"com-paragraph   --s\">Trump ha criticado duramente a los aliados de la OTAN por no enviar sus armadas <strong>para ayudar a abrir el estrecho de Ormuz,<\/strong> que qued\u00f3 cerrado al tr\u00e1fico mar\u00edtimo mundial tras el inicio de la guerra a\u00e9rea de Estados Unidos e Israel contra Ir\u00e1n el 28 de febrero.<\/p>\n<p class=\"com-paragraph   --s\">Un correo electr\u00f3nico interno del Pent\u00e1gono, del que se inform\u00f3 la semana pasada, esbozaba opciones para que Estados Unidos <strong>castigara a los aliados<\/strong> de la OTAN que, en su opini\u00f3n, no hab\u00edan apoyado las operaciones estadounidenses en la guerra contra Ir\u00e1n, incluida la suspensi\u00f3n de Espa\u00f1a de la alianza.<\/p>\n<div class=\"content-media\">\n<section role=\"button\" class=\"mod-media   \">\n<figure role=\"button\" tabindex=\"0\" class=\"mod-figure \"><figcaption class=\"mod-figcaption\"><span class=\"com-text --caption --twoxs\">Donald Trump junto a la primera ministra italiana Giorgia Meloni en la Casa Blanca (Archivo)  <\/span><span class=\"com-text --credit --twoxs\">BRENDAN SMIALOWSKI &#8211; AFP<\/span><\/figcaption><\/figure>\n<\/section>\n<\/div>\n<p class=\"com-paragraph   --s\">Trump, quien a principios mes baraj\u00f3 la posibilidad de retirar algunas tropas estadounidenses de Europa, dijo el mi\u00e9rcoles que <strong>su gobierno estaba estudiando recortes en las fuerzas en Alemania <\/strong>y que pronto se tomar\u00eda una decisi\u00f3n.<\/p>\n<p class=\"com-paragraph   --s\">Cuando se le pregunt\u00f3 este jueves <strong>si tambi\u00e9n considerar\u00eda retirar las tropas estadounidenses de Italia y Espa\u00f1a,<\/strong> dos pa\u00edses que tambi\u00e9n se han mostrado cr\u00edticos con la guerra contra Ir\u00e1n, respondi\u00f3: \u201cProbablemente (&#8230;) Mira, <strong>\u00bfpor qu\u00e9 no iba a hacerlo?<\/strong> Italia no nos ha ayudado en absoluto y Espa\u00f1a ha sido horrible, absolutamente horrible\u00bb.<\/p>\n<p class=\"com-paragraph   --s\">\u201cEs la OTAN. <strong>No es ni siquiera una cuesti\u00f3n de lo malos que sean.<\/strong> Ser\u00eda otra cosa si lo hubieran dicho con cortes\u00eda\u00bb, explic\u00f3 Trump.<\/p>\n<p class=\"com-paragraph   --s\">\u201cMiren el nivel de ayuda que est\u00e1n brindando a Ucrania.<strong> Han causado un desastre en Ucrania: un caos total<\/strong>. Lo incre\u00edble es que han usado el estrecho de Ormuz, mientras que nosotros no lo usamos\u00bb, subray\u00f3, aludiendo a que el paso beneficia m\u00e1s a los europeos que a su pa\u00eds.<\/p>\n<div class=\"content-media\">\n<section role=\"button\" class=\"mod-media   \">\n<figure role=\"button\" tabindex=\"0\" class=\"mod-figure \"><figcaption class=\"mod-figcaption\"><span class=\"com-text --caption --twoxs\">Donald Trump y el presidente del gobierno espa\u00f1ol, Pedro S\u00e1nchez (Archivo)<\/span><span class=\"com-text --credit --twoxs\">JIM WATSON &#8211; AFP<\/span><\/figcaption><\/figure>\n<\/section>\n<\/div>\n<p class=\"com-paragraph   --s\">La econom\u00eda de Ir\u00e1n <strong>\u201cse est\u00e1 derrumbando: el bloqueo es incre\u00edble; Ir\u00e1n ya no tiene ingresos petroleros\u201d<\/strong>, dijo por otra parte, y reiter\u00f3 que nadie sabe qui\u00e9nes son los l\u00edderes de Ir\u00e1n. <strong>\u201cIr\u00e1n est\u00e1 desesperado por llegar a un acuerdo\u201d<\/strong>, a\u00f1adi\u00f3, y describi\u00f3 el conflicto como <strong>\u201cuna operaci\u00f3n militar; no lo llamo guerra\u201d<\/strong>.<\/p>\n<p class=\"com-paragraph   --s\">El Gobierno espa\u00f1ol expres\u00f3 su tranquilidad ante la amenaza del presidente de retirar las tropas estadounidenses estacionadas en Espa\u00f1a, Italia y Alemania para atacar a los aliados de la OTAN que se negaron a apoyar la intervenci\u00f3n contra Teher\u00e1n. As\u00ed lo afirmaron fuentes gubernamentales citadas por la prensa espa\u00f1ola, que reiteran que Espa\u00f1a es un socio fiable y que siempre ha cumplido sus compromisos. <\/p>\n<p class=\"com-paragraph   --s\">El Gobierno espa\u00f1ol \u201creitera su tranquilidad\u201d ante otras amenazas recientes de Trump, como la de expulsar a Espa\u00f1a de la Alianza Atl\u00e1ntica, por su postura sobre el conflicto de Medio Oriente y su negativa a aumentar el gasto militar al 5% del PBI exigido por la OTAN.<\/p>\n<p class=\"com-paragraph   --s\">El mes pasado, Trump amenaz\u00f3 con imponer <strong>un embargo comercial total a Espa\u00f1a<\/strong> despu\u00e9s de que su aliado europeo se neg\u00f3 a permitir que el Ej\u00e9rcito estadounidense usara sus bases para misiones relacionadas con ataques contra Ir\u00e1n.<\/p>\n<p class=\"com-paragraph   --s\"><strong>En Italia hay 13.000 soldados estadounidenses en varias bases; en Espa\u00f1a, 4000.<\/strong> En Alemania la presencia es de cerca de <strong>39.000 efectivos <\/strong>en bases como Ramstein, Garnison y Grafenwoehr.<\/p>\n<p class=\"com-paragraph   --s\">En cuesti\u00f3n de pocas horas, Trump lanz\u00f3 un doble ataque al canciller <strong>Friedrich Merz:<\/strong> primero anunciando que estar\u00eda dispuesto a <a href=\"https:\/\/www.lanacion.com.ar\/estados-unidos\/trump-dice-que-contempla-reducir-las-tropas-estadounidenses-en-alemania-nid29042026\/\" target=\"_self\" title=\"https:\/\/www.lanacion.com.ar\/estados-unidos\/trump-dice-que-contempla-reducir-las-tropas-estadounidenses-en-alemania-nid29042026\/\" class=\"com-link break-word\" data-mrf-recirculation=\"n_link_parrafo\">reducir las tropas en Alemania <\/a>y luego aconsej\u00e1ndole que se ocupara <strong>\u201cde Ucrania y de su pa\u00eds, que est\u00e1 en ruinas\u201d <\/strong>en lugar de ocuparse de Ir\u00e1n.<\/p>\n<div class=\"content-media\">\n<section role=\"button\" class=\"mod-media   \">\n<figure role=\"button\" tabindex=\"0\" class=\"mod-figure \"><figcaption class=\"mod-figcaption\"><span class=\"com-text --caption --twoxs\">Trump ya hab\u00eda anunciado la salida de las tropas estadounidenses de Alemania, donde sirvi\u00f3 entre otros Elvis Presley cumpliendo su servicio militar <\/span><span class=\"com-text --credit --twoxs\">GETTY IMAGES +<\/span><\/figcaption><\/figure>\n<\/section>\n<\/div>\n<p class=\"com-paragraph   --s\">Trump le pas\u00f3 la factura a Merz por las declaraciones del canciller emitidas d\u00edas atr\u00e1s, cuando lleg\u00f3 a decir que Estados Unidos no ten\u00eda <strong>\u201cninguna estrategia\u201d<\/strong> para salir del conflicto en Ir\u00e1n, a\u00f1adiendo que el liderazgo de Teher\u00e1n <strong>\u201cest\u00e1 humillando a toda una naci\u00f3n\u201d,<\/strong> la estadounidense. Esta \u00faltima frase enfureci\u00f3 al magnate.<\/p>\n<p class=\"com-paragraph   --s\">Durante su visita a un campo de adiestramiento del Ej\u00e9rcito en Munster, Merz, que hasta el mi\u00e9rcoles negaba que existiera un problema con el presidente estadounidense, se\u00f1al\u00f3: \u201cEn este periodo turbulento <strong>seguimos una l\u00ednea clara.<\/strong> Esta l\u00ednea sigue fundament\u00e1ndose en la OTAN y en una asociaci\u00f3n transatl\u00e1ntica fiable\u00bb.<\/p>\n<p class=\"com-paragraph   --s\">Su ministro de Relaciones Exteriores, Johann Wadephul, respondi\u00f3 entrando en el fondo de la cuesti\u00f3n. \u201cEstamos preparados para ello<strong>, lo estamos debatiendo en profundidad y en un esp\u00edritu de confianza con todos los \u00f3rganos de la OTAN,<\/strong> y esperamos decisiones de los estadounidenses al respecto\u00bb, asegur\u00f3.<\/p>\n<p class=\"com-paragraph   --s\"><strong>Agencias Reuters y ANSA<\/strong><\/p>\n<section class=\"container-center-100 mb-40 border border-bottom border-thin border-neutral-light-700\">\n<hr\/>\n<\/section>\n<\/div>\n<p><script id=\"facebookpixel\" defer=\"\" type=\"text\/javascript\">\n        !function(f,b,e,v,n,t,s)\n        {if(f.fbq)return;n=f.fbq=function(){n.callMethod?\n        n.callMethod.apply(n,arguments):n.queue.push(arguments)};\n        if(!f._fbq)f._fbq=n;n.push=n;n.loaded=!0;n.version='2.0';\n        n.queue=[];t=b.createElement(e);t.async=!0;\n        t.src=v;s=b.getElementsByTagName(e)[0];\n        s.parentNode.insertBefore(t,s)}(window, document,'script',\n        'https:\/\/connect.facebook.net\/en_US\/fbevents.js');\n        fbq('init', '492459597522335');\n        fbq('track', 'PageView');\n    <\/script><br \/>\n<br \/><\/p>\n","protected":false},"excerpt":{"rendered":"<p>WASHINGTON.\u2013 Un d\u00eda despu\u00e9s de anunciar que estaba estudiando reducir el n\u00famero de militares en Alemania, el presidente de Estados Unidos, Donald Trump, dijo este jueves que \u201cprobablemente\u201d considerar\u00eda retirar tambi\u00e9n las tropas norteamericanas de Italia y Espa\u00f1a. Trump ha criticado duramente a los aliados de la OTAN por no enviar sus armadas para ayudar [&hellip;]<\/p>\n","protected":false},"author":2,"featured_media":234655,"comment_status":"closed","ping_status":"closed","sticky":false,"template":"","format":"standard","meta":{"footnotes":""},"categories":[1],"tags":[],"class_list":["post-234654","post","type-post","status-publish","format-standard","has-post-thumbnail","hentry","category-uncategorized"],"_links":{"self":[{"href":"https:\/\/radioacuariofm.com.ar\/index.php?rest_route=\/wp\/v2\/posts\/234654","targetHints":{"allow":["GET"]}}],"collection":[{"href":"https:\/\/radioacuariofm.com.ar\/index.php?rest_route=\/wp\/v2\/posts"}],"about":[{"href":"https:\/\/radioacuariofm.com.ar\/index.php?rest_route=\/wp\/v2\/types\/post"}],"author":[{"embeddable":true,"href":"https:\/\/radioacuariofm.com.ar\/index.php?rest_route=\/wp\/v2\/users\/2"}],"replies":[{"embeddable":true,"href":"https:\/\/radioacuariofm.com.ar\/index.php?rest_route=%2Fwp%2Fv2%2Fcomments&post=234654"}],"version-history":[{"count":1,"href":"https:\/\/radioacuariofm.com.ar\/index.php?rest_route=\/wp\/v2\/posts\/234654\/revisions"}],"predecessor-version":[{"id":234656,"href":"https:\/\/radioacuariofm.com.ar\/index.php?rest_route=\/wp\/v2\/posts\/234654\/revisions\/234656"}],"wp:featuredmedia":[{"embeddable":true,"href":"https:\/\/radioacuariofm.com.ar\/index.php?rest_route=\/wp\/v2\/media\/234655"}],"wp:attachment":[{"href":"https:\/\/radioacuariofm.com.ar\/index.php?rest_route=%2Fwp%2Fv2%2Fmedia&parent=234654"}],"wp:term":[{"taxonomy":"category","embeddable":true,"href":"https:\/\/radioacuariofm.com.ar\/index.php?rest_route=%2Fwp%2Fv2%2Fcategories&post=234654"},{"taxonomy":"post_tag","embeddable":true,"href":"https:\/\/radioacuariofm.com.ar\/index.php?rest_route=%2Fwp%2Fv2%2Ftags&post=234654"}],"curies":[{"name":"wp","href":"https:\/\/api.w.org\/{rel}","templated":true}]}}