{"id":234642,"date":"2026-04-30T17:42:52","date_gmt":"2026-04-30T20:42:52","guid":{"rendered":"https:\/\/radioacuariofm.com.ar\/?p=234642"},"modified":"2026-04-30T17:42:53","modified_gmt":"2026-04-30T20:42:53","slug":"una-yegua-asistio-al-funeral-de-su-dueno-en-brasil-y-su-reaccion-frente-al-ataud-se-volvio-viral","status":"publish","type":"post","link":"https:\/\/radioacuariofm.com.ar\/?p=234642","title":{"rendered":"Una yegua asisti\u00f3 al funeral de su due\u00f1o en Brasil y su reacci\u00f3n frente al ata\u00fad se volvi\u00f3 viral"},"content":{"rendered":"<p> <br \/>\n<\/p>\n<div>\n<p class=\"com-paragraph  --capital --s\">Una yegua conmovi\u00f3 a los invitados durante el velorio tras <strong>relinchar al momento de ver a su due\u00f1o dentro del ata\u00fad.<\/strong> Las im\u00e1genes, que se viralizaron en redes sociales, fueron tomadas el pasado lunes en Blumenau, en el estado de Santa Catarina. <\/p>\n<p class=\"com-paragraph   --s\">Seg\u00fan consign\u00f3 <a href=\"https:\/\/g1.globo.com\/sc\/santa-catarina\/noticia\/2026\/04\/28\/video-egua-velorio-blumenau.ghtml\" target=\"_blank\" title=\"https:\/\/g1.globo.com\/sc\/santa-catarina\/noticia\/2026\/04\/28\/video-egua-velorio-blumenau.ghtml\" class=\"com-link break-word\" data-mrf-recirculation=\"n_link_parrafo\" rel=\"nofollow\"><em>G1<\/em><\/a>, el difunto era <strong>Pedro Krug<\/strong>, de 70 a\u00f1os. Se trataba de un granjero que viv\u00eda en el barrio Garc\u00eda, querido y valorado por la comunidad. Tras su fallecimiento, amigos y familiares organizaron una ceremonia en un rancho de su propiedad. Fue durante aquel evento que surgi\u00f3 la filmaci\u00f3n que recorri\u00f3 Internet.<\/p>\n<div class=\"content-media cursor-pointer\">\n<section class=\"media-container relative w-100 mod-media pb-32\">\n<figure class=\"mod-video flex flex-column ai-center bg-neutral-light-50\">\n<div class=\"video-player ratio-9-16 flex jc-center ai-center w-100 h-100 w-320\" data-has-jwplayer=\"true\" data-video-id-jw=\"jCKjb7fo\" data-config=\"{&quot;title&quot;:&quot;Una yegua asisti\u00f3 al funeral de su due\u00f1o en Brasil y su reacci\u00f3n frente al ata\u00fad se volvi\u00f3 viral&quot;,&quot;mediaId&quot;:&quot;jCKjb7fo&quot;,&quot;playerId&quot;:&quot;hOz6uuUy&quot;,&quot;playlist&quot;:[{&quot;mediaid&quot;:&quot;jCKjb7fo&quot;,&quot;sources&quot;:[{&quot;file&quot;:&quot;https:\/\/cdn.jwplayer.com\/manifests\/jCKjb7fo.m3u8&quot;,&quot;type&quot;:&quot;application\/vnd.apple.mpegurl&quot;},{&quot;bitrate&quot;:405971,&quot;file&quot;:&quot;https:\/\/cdn.jwplayer.com\/videos\/jCKjb7fo-kTExGaWf.mp4&quot;,&quot;filesize&quot;:12280638,&quot;framerate&quot;:30,&quot;height&quot;:320,&quot;label&quot;:&quot;180p&quot;,&quot;type&quot;:&quot;video\/mp4&quot;,&quot;width&quot;:180},{&quot;bitrate&quot;:621650,&quot;file&quot;:&quot;https:\/\/cdn.jwplayer.com\/videos\/jCKjb7fo-K8B0kybS.mp4&quot;,&quot;filesize&quot;:18804919,&quot;framerate&quot;:30,&quot;height&quot;:480,&quot;label&quot;:&quot;270p&quot;,&quot;type&quot;:&quot;video\/mp4&quot;,&quot;width&quot;:270},{&quot;bitrate&quot;:113580,&quot;file&quot;:&quot;https:\/\/cdn.jwplayer.com\/videos\/jCKjb7fo-hz5z2Tv4.m4a&quot;,&quot;filesize&quot;:3435800,&quot;label&quot;:&quot;AAC Audio&quot;,&quot;type&quot;:&quot;audio\/mp4&quot;},{&quot;bitrate&quot;:631794,&quot;file&quot;:&quot;https:\/\/cdn.jwplayer.com\/videos\/jCKjb7fo-FnZGUVnC.mp4&quot;,&quot;filesize&quot;:19111784,&quot;framerate&quot;:30,&quot;height&quot;:640,&quot;label&quot;:&quot;360p&quot;,&quot;type&quot;:&quot;video\/mp4&quot;,&quot;width&quot;:360}]}],&quot;hasAutoplay&quot;:false,&quot;autostart&quot;:true,&quot;tagsUrl&quot;:&quot;https:\/\/pubads.g.doubleclick.net\/gampad\/ads?slotname=\/133919216\/la_nacion_video\/nota\/preroll&amp;sz=640x480|400x300&amp;ciu_szs=300x250&amp;unviewed_position_start=1&amp;output=vast&amp;impl=s&amp;env=vp&amp;gdfp_req=1&amp;ad_rule=0&amp;vad_type=linear&amp;vpos=preroll&amp;cust_params=tags_nuevos%3Dte_brasil%2Cte_virales%2Cca_el_mundo%2C%2CMA5ZUZNP5VFETCRUIDZ6KPBJGE&amp;pod=3&amp;ppos=1&amp;lip=true&amp;min_ad_duration=0&amp;max_ad_duration=30000&amp;vrid=6256&amp;url=https%3A%2F%2Fwww.lanacion.com.ar%2Fel-mundo%2Funa-yegua-asistio-al-funeral-de-su-dueno-en-brasil-y-su-reaccion-frente-al-ataud-se-volvio-viral-nid30042026%2F%3Fvariant%3DA&amp;description_url=https%3A%2F%2Fwww.lanacion.com.ar%2Fel-mundo%2Funa-yegua-asistio-al-funeral-de-su-dueno-en-brasil-y-su-reaccion-frente-al-ataud-se-volvio-viral-nid30042026%2F%3Fvariant%3DA&amp;video_doc_id=short_onecue&amp;cmsid=496&amp;kfa=0&amp;tfcd=0&amp;correlator=1777581191297&quot;,&quot;arcSite&quot;:&quot;la-nacion-ar&quot;,&quot;duration&quot;:&quot;242000&quot;}\">\n<div id=\"facade-jCKjb7fo\" class=\"content-facade-jw relative bg-black w-100 ratio-9-16\"><picture><source media=\"(max-width: 767px)\" srcset=\"https:\/\/resizer.glanacion.com\/resizer\/v2\/https%3A%2F%2Fcdn.jwplayer.com%2Fv2%2Fmedia%2FjCKjb7fo%2Fposter.jpg%3Fwidth%3D720?auth=4e9f4b243039fca0047bf96bacb494da444066c478cc1349b329c2fc01233a8d&amp;width=480&amp;quality=70&amp;smart=false\"\/><\/picture><\/div>\n<\/div><figcaption class=\"border border-1 border-bottom border-light-300 relative px-16 py-8 min-h-36 w-100_md w-100 bg-white\"><span class=\"text ln-text text-16 block\">Una yegua asisti\u00f3 al funeral de su due\u00f1o en Brasil y su reacci\u00f3n frente al ata\u00fad se volvi\u00f3 viral<\/span><\/figcaption><\/figure>\n<\/section>\n<\/div>\n<p class=\"com-paragraph   --s\">La grabaci\u00f3n muestra a Nina al momento de ingresar a la vivienda, y cuando se encuentra con el f\u00e9retro, que tiene dispuestos encima algunos de los elementos personales del granjero -un sombrero por ejemplo-. Delante de quien supo ser su due\u00f1o, <strong>el animal relincha y provoca la emoci\u00f3n de quienes lo rodean<\/strong>, que rompen en llanto.<\/p>\n<p class=\"com-paragraph   --s\">Pedro Krug era conocido como el \u201ct\u00edo Pedro\u201d. El comediante Tiago Junkes le dedic\u00f3 un homenaje en la red social X: <strong>\u201cUna verdadera figura legendaria de nuestra regi\u00f3n. Narrador de historias, amigo de amigos y un hombre para todo\u201d<\/strong>, escribi\u00f3. Era amante de los caballos. Antes de Nina, tuvo otro llamado Pingo, que vivi\u00f3 33 a\u00f1os.<\/p>\n<div class=\"content-media\">\n<section role=\"button\" class=\"mod-media   \">\n<figure role=\"button\" tabindex=\"0\" class=\"mod-figure \"><figcaption class=\"mod-figcaption\"><span class=\"com-text --caption --twoxs\">Pedro Krug era due\u00f1o de Nina, la yegua que relinch\u00f3 frente a su ata\u00fad y durante su velorio<\/span><\/figcaption><\/figure>\n<\/section>\n<\/div>\n<p class=\"com-paragraph   --s\">En declaraciones al portal brasile\u00f1o, la hija de Krug se refiri\u00f3 al v\u00ednculo que su padre manten\u00eda con Nina y destac\u00f3 la cercan\u00eda entre ambos. <strong>\u201cLe ense\u00f1\u00f3 a dar la pata, a apoyarse sobre \u00e9l. Siempre fue muy cari\u00f1oso\u201d,<\/strong> evoc\u00f3. Durante ocho a\u00f1os, Pedro convivi\u00f3 con el animal, al que no solo atend\u00eda, sino con el que compart\u00eda rutinas. Entre las actividades que m\u00e1s disfrutaba, sol\u00eda llevarla para que los chicos pudieran montarla y pasar un buen momento.<\/p>\n<p class=\"com-paragraph   --s\">No es la primera vez que ocurre un hecho de similares caracter\u00edsticas. En abril de 2024, una usuaria de Tik Tok comparti\u00f3 en la plataforma china el video de una perra que llora el fallecimiento de su due\u00f1o -una ciudadana estadounidense identificada como Julieta Millon. <strong>\u201cElla seguir\u00e1 cuid\u00e1ndote\u201d, dice la descripci\u00f3n del posteo.<\/strong><\/p>\n<div class=\"content-media cursor-pointer container-center-100\">\n<section class=\"media-container relative ratio-16-9 mod-media pb-32\">\n<figure class=\"mod-video\">\n<div class=\"video-player bg-black ratio-16-9\" data-has-jwplayer=\"true\" data-video-id-jw=\"VjV0hMkT\" data-config=\"{&quot;title&quot;:&quot;Un perro fue al funeral de su due\u00f1a y su reacci\u00f3n se volvi\u00f3 viral&quot;,&quot;mediaId&quot;:&quot;VjV0hMkT&quot;,&quot;playerId&quot;:&quot;ih0086X3&quot;,&quot;playlist&quot;:[{&quot;mediaid&quot;:&quot;VjV0hMkT&quot;,&quot;sources&quot;:[{&quot;file&quot;:&quot;https:\/\/cdn.jwplayer.com\/manifests\/VjV0hMkT.m3u8&quot;,&quot;type&quot;:&quot;application\/vnd.apple.mpegurl&quot;},{&quot;bitrate&quot;:431674,&quot;file&quot;:&quot;https:\/\/cdn.jwplayer.com\/videos\/VjV0hMkT-kTExGaWf.mp4&quot;,&quot;filesize&quot;:2212333,&quot;framerate&quot;:30,&quot;height&quot;:320,&quot;label&quot;:&quot;180p&quot;,&quot;type&quot;:&quot;video\/mp4&quot;,&quot;width&quot;:180},{&quot;bitrate&quot;:506514,&quot;file&quot;:&quot;https:\/\/cdn.jwplayer.com\/videos\/VjV0hMkT-K8B0kybS.mp4&quot;,&quot;filesize&quot;:2595888,&quot;framerate&quot;:30,&quot;height&quot;:480,&quot;label&quot;:&quot;270p&quot;,&quot;type&quot;:&quot;video\/mp4&quot;,&quot;width&quot;:270},{&quot;bitrate&quot;:114460,&quot;file&quot;:&quot;https:\/\/cdn.jwplayer.com\/videos\/VjV0hMkT-hz5z2Tv4.m4a&quot;,&quot;filesize&quot;:586610,&quot;label&quot;:&quot;AAC Audio&quot;,&quot;type&quot;:&quot;audio\/mp4&quot;},{&quot;bitrate&quot;:600293,&quot;file&quot;:&quot;https:\/\/cdn.jwplayer.com\/videos\/VjV0hMkT-FnZGUVnC.mp4&quot;,&quot;filesize&quot;:3076505,&quot;framerate&quot;:30,&quot;height&quot;:640,&quot;label&quot;:&quot;360p&quot;,&quot;type&quot;:&quot;video\/mp4&quot;,&quot;width&quot;:360},{&quot;bitrate&quot;:839578,&quot;file&quot;:&quot;https:\/\/cdn.jwplayer.com\/videos\/VjV0hMkT-0G6Pwvlw.mp4&quot;,&quot;filesize&quot;:4302840,&quot;framerate&quot;:30,&quot;height&quot;:960,&quot;label&quot;:&quot;540p&quot;,&quot;type&quot;:&quot;video\/mp4&quot;,&quot;width&quot;:540}]}],&quot;hasAutoplay&quot;:false,&quot;autostart&quot;:true,&quot;tagsUrl&quot;:&quot;https:\/\/pubads.g.doubleclick.net\/gampad\/ads?slotname=\/133919216\/la_nacion_video\/nota\/preroll&amp;sz=640x480|400x300&amp;ciu_szs=300x250&amp;unviewed_position_start=1&amp;output=vast&amp;impl=s&amp;env=vp&amp;gdfp_req=1&amp;ad_rule=0&amp;vad_type=linear&amp;vpos=preroll&amp;cust_params=tags_nuevos%3Dte_brasil%2Cte_virales%2Cca_el_mundo%2C%2CMA5ZUZNP5VFETCRUIDZ6KPBJGE&amp;pod=3&amp;ppos=1&amp;lip=true&amp;min_ad_duration=0&amp;max_ad_duration=30000&amp;vrid=6256&amp;url=https%3A%2F%2Fwww.lanacion.com.ar%2Fel-mundo%2Funa-yegua-asistio-al-funeral-de-su-dueno-en-brasil-y-su-reaccion-frente-al-ataud-se-volvio-viral-nid30042026%2F%3Fvariant%3DA&amp;description_url=https%3A%2F%2Fwww.lanacion.com.ar%2Fel-mundo%2Funa-yegua-asistio-al-funeral-de-su-dueno-en-brasil-y-su-reaccion-frente-al-ataud-se-volvio-viral-nid30042026%2F%3Fvariant%3DA&amp;video_doc_id=short_onecue&amp;cmsid=496&amp;kfa=0&amp;tfcd=0&amp;correlator=1777581191298&quot;,&quot;arcSite&quot;:&quot;la-nacion-ar&quot;,&quot;duration&quot;:&quot;41000&quot;}\">\n<div id=\"facade-VjV0hMkT\" class=\"content-facade-jw relative bg-black ratio-16-9\"><picture><source media=\"(max-width: 767px)\" srcset=\"https:\/\/resizer.glanacion.com\/resizer\/v2\/https%3A%2F%2Fcdn.jwplayer.com%2Fv2%2Fmedia%2FVjV0hMkT%2Fposter.jpg%3Fwidth%3D720?auth=082030ade0072f533ffd8312925c42d2d1315dfa3063789fba09ac1ed6c2e416&amp;width=480&amp;quality=70&amp;smart=false\"\/><img class=\"image com-image flex --cover\" decoding=\"async\" fetchpriority=\"low\" loading=\"lazy\" src=\"https:\/\/radioacuariofm.com.ar\/wp-content\/uploads\/2026\/04\/https:\/\/cdn.jwplayer.com\/v2\/media\/VjV0hMkT\/poster.jpg\" alt=\"Un perro fue al funeral de su due\u00f1a y su reacci\u00f3n se volvi\u00f3 viral\"\/><\/picture><\/div>\n<\/div><figcaption class=\"border border-1 border-bottom border-light-300 relative px-16 py-8 min-h-36 w-100_md px-0_l mb-8 bg-white\"><span class=\"text ln-text text-16 block\">Un perro fue al funeral de su due\u00f1a y su reacci\u00f3n se volvi\u00f3 viral<\/span><\/figcaption><\/figure>\n<\/section>\n<\/div>\n<p class=\"com-paragraph   --s\">En el <em>clip<\/em> que comparti\u00f3 se pudo ver el lugar repleto de flores blancas que rodeaban al f\u00e9retro.<strong> En una de las sillas estaba sentado el animal, que cabeceaba mientras velaban a su compa\u00f1era de vida<\/strong>. Adem\u00e1s de los casi cinco millones de <em>likes<\/em>, la joven recibi\u00f3 miles de comentarios de personas que contaron sus experiencias. <\/p>\n<p class=\"com-paragraph   --s\">\u201cCuando mi abuela falleci\u00f3, mi perro falleci\u00f3 al d\u00eda siguiente\u201d, \u201cas\u00ed estuvo mi perro cuando muri\u00f3 mi mam\u00e1, yo estuve siempre al lado de ella. Le ense\u00f1\u00e9 que su due\u00f1a ya no iba a estar con nosotros. \u00c9l siempre fue el consentido de la familia\u201d y <strong>\u201ccuando falleci\u00f3 mi pap\u00e1, tuve que darle mucho cari\u00f1o a mi perro y explicarle que no lo volver\u00edamos a ver. No comi\u00f3 por varios d\u00edas. Fue muy dif\u00edcil\u201d<\/strong>, fueron solo algunos de ellos.<\/p>\n<section class=\"container-center-100 mb-40 border border-bottom border-thin border-neutral-light-700\">\n<hr\/>\n<\/section>\n<\/div>\n<p><script id=\"facebookpixel\" defer=\"\" type=\"text\/javascript\">\n        !function(f,b,e,v,n,t,s)\n        {if(f.fbq)return;n=f.fbq=function(){n.callMethod?\n        n.callMethod.apply(n,arguments):n.queue.push(arguments)};\n        if(!f._fbq)f._fbq=n;n.push=n;n.loaded=!0;n.version='2.0';\n        n.queue=[];t=b.createElement(e);t.async=!0;\n        t.src=v;s=b.getElementsByTagName(e)[0];\n        s.parentNode.insertBefore(t,s)}(window, document,'script',\n        'https:\/\/connect.facebook.net\/en_US\/fbevents.js');\n        fbq('init', '492459597522335');\n        fbq('track', 'PageView');\n    <\/script><br \/>\n<br \/><\/p>\n","protected":false},"excerpt":{"rendered":"<p>Una yegua conmovi\u00f3 a los invitados durante el velorio tras relinchar al momento de ver a su due\u00f1o dentro del ata\u00fad. Las im\u00e1genes, que se viralizaron en redes sociales, fueron tomadas el pasado lunes en Blumenau, en el estado de Santa Catarina. Seg\u00fan consign\u00f3 G1, el difunto era Pedro Krug, de 70 a\u00f1os. Se trataba [&hellip;]<\/p>\n","protected":false},"author":2,"featured_media":234643,"comment_status":"closed","ping_status":"closed","sticky":false,"template":"","format":"standard","meta":{"footnotes":""},"categories":[1],"tags":[],"class_list":["post-234642","post","type-post","status-publish","format-standard","has-post-thumbnail","hentry","category-uncategorized"],"_links":{"self":[{"href":"https:\/\/radioacuariofm.com.ar\/index.php?rest_route=\/wp\/v2\/posts\/234642","targetHints":{"allow":["GET"]}}],"collection":[{"href":"https:\/\/radioacuariofm.com.ar\/index.php?rest_route=\/wp\/v2\/posts"}],"about":[{"href":"https:\/\/radioacuariofm.com.ar\/index.php?rest_route=\/wp\/v2\/types\/post"}],"author":[{"embeddable":true,"href":"https:\/\/radioacuariofm.com.ar\/index.php?rest_route=\/wp\/v2\/users\/2"}],"replies":[{"embeddable":true,"href":"https:\/\/radioacuariofm.com.ar\/index.php?rest_route=%2Fwp%2Fv2%2Fcomments&post=234642"}],"version-history":[{"count":1,"href":"https:\/\/radioacuariofm.com.ar\/index.php?rest_route=\/wp\/v2\/posts\/234642\/revisions"}],"predecessor-version":[{"id":234644,"href":"https:\/\/radioacuariofm.com.ar\/index.php?rest_route=\/wp\/v2\/posts\/234642\/revisions\/234644"}],"wp:featuredmedia":[{"embeddable":true,"href":"https:\/\/radioacuariofm.com.ar\/index.php?rest_route=\/wp\/v2\/media\/234643"}],"wp:attachment":[{"href":"https:\/\/radioacuariofm.com.ar\/index.php?rest_route=%2Fwp%2Fv2%2Fmedia&parent=234642"}],"wp:term":[{"taxonomy":"category","embeddable":true,"href":"https:\/\/radioacuariofm.com.ar\/index.php?rest_route=%2Fwp%2Fv2%2Fcategories&post=234642"},{"taxonomy":"post_tag","embeddable":true,"href":"https:\/\/radioacuariofm.com.ar\/index.php?rest_route=%2Fwp%2Fv2%2Ftags&post=234642"}],"curies":[{"name":"wp","href":"https:\/\/api.w.org\/{rel}","templated":true}]}}