{"id":234636,"date":"2026-04-30T16:41:48","date_gmt":"2026-04-30T19:41:48","guid":{"rendered":"https:\/\/radioacuariofm.com.ar\/?p=234636"},"modified":"2026-04-30T16:41:49","modified_gmt":"2026-04-30T19:41:49","slug":"como-opera-el-grupo-terrorista-que-reivindico-el-ataque-en-londres-y-apunta-contra-objetivos-judios-en-europa","status":"publish","type":"post","link":"https:\/\/radioacuariofm.com.ar\/?p=234636","title":{"rendered":"C\u00f3mo opera el grupo terrorista que reivindic\u00f3 el ataque en Londres y apunta contra objetivos jud\u00edos en Europa"},"content":{"rendered":"<p> <br \/>\n<\/p>\n<div>\n<p class=\"com-paragraph  --capital --s\">LONDRES.\u2013 El primer ministro brit\u00e1nico, <a href=\"https:\/\/www.lanacion.com.ar\/el-mundo\/el-ataque-terrorista-en-londres-refuerza-la-alerta-en-la-comunidad-judia-britanica-por-el-aumento-nid30042026\/\" target=\"_self\" title=\"https:\/\/www.lanacion.com.ar\/el-mundo\/el-ataque-terrorista-en-londres-refuerza-la-alerta-en-la-comunidad-judia-britanica-por-el-aumento-nid30042026\/\" class=\"com-link break-word\" data-mrf-recirculation=\"n_link_parrafo\"><strong>Keir Starmer<\/strong><\/a>, lanz\u00f3 una acusaci\u00f3n directa contra el r\u00e9gimen de <strong>Ir\u00e1n<\/strong>, al que responsabiliz\u00f3 de un plan sistem\u00e1tico para <strong>da\u00f1ar a los <\/strong><a href=\"https:\/\/www.lanacion.com.ar\/el-mundo\/apunalan-a-dos-hombres-en-un-barrio-judio-de-londres-y-detienen-a-un-sospechoso-por-intento-de-nid29042026\/\" target=\"_self\" title=\"https:\/\/www.lanacion.com.ar\/el-mundo\/apunalan-a-dos-hombres-en-un-barrio-judio-de-londres-y-detienen-a-un-sospechoso-por-intento-de-nid29042026\/\" class=\"com-link break-word\" data-mrf-recirculation=\"n_link_parrafo\"><strong>jud\u00edos brit\u00e1nicos<\/strong><\/a>. La denuncia ocurri\u00f3 pocas horas despu\u00e9s de un violento <strong>ataque antisemita<\/strong> en Londres que culmin\u00f3 con dos personas heridas.<\/p>\n<p class=\"com-paragraph   --s\">El mandatario brit\u00e1nico enfatiz\u00f3 la necesidad de obtener <strong>poderes de seguridad<\/strong> m\u00e1s robustos para neutralizar la <strong>amenaza maligna<\/strong> que representan Estados extranjeros con intenciones hostiles hacia la poblaci\u00f3n civil en suelo brit\u00e1nico.<\/p>\n<p class=\"com-paragraph   --s\">El incidente que desencaden\u00f3 esta crisis pol\u00edtica tuvo lugar en el barrio de <strong>Golders Green<\/strong>, una zona clave para la <strong>comunidad jud\u00eda<\/strong> en el norte de la capital. All\u00ed, dos hombres de 76 y 34 a\u00f1os sufrieron heridas tras un ataque con <strong>arma blanca<\/strong>. <\/p>\n<div class=\"content-media\">\n<section role=\"button\" class=\"mod-media   \">\n<figure role=\"button\" tabindex=\"0\" class=\"mod-figure \"><figcaption class=\"mod-figcaption\"><span class=\"com-text --caption --twoxs\">Forenses revisan la zona donde dos personas fueron apu\u00f1aladas en el vecindario de Golders Green<\/span><span class=\"com-text --credit --twoxs\">Kin Cheung &#8211; AP<\/span><\/figcaption><\/figure>\n<\/section>\n<\/div>\n<p class=\"com-paragraph   --s\">La polic\u00eda metropolitana calific\u00f3 la agresi\u00f3n como un <strong>acto de terrorismo<\/strong> y detuvo a un hombre de 45 a\u00f1os. El sospechoso, un ciudadano brit\u00e1nico nacido en Somalia, cuenta con un historial de <strong>problemas psicol\u00f3gicos<\/strong> y episodios de violencia previa. <\/p>\n<p class=\"com-paragraph   --s\">En 2020, esta persona fue objeto de un reporte al programa oficial de <strong>prevenci\u00f3n del extremismo<\/strong>, aunque el caso termin\u00f3 archivado ese mismo a\u00f1o.<\/p>\n<p class=\"com-paragraph   --s\">Como respuesta inmediata, el Ministerio del Interior del Reino Unido resolvi\u00f3 elevar el nivel de <strong>amenaza de terrorismo<\/strong> de la categor\u00eda \u201csustancial\u201d a la de <strong>\u201csevero\u201d<\/strong>. Esta calificaci\u00f3n se sit\u00faa como el segundo escal\u00f3n m\u00e1s alto en la escala oficial e indica que un atentado es <strong>altamente probable<\/strong>. <\/p>\n<p class=\"com-paragraph   --s\">La decisi\u00f3n t\u00e9cnica de las agencias de inteligencia surge tras la aparici\u00f3n del grupo <strong>Harakat Ashab al-Yamin al-Islamiyya<\/strong> (HAYI), una organizaci\u00f3n con supuestos v\u00ednculos con las autoridades de <strong>Teher\u00e1n<\/strong>. <\/p>\n<div class=\"content-media\">\n<section role=\"button\" class=\"mod-media   \">\n<figure role=\"button\" tabindex=\"0\" class=\"mod-figure \"><figcaption class=\"mod-figcaption\"><span class=\"com-text --caption --twoxs\">Dos personas fueron apu\u00f1aladas\u00a0en Golders Green, un barrio del noroeste de Londres con una importante comunidad jud\u00eda<\/span><span class=\"com-text --credit --twoxs\">Captura de Pantalla<\/span><\/figcaption><\/figure>\n<\/section>\n<\/div>\n<p class=\"com-paragraph   --s\"><strong>Este grupo se atribuy\u00f3 la autor\u00eda de diversos ataques contra objetivos jud\u00edos <\/strong>tanto en el Reino Unido como en el resto del continente europeo.<\/p>\n<p class=\"com-paragraph   --s\">La presi\u00f3n sobre el Poder Ejecutivo creci\u00f3 durante la jornada del jueves. Durante una visita al lugar del ataque en Golders Green, el primer ministro Starmer recibi\u00f3 <strong>abucheos y cr\u00edticas<\/strong> por parte de residentes locales que consideran insuficientes las medidas de protecci\u00f3n actuales. En sinton\u00eda con este reclamo, el <strong>Gran Rabino Ephraim Mirvis<\/strong> manifest\u00f3 que las palabras de condena ya no alcanzan. <\/p>\n<p class=\"com-paragraph   --s\">El l\u00edder religioso exigi\u00f3 a las autoridades la implementaci\u00f3n de <strong>medidas concretas<\/strong> y efectivas. Frente a este panorama, el gobierno anunci\u00f3 una partida presupuestaria de <strong>25 millones de libras<\/strong> adicionales para blindar la <strong>seguridad de la comunidad<\/strong>.<\/p>\n<p class=\"com-paragraph   --s\">Analistas de seguridad y expertos en contraterrorismo vinculan estas acciones con un modelo de <strong>guerra h\u00edbrida<\/strong> que busca desestabilizar a los pa\u00edses occidentales. Esta t\u00e1ctica utiliza m\u00e9todos de <strong>bajo costo<\/strong> y poca sofisticaci\u00f3n tecnol\u00f3gica, como incendios de veh\u00edculos o ataques individuales, para generar un profundo <strong>miedo psicol\u00f3gico<\/strong>.<\/p>\n<div class=\"content-media\">\n<section role=\"button\" class=\"mod-media   \">\n<figure role=\"button\" tabindex=\"0\" class=\"mod-figure \"><figcaption class=\"mod-figcaption\"><span class=\"com-text --caption --twoxs\">Polic\u00edas en Golders Green, una zona predominantemente jud\u00eda en el noroeste de Londres<\/span><span class=\"com-text --credit --twoxs\">Jamie Lashmar &#8211; PA<\/span><\/figcaption><\/figure>\n<\/section>\n<\/div>\n<p class=\"com-paragraph   --s\">Seg\u00fan los informes, el grupo <strong>HAYI<\/strong> funciona como una herramienta de <strong>guerra asim\u00e9trica<\/strong>. El objetivo central de estos ataques es provocar una reacci\u00f3n emocional y social sin que el Estado instigador deba afrontar una <strong>escalada militar<\/strong> directa.<\/p>\n<p class=\"com-paragraph   --s\">Un elemento preocupante en la investigaci\u00f3n es la modalidad de reclutamiento de los ejecutores. Las autoridades detectaron que muchos de los responsables son j\u00f3venes sin v\u00ednculos con causas extremistas que act\u00faan como <strong>\u201ccarne de ca\u00f1\u00f3n\u201d<\/strong>. <\/p>\n<p class=\"com-paragraph   --s\">Estos individuos son contactados a trav\u00e9s de redes sociales como <strong>Snapchat o Telegram<\/strong>, donde reciben promesas de <strong>dinero r\u00e1pido<\/strong> a cambio de cometer actos vand\u00e1licos o violentos. Los especialistas definen este fen\u00f3meno como <strong>\u201cviolencia como servicio\u201d<\/strong>. Los ide\u00f3logos de estos ataques utilizan a terceros descartables para asegurar su propia <strong>negaci\u00f3n plausible<\/strong> ante los tribunales internacionales.<\/p>\n<div class=\"content-media\">\n<section role=\"button\" class=\"mod-media   \">\n<figure role=\"button\" tabindex=\"0\" class=\"mod-figure \"><figcaption class=\"mod-figcaption\"><span class=\"com-text --caption --twoxs\">Ambulancias de un servicio de emergencias jud\u00edo fueron incendiadas en Londres<\/span><\/figcaption><\/figure>\n<\/section>\n<\/div>\n<p class=\"com-paragraph   --s\">La magnitud de esta red de sabotaje traspasa las fronteras brit\u00e1nicas. En ciudades como <strong>Amberes<\/strong>, la polic\u00eda detuvo a adolescentes por incendiar autos en distritos jud\u00edos, actos que luego fueron difundidos en videos en l\u00ednea por el grupo HAYI. <\/p>\n<p class=\"com-paragraph   --s\">Otros incidentes incluyen explosiones cerca de <strong>sinagogas y escuelas<\/strong> jud\u00edas en los Pa\u00edses Bajos y B\u00e9lgica. Los investigadores sostienen que estas maniobras est\u00e1n calibradas para erosionar la <strong>confianza en las instituciones<\/strong> y saturar la capacidad operativa de las fuerzas de seguridad locales, que se ven obligadas a movilizar <strong>activos de inteligencia<\/strong> de manera permanente.<\/p>\n<p class=\"com-paragraph   --s\">En el Reino Unido, la cifra de detenidos por estos actos asciende a <strong>28 personas<\/strong>. La ministra del Interior, Shabana Mahmood, confirm\u00f3 que el gobierno trabaja en una nueva legislaci\u00f3n para combatir a las <strong>organizaciones criminales que operan en nombre de otros Estados<\/strong>, con el fin de agilizar los procesos judiciales contra los proxies de potencias extranjeras.<\/p>\n<p class=\"com-paragraph   --s\">El director general del <strong>MI5<\/strong>, Ken McCallum, advirti\u00f3 previamente sobre el auge de la <strong>agresi\u00f3n transnacional iran\u00ed<\/strong>. <\/p>\n<div class=\"content-media\">\n<section role=\"button\" class=\"mod-media   \">\n<figure role=\"button\" tabindex=\"0\" class=\"mod-figure \"><figcaption class=\"mod-figcaption\"><span class=\"com-text --caption --twoxs\">La polic\u00eda bloquea una calle en Londres, el lunes 23 de marzo de 2026 tras un aparente ataque incendiario contra cuatro veh\u00edculos de un servicio jud\u00edo de ambulancias, Hatzola Northwest, en Londres. (AP Foto\/Alberto Pezzali)<\/span><span class=\"com-text --credit --twoxs\">Alberto Pezzali &#8211; AP<\/span><\/figcaption><\/figure>\n<\/section>\n<\/div>\n<p class=\"com-paragraph   --s\">El servicio de inteligencia interno brit\u00e1nico detect\u00f3 un cambio en la estrategia de Teher\u00e1n, que ahora apuesta por el uso de <strong>redes criminales locales<\/strong> para llevar a cabo sus objetivos en suelo europeo. <\/p>\n<p class=\"com-paragraph   --s\">Esta evoluci\u00f3n en el conflicto implica que los atacantes no son <strong>terroristas entrenados<\/strong>, sino ciudadanos comunes contratados para actos espec\u00edficos de <strong>intimidaci\u00f3n y violencia<\/strong>. Esta fragmentaci\u00f3n de la amenaza hace que su seguimiento sea extremadamente complejo para los analistas de seguridad.<\/p>\n<p class=\"com-paragraph   --s\"><strong>Agencia AFP y diario <\/strong><em><strong>The New York Times<\/strong><\/em><\/p>\n<section class=\"container-center-100 mb-40 border border-bottom border-thin border-neutral-light-700\">\n<hr\/>\n<\/section>\n<\/div>\n<p><script id=\"facebookpixel\" defer=\"\" type=\"text\/javascript\">\n        !function(f,b,e,v,n,t,s)\n        {if(f.fbq)return;n=f.fbq=function(){n.callMethod?\n        n.callMethod.apply(n,arguments):n.queue.push(arguments)};\n        if(!f._fbq)f._fbq=n;n.push=n;n.loaded=!0;n.version='2.0';\n        n.queue=[];t=b.createElement(e);t.async=!0;\n        t.src=v;s=b.getElementsByTagName(e)[0];\n        s.parentNode.insertBefore(t,s)}(window, document,'script',\n        'https:\/\/connect.facebook.net\/en_US\/fbevents.js');\n        fbq('init', '492459597522335');\n        fbq('track', 'PageView');\n    <\/script><br \/>\n<br \/><\/p>\n","protected":false},"excerpt":{"rendered":"<p>LONDRES.\u2013 El primer ministro brit\u00e1nico, Keir Starmer, lanz\u00f3 una acusaci\u00f3n directa contra el r\u00e9gimen de Ir\u00e1n, al que responsabiliz\u00f3 de un plan sistem\u00e1tico para da\u00f1ar a los jud\u00edos brit\u00e1nicos. La denuncia ocurri\u00f3 pocas horas despu\u00e9s de un violento ataque antisemita en Londres que culmin\u00f3 con dos personas heridas. El mandatario brit\u00e1nico enfatiz\u00f3 la necesidad de [&hellip;]<\/p>\n","protected":false},"author":2,"featured_media":234637,"comment_status":"closed","ping_status":"closed","sticky":false,"template":"","format":"standard","meta":{"footnotes":""},"categories":[1],"tags":[],"class_list":["post-234636","post","type-post","status-publish","format-standard","has-post-thumbnail","hentry","category-uncategorized"],"_links":{"self":[{"href":"https:\/\/radioacuariofm.com.ar\/index.php?rest_route=\/wp\/v2\/posts\/234636","targetHints":{"allow":["GET"]}}],"collection":[{"href":"https:\/\/radioacuariofm.com.ar\/index.php?rest_route=\/wp\/v2\/posts"}],"about":[{"href":"https:\/\/radioacuariofm.com.ar\/index.php?rest_route=\/wp\/v2\/types\/post"}],"author":[{"embeddable":true,"href":"https:\/\/radioacuariofm.com.ar\/index.php?rest_route=\/wp\/v2\/users\/2"}],"replies":[{"embeddable":true,"href":"https:\/\/radioacuariofm.com.ar\/index.php?rest_route=%2Fwp%2Fv2%2Fcomments&post=234636"}],"version-history":[{"count":1,"href":"https:\/\/radioacuariofm.com.ar\/index.php?rest_route=\/wp\/v2\/posts\/234636\/revisions"}],"predecessor-version":[{"id":234638,"href":"https:\/\/radioacuariofm.com.ar\/index.php?rest_route=\/wp\/v2\/posts\/234636\/revisions\/234638"}],"wp:featuredmedia":[{"embeddable":true,"href":"https:\/\/radioacuariofm.com.ar\/index.php?rest_route=\/wp\/v2\/media\/234637"}],"wp:attachment":[{"href":"https:\/\/radioacuariofm.com.ar\/index.php?rest_route=%2Fwp%2Fv2%2Fmedia&parent=234636"}],"wp:term":[{"taxonomy":"category","embeddable":true,"href":"https:\/\/radioacuariofm.com.ar\/index.php?rest_route=%2Fwp%2Fv2%2Fcategories&post=234636"},{"taxonomy":"post_tag","embeddable":true,"href":"https:\/\/radioacuariofm.com.ar\/index.php?rest_route=%2Fwp%2Fv2%2Ftags&post=234636"}],"curies":[{"name":"wp","href":"https:\/\/api.w.org\/{rel}","templated":true}]}}