{"id":234630,"date":"2026-04-30T15:40:54","date_gmt":"2026-04-30T18:40:54","guid":{"rendered":"https:\/\/radioacuariofm.com.ar\/?p=234630"},"modified":"2026-04-30T15:40:55","modified_gmt":"2026-04-30T18:40:55","slug":"una-supuesta-nota-de-suicidio-de-jeffrey-epstein-lleva-siete-anos-oculta-en-un-tribunal-de-nueva-york","status":"publish","type":"post","link":"https:\/\/radioacuariofm.com.ar\/?p=234630","title":{"rendered":"Una supuesta nota de suicidio de Jeffrey Epstein lleva siete a\u00f1os oculta en un tribunal de Nueva York"},"content":{"rendered":"<p> <br \/>\n<\/p>\n<div>\n<p class=\"com-paragraph   --s\"><strong>Una supuesta nota de suicidio escrita por <\/strong><a href=\"https:\/\/www.lanacion.com.ar\/estados-unidos\/el-precio-para-ser-admitido-en-el-mundo-de-epstein-era-el-silencio-nid18022026\/\" target=\"_self\" title=\"https:\/\/www.lanacion.com.ar\/estados-unidos\/el-precio-para-ser-admitido-en-el-mundo-de-epstein-era-el-silencio-nid18022026\/\" class=\"com-link break-word\" data-mrf-recirculation=\"n_link_parrafo\"><strong>Jeffrey Epstein<\/strong><\/a><strong> en una c\u00e1rcel de Manhattan ha permanecido en secreto durante casi siete a\u00f1os<\/strong>, guardada en un tribunal de Nueva York.<\/p>\n<p class=\"com-paragraph   --s\"><strong>Un compa\u00f1ero de celda afirm\u00f3 que descubri\u00f3 la nota en julio de 2019<\/strong>, despu\u00e9s de que Epstein fuera encontrado inconsciente con una tira de tela alrededor del cuello. Epstein sobrevivi\u00f3 a ese episodio, pero semanas despu\u00e9s fue hallado muerto en la c\u00e1rcel.<\/p>\n<p class=\"com-paragraph   --s\">La nota termin\u00f3 siendo <strong>sellada por un juez federal como parte del propio caso penal del compa\u00f1ero de celda<\/strong>, seg\u00fan documentos y entrevistas. Esto significa que los investigadores que analizaron la muerte de alto perfil de Epstein no tuvieron acceso a lo que podr\u00eda haber sido una pieza clave de evidencia.<\/p>\n<p class=\"com-paragraph   --s\">El jueves, <em>The New York Times<\/em> solicit\u00f3 al juez que desclasifique la nota, que dec\u00eda <strong>\u201ces hora de decir adi\u00f3s\u201d<\/strong>, seg\u00fan record\u00f3 el compa\u00f1ero de celda, <strong>Nicholas Tartaglione<\/strong>. Aunque Tartaglione mencion\u00f3 la nota en un podcast el a\u00f1o pasado, el mensaje escrito a mano ha permanecido oculto incluso en un contexto de creciente transparencia sobre las investigaciones del gobierno sobre Epstein.<\/p>\n<p class=\"com-paragraph   --s\">El Departamento de Justicia ha publicado desde diciembre millones de p\u00e1ginas de documentos relacionados con el caso.<\/p>\n<p class=\"com-paragraph   --s\">El <em>Times<\/em> <strong>no ha visto la nota y no pudo encontrarla en los archivos de Epstein<\/strong>. Una vocera del Departamento de Justicia afirm\u00f3 que la agencia no la hab\u00eda visto.<\/p>\n<p class=\"com-paragraph   --s\">Sin embargo, una cronolog\u00eda de dos p\u00e1ginas en los registros describe c\u00f3mo <strong>la nota qued\u00f3 atrapada en el complejo caso judicial de Tartaglione<\/strong>. Seg\u00fan ese documento, los abogados de Tartaglione autenticaron la nota, aunque no se explica c\u00f3mo. Si fue escrita por Epstein, <strong>podr\u00eda aportar informaci\u00f3n sobre su estado mental en las semanas previas a su muerte<\/strong>.<\/p>\n<div class=\"content-media\">\n<section role=\"button\" class=\"mod-media   \">\n<figure role=\"button\" tabindex=\"0\" class=\"mod-figure \"><figcaption class=\"mod-figcaption\"><span class=\"com-text --caption --twoxs\">Un documento incluido en la publicaci\u00f3n de los archivos de Epstein, hecha por el Departamento de Justicia de Estados Unidos, fotografiado el martes 10 de febrero de 2026, muestra una foto del magnate en un informe sobre el recluso de la Oficina Federal de Prisiones<\/span><span class=\"com-text --credit --twoxs\">Jon Elswick &#8211; AP<\/span><\/figcaption><\/figure>\n<\/section>\n<\/div>\n<p class=\"com-paragraph   --s\">La vocera del Departamento de Justicia dijo que, en respuesta a una ley federal que exige la divulgaci\u00f3n de los archivos de Epstein, la agencia realiz\u00f3 \u201cun esfuerzo exhaustivo para recopilar todos los registros en su poder\u201d, incluidos los del Bureau of Prisons y la Oficina del Inspector General.<\/p>\n<p class=\"com-paragraph   --s\">Epstein fue encontrado con <strong>marcas rojas en el cuello en su celda en julio de 2019, semanas antes de su muerte<\/strong>. Su fallecimiento, a los 66 a\u00f1os, <strong>fue declarado suicidio por el m\u00e9dico forense de Nueva York<\/strong>. Sin embargo, las fallas de seguridad en la ahora cerrada prisi\u00f3n de Manhattan han alimentado <strong>m\u00faltiples teor\u00edas sobre si fue asesinado<\/strong>.<\/p>\n<p class=\"com-paragraph   --s\">Tras el episodio de julio, Epstein fue trasladado y <strong>puesto brevemente bajo vigilancia por riesgo de suicidio<\/strong>. En ese contexto, Tartaglione dijo haber encontrado la nota en su celda, escondida dentro de una novela gr\u00e1fica.<\/p>\n<p class=\"com-paragraph   --s\"><strong>\u201cAbr\u00ed el libro para leer y ah\u00ed estaba\u201d<\/strong>, record\u00f3 Tartaglione: una hoja amarilla arrancada de un bloc legal.<\/p>\n<div class=\"content-media\">\n<section role=\"button\" class=\"mod-media   \">\n<figure role=\"button\" tabindex=\"0\" class=\"mod-figure \"><figcaption class=\"mod-figcaption\"><span class=\"com-text --caption --twoxs\">Un m\u00e9dico realiza maniobras de reanimaci\u00f3n cardiopulmonar (RCP) a Jeffrey Epstein<\/span><span class=\"com-text --credit --twoxs\">HANDOUT &#8211; US DEPARTMENT OF JUSTICE<\/span><\/figcaption><\/figure>\n<\/section>\n<\/div>\n<p class=\"com-paragraph   --s\">Seg\u00fan su testimonio, la nota dec\u00eda que los investigadores hab\u00edan estado meses investig\u00e1ndolo y \u201cno hab\u00edan encontrado nada\u201d, y continuaba con frases como: <strong>\u201c\u00bfQu\u00e9 quieren que haga, ponerme a llorar? Es hora de decir adi\u00f3s\u201d<\/strong>.<\/p>\n<p class=\"com-paragraph   --s\">Tartaglione dijo haber <strong>entregado la nota a sus abogados<\/strong>, ya que podr\u00eda haber sido relevante para su defensa si Epstein manten\u00eda su acusaci\u00f3n de agresi\u00f3n.<\/p>\n<p class=\"com-paragraph   --s\">El documento no fue mencionado en las investigaciones oficiales sobre la muerte de Epstein, incluido un informe de 2023 de la Oficina del Inspector General del Departamento de Justicia.<\/p>\n<p class=\"com-paragraph   --s\">La cronolog\u00eda judicial indica que <strong>la nota pas\u00f3 por varios abogados y fue objeto de intentos de autenticaci\u00f3n en 2019 o 2020<\/strong>. Finalmente, fue entregada al tribunal del juez Kenneth M. Karas, en White Plains, donde qued\u00f3 bajo custodia judicial.<\/p>\n<p class=\"com-paragraph   --s\">El caso se vio envuelto en disputas legales entre abogados de Tartaglione, lo que llev\u00f3 incluso a la designaci\u00f3n de un abogado externo y a la exclusi\u00f3n de uno de sus representantes del caso.<\/p>\n<p class=\"com-paragraph   --s\">Un vocero del tribunal declin\u00f3 comentar sobre documentos sellados, se\u00f1alando que este tipo de registros se conservan en b\u00f3vedas judiciales para su resguardo.<\/p>\n<section class=\"container-center-100 mb-40 border border-bottom border-thin border-neutral-light-700\">\n<hr\/>\n<\/section>\n<\/div>\n<p><script id=\"facebookpixel\" defer=\"\" type=\"text\/javascript\">\n        !function(f,b,e,v,n,t,s)\n        {if(f.fbq)return;n=f.fbq=function(){n.callMethod?\n        n.callMethod.apply(n,arguments):n.queue.push(arguments)};\n        if(!f._fbq)f._fbq=n;n.push=n;n.loaded=!0;n.version='2.0';\n        n.queue=[];t=b.createElement(e);t.async=!0;\n        t.src=v;s=b.getElementsByTagName(e)[0];\n        s.parentNode.insertBefore(t,s)}(window, document,'script',\n        'https:\/\/connect.facebook.net\/en_US\/fbevents.js');\n        fbq('init', '492459597522335');\n        fbq('track', 'PageView');\n    <\/script><br \/>\n<br \/><\/p>\n","protected":false},"excerpt":{"rendered":"<p>Una supuesta nota de suicidio escrita por Jeffrey Epstein en una c\u00e1rcel de Manhattan ha permanecido en secreto durante casi siete a\u00f1os, guardada en un tribunal de Nueva York. Un compa\u00f1ero de celda afirm\u00f3 que descubri\u00f3 la nota en julio de 2019, despu\u00e9s de que Epstein fuera encontrado inconsciente con una tira de tela alrededor [&hellip;]<\/p>\n","protected":false},"author":2,"featured_media":234631,"comment_status":"closed","ping_status":"closed","sticky":false,"template":"","format":"standard","meta":{"footnotes":""},"categories":[1],"tags":[],"class_list":["post-234630","post","type-post","status-publish","format-standard","has-post-thumbnail","hentry","category-uncategorized"],"_links":{"self":[{"href":"https:\/\/radioacuariofm.com.ar\/index.php?rest_route=\/wp\/v2\/posts\/234630","targetHints":{"allow":["GET"]}}],"collection":[{"href":"https:\/\/radioacuariofm.com.ar\/index.php?rest_route=\/wp\/v2\/posts"}],"about":[{"href":"https:\/\/radioacuariofm.com.ar\/index.php?rest_route=\/wp\/v2\/types\/post"}],"author":[{"embeddable":true,"href":"https:\/\/radioacuariofm.com.ar\/index.php?rest_route=\/wp\/v2\/users\/2"}],"replies":[{"embeddable":true,"href":"https:\/\/radioacuariofm.com.ar\/index.php?rest_route=%2Fwp%2Fv2%2Fcomments&post=234630"}],"version-history":[{"count":1,"href":"https:\/\/radioacuariofm.com.ar\/index.php?rest_route=\/wp\/v2\/posts\/234630\/revisions"}],"predecessor-version":[{"id":234632,"href":"https:\/\/radioacuariofm.com.ar\/index.php?rest_route=\/wp\/v2\/posts\/234630\/revisions\/234632"}],"wp:featuredmedia":[{"embeddable":true,"href":"https:\/\/radioacuariofm.com.ar\/index.php?rest_route=\/wp\/v2\/media\/234631"}],"wp:attachment":[{"href":"https:\/\/radioacuariofm.com.ar\/index.php?rest_route=%2Fwp%2Fv2%2Fmedia&parent=234630"}],"wp:term":[{"taxonomy":"category","embeddable":true,"href":"https:\/\/radioacuariofm.com.ar\/index.php?rest_route=%2Fwp%2Fv2%2Fcategories&post=234630"},{"taxonomy":"post_tag","embeddable":true,"href":"https:\/\/radioacuariofm.com.ar\/index.php?rest_route=%2Fwp%2Fv2%2Ftags&post=234630"}],"curies":[{"name":"wp","href":"https:\/\/api.w.org\/{rel}","templated":true}]}}