{"id":234627,"date":"2026-04-30T15:38:53","date_gmt":"2026-04-30T18:38:53","guid":{"rendered":"https:\/\/radioacuariofm.com.ar\/?p=234627"},"modified":"2026-04-30T15:38:54","modified_gmt":"2026-04-30T18:38:54","slug":"inversores-menores-presentaron-demanda-contra-globant-por-falta-de-informacion-en-ee-uu","status":"publish","type":"post","link":"https:\/\/radioacuariofm.com.ar\/?p=234627","title":{"rendered":"Inversores menores presentaron demanda contra Globant por falta de informacion en EE.UU."},"content":{"rendered":"<p><\/p>\n<div>\n<p class=\"com-paragraph  --capital --s\">Un grupo de inversores present\u00f3 una <strong>demanda colectiva ante una corte federal de Nueva York contra Globant<\/strong>, el unicornio tecnol\u00f3gico de origen argentino. La acci\u00f3n legal, anunciada p\u00fablicamente esta semana, alega que la compa\u00f1\u00eda realiz\u00f3 <strong>declaraciones falsas o enga\u00f1osas sobre el desempe\u00f1o de su estrategia en Am\u00e9rica Latina<\/strong>, causando p\u00e9rdidas a quienes invirtieron en el per\u00edodo comprendido entre el 15 de febrero de 2024 y el 14 de agosto de 2025.<\/p>\n<p class=\"com-paragraph   --s\">La demanda invoca las Secciones 10(b) y 20(a) de la Ley del Mercado de Valores de los Estados Unidos de 1934, que proh\u00edben la manipulaci\u00f3n o el enga\u00f1o en la compra y venta de valores.<strong> El demandante principal es el Fondo de Pensiones de Carpinteros de Ohio (Ohio Carpenters)<\/strong>, que adquiri\u00f3 acciones de Globant durante el per\u00edodo se\u00f1alado.<\/p>\n<p class=\"com-paragraph   --s\">Seg\u00fan el escrito judicial, a mediados de 2023 Globant anunci\u00f3 un giro estrat\u00e9gico de aproximadamente 1000 millones de d\u00f3lares orientado a ampliar su presencia en la regi\u00f3n latinoamericana. Durante el per\u00edodo en cuesti\u00f3n, la empresa habr\u00eda comunicado a los mercados un panorama consistentemente favorable sobre el avance de esa estrategia, present\u00e1ndose como l\u00edder del sector en la regi\u00f3n.<\/p>\n<p class=\"com-paragraph   --s\">La demanda sostiene que, en la pr\u00e1ctica, <strong>esa expansi\u00f3n enfrent\u00f3 dificultades que no habr\u00edan sido comunicadas oportunamente a los inversores.<\/strong> Entre los problemas alegados se mencionan la ca\u00edda en la demanda de servicios, la p\u00e9rdida de clientes, la cancelaci\u00f3n de proyectos y el congelamiento de salarios en pa\u00edses como M\u00e9xico y la Argentina, lo que habr\u00eda afectado el clima interno y la calidad del servicio.<\/p>\n<p class=\"com-paragraph   --s\">Consultada por LA NACION, la empresa emiti\u00f3 un comunicado en el que reconoce haber tomado conocimiento de la acci\u00f3n judicial, pero rechaza de plano las acusaciones. \u201c<strong>Rechazamos estas acusaciones y responderemos con firmeza en el momento apropiado<\/strong>\u201d, se\u00f1al\u00f3 la compa\u00f1\u00eda, que aclar\u00f3 que no brindar\u00e1 m\u00e1s comentarios sobre el proceso. Globant agreg\u00f3 que su \u201ccompromiso con la transparencia, el buen gobierno y la creaci\u00f3n de valor a largo plazo permanece intacto\u201d.<\/p>\n<p class=\"com-paragraph   --s\">La demanda identifica <strong>tres momentos en 2025 en que, seg\u00fan los demandantes, la informaci\u00f3n real sobre las operaciones latinoamericanas comenz\u00f3 a conocerse p\u00fablicamente, ocasionando ca\u00eddas sucesivas en el precio de la acci\u00f3n.<\/strong><\/p>\n<div class=\"content-media\">\n<section role=\"button\" class=\"mod-media   \">\n<figure role=\"button\" tabindex=\"0\" class=\"mod-figure \"><figcaption class=\"mod-figcaption\"><span class=\"com-text --caption --twoxs\">La empresa reconoce haber tomado conocimiento de la acci\u00f3n judicial, pero rechaza las acusaciones<\/span><\/figcaption><\/figure>\n<\/section>\n<\/div>\n<p class=\"com-paragraph   --s\">El primero ocurri\u00f3 el 20 de febrero de 2025, cuando Globant public\u00f3 sus resultados del cuarto trimestre de 2024. La empresa inform\u00f3 una disminuci\u00f3n del 1,3% en sus ingresos latinoamericanos y ofreci\u00f3 perspectivas m\u00e1s conservadoras para el trimestre siguiente. El CEO Mart\u00edn Migoya describi\u00f3 la situaci\u00f3n regional como compleja, en parte por la inestabilidad pol\u00edtica en Brasil y Colombia. Ese d\u00eda, la acci\u00f3n cay\u00f3 aproximadamente un 27,8%, cerrando en torno a los 151 d\u00f3lares.<\/p>\n<p class=\"com-paragraph   --s\">El segundo hecho se produjo el 15 de mayo de 2025, con la presentaci\u00f3n de resultados del primer trimestre. La compa\u00f1\u00eda report\u00f3 una baja del 9% interanual en los ingresos de la regi\u00f3n, con contracciones importantes en M\u00e9xico y Brasil. La acci\u00f3n cedi\u00f3 un 23,6% en esa jornada, ubic\u00e1ndose alrededor de los 101 d\u00f3lares.<\/p>\n<p class=\"com-paragraph   --s\">El tercer episodio ocurri\u00f3 el 14 de agosto de 2025, cuando Globant present\u00f3 resultados mixtos para el segundo trimestre e inform\u00f3 una reducci\u00f3n de su plantilla de aproximadamente 1000 empleados -un 2% del total-. La acci\u00f3n volvi\u00f3 a caer, cerrando en torno a los 66 d\u00f3lares.<\/p>\n<p class=\"com-paragraph   --s\">La corte de Nueva York deber\u00e1 determinar ahora si las declaraciones realizadas por la direcci\u00f3n de la empresa durante el per\u00edodo en cuesti\u00f3n <strong>constituyeron efectivamente una conducta contraria a la legislaci\u00f3n de valores, o si se trat\u00f3 de proyecciones de mercado que no se concretaron por razones ajenas al control de la compa\u00f1\u00eda.<\/strong><\/p>\n<section class=\"container-center-100 mb-40 border border-bottom border-thin border-neutral-light-700\">\n<hr\/>\n<\/section>\n<\/div>\n<p><script id=\"facebookpixel\" defer=\"\" type=\"text\/javascript\">\n        !function(f,b,e,v,n,t,s)\n        {if(f.fbq)return;n=f.fbq=function(){n.callMethod?\n        n.callMethod.apply(n,arguments):n.queue.push(arguments)};\n        if(!f._fbq)f._fbq=n;n.push=n;n.loaded=!0;n.version='2.0';\n        n.queue=[];t=b.createElement(e);t.async=!0;\n        t.src=v;s=b.getElementsByTagName(e)[0];\n        s.parentNode.insertBefore(t,s)}(window, document,'script',\n        'https:\/\/connect.facebook.net\/en_US\/fbevents.js');\n        fbq('init', '492459597522335');\n        fbq('track', 'PageView');\n    <\/script><\/p>\n","protected":false},"excerpt":{"rendered":"<p>Un grupo de inversores present\u00f3 una demanda colectiva ante una corte federal de Nueva York contra Globant, el unicornio tecnol\u00f3gico de origen argentino. La acci\u00f3n legal, anunciada p\u00fablicamente esta semana, alega que la compa\u00f1\u00eda realiz\u00f3 declaraciones falsas o enga\u00f1osas sobre el desempe\u00f1o de su estrategia en Am\u00e9rica Latina, causando p\u00e9rdidas a quienes invirtieron en el [&hellip;]<\/p>\n","protected":false},"author":2,"featured_media":234628,"comment_status":"closed","ping_status":"closed","sticky":false,"template":"","format":"standard","meta":{"footnotes":""},"categories":[28],"tags":[],"class_list":["post-234627","post","type-post","status-publish","format-standard","has-post-thumbnail","hentry","category-economia"],"_links":{"self":[{"href":"https:\/\/radioacuariofm.com.ar\/index.php?rest_route=\/wp\/v2\/posts\/234627","targetHints":{"allow":["GET"]}}],"collection":[{"href":"https:\/\/radioacuariofm.com.ar\/index.php?rest_route=\/wp\/v2\/posts"}],"about":[{"href":"https:\/\/radioacuariofm.com.ar\/index.php?rest_route=\/wp\/v2\/types\/post"}],"author":[{"embeddable":true,"href":"https:\/\/radioacuariofm.com.ar\/index.php?rest_route=\/wp\/v2\/users\/2"}],"replies":[{"embeddable":true,"href":"https:\/\/radioacuariofm.com.ar\/index.php?rest_route=%2Fwp%2Fv2%2Fcomments&post=234627"}],"version-history":[{"count":1,"href":"https:\/\/radioacuariofm.com.ar\/index.php?rest_route=\/wp\/v2\/posts\/234627\/revisions"}],"predecessor-version":[{"id":234629,"href":"https:\/\/radioacuariofm.com.ar\/index.php?rest_route=\/wp\/v2\/posts\/234627\/revisions\/234629"}],"wp:featuredmedia":[{"embeddable":true,"href":"https:\/\/radioacuariofm.com.ar\/index.php?rest_route=\/wp\/v2\/media\/234628"}],"wp:attachment":[{"href":"https:\/\/radioacuariofm.com.ar\/index.php?rest_route=%2Fwp%2Fv2%2Fmedia&parent=234627"}],"wp:term":[{"taxonomy":"category","embeddable":true,"href":"https:\/\/radioacuariofm.com.ar\/index.php?rest_route=%2Fwp%2Fv2%2Fcategories&post=234627"},{"taxonomy":"post_tag","embeddable":true,"href":"https:\/\/radioacuariofm.com.ar\/index.php?rest_route=%2Fwp%2Fv2%2Ftags&post=234627"}],"curies":[{"name":"wp","href":"https:\/\/api.w.org\/{rel}","templated":true}]}}