{"id":234621,"date":"2026-04-30T14:39:52","date_gmt":"2026-04-30T17:39:52","guid":{"rendered":"https:\/\/radioacuariofm.com.ar\/?p=234621"},"modified":"2026-04-30T14:39:53","modified_gmt":"2026-04-30T17:39:53","slug":"vuelven-los-vuelos-directos-entre-miami-y-caracas-tras-siete-anos-y-en-medio-del-deshielo-bilateral","status":"publish","type":"post","link":"https:\/\/radioacuariofm.com.ar\/?p=234621","title":{"rendered":"Vuelven los vuelos directos entre Miami y Caracas tras siete a\u00f1os y en medio del deshielo bilateral"},"content":{"rendered":"<p> <br \/>\n<\/p>\n<div>\n<p class=\"com-paragraph  --capital --s\">CARACAS.\u2013 Un <strong>avi\u00f3n de American Airlines<\/strong> especialmente pintado en rojo, blanco y azul para conmemorar el <strong>250 aniversario de la independencia<\/strong> de <a href=\"https:\/\/www.lanacion.com.ar\/el-mundo\/revelan-que-eeuu-busca-formar-una-coalicion-internacional-para-reabrir-el-estrecho-de-ormuz-nid30042026\/\" target=\"_self\" title=\"https:\/\/www.lanacion.com.ar\/el-mundo\/revelan-que-eeuu-busca-formar-una-coalicion-internacional-para-reabrir-el-estrecho-de-ormuz-nid30042026\/\" class=\"com-link break-word\" data-mrf-recirculation=\"n_link_parrafo\">Estados Unidos<\/a> <strong>retomar\u00e1 este jueves la ruta comercial directa entre Miami y Caracas<\/strong>, en lo que constituye <strong>el primer vuelo sin escalas entre ambos pa\u00edses en siete a\u00f1os<\/strong> y un s\u00edmbolo del reciente <a href=\"https:\/\/www.lanacion.com.ar\/estados-unidos\/trump-le-pidio-a-putin-un-alto-el-fuego-en-ucrania-y-el-lider-del-kremlin-hizo-una-contrapropuesta-nid29042026\/\" target=\"_self\" title=\"https:\/\/www.lanacion.com.ar\/estados-unidos\/trump-le-pidio-a-putin-un-alto-el-fuego-en-ucrania-y-el-lider-del-kremlin-hizo-una-contrapropuesta-nid29042026\/\" class=\"com-link break-word\" data-mrf-recirculation=\"n_link_parrafo\"><strong>deshielo diplom\u00e1tico<\/strong><\/a><strong>. <\/strong><\/p>\n<div class=\"content-media cursor-pointer container-center-100\">\n<section class=\"media-container relative ratio-16-9 mod-media pb-32\">\n<figure class=\"mod-video\">\n<div class=\"video-player bg-black ratio-16-9\" data-has-jwplayer=\"true\" data-video-id-jw=\"vXtIB82j\" data-config=\"{&quot;title&quot;:&quot;As\u00ed despeg\u00f3 el vuelo AA3599, desde Miami y rumbo a Caracas&quot;,&quot;mediaId&quot;:&quot;vXtIB82j&quot;,&quot;playerId&quot;:&quot;ih0086X3&quot;,&quot;playlist&quot;:[{&quot;mediaid&quot;:&quot;vXtIB82j&quot;,&quot;sources&quot;:[{&quot;file&quot;:&quot;https:\/\/cdn.jwplayer.com\/manifests\/vXtIB82j.m3u8&quot;,&quot;type&quot;:&quot;application\/vnd.apple.mpegurl&quot;},{&quot;bitrate&quot;:247704,&quot;file&quot;:&quot;https:\/\/cdn.jwplayer.com\/videos\/vXtIB82j-kTExGaWf.mp4&quot;,&quot;filesize&quot;:990819,&quot;framerate&quot;:30,&quot;height&quot;:180,&quot;label&quot;:&quot;180p&quot;,&quot;type&quot;:&quot;video\/mp4&quot;,&quot;width&quot;:320},{&quot;bitrate&quot;:366462,&quot;file&quot;:&quot;https:\/\/cdn.jwplayer.com\/videos\/vXtIB82j-K8B0kybS.mp4&quot;,&quot;filesize&quot;:1465851,&quot;framerate&quot;:30,&quot;height&quot;:270,&quot;label&quot;:&quot;270p&quot;,&quot;type&quot;:&quot;video\/mp4&quot;,&quot;width&quot;:480},{&quot;bitrate&quot;:1054314,&quot;file&quot;:&quot;https:\/\/cdn.jwplayer.com\/videos\/vXtIB82j-46NIuRKO.mp4&quot;,&quot;filesize&quot;:4217259,&quot;framerate&quot;:30,&quot;height&quot;:720,&quot;label&quot;:&quot;720p&quot;,&quot;type&quot;:&quot;video\/mp4&quot;,&quot;width&quot;:1280},{&quot;bitrate&quot;:114721,&quot;file&quot;:&quot;https:\/\/cdn.jwplayer.com\/videos\/vXtIB82j-hz5z2Tv4.m4a&quot;,&quot;filesize&quot;:458884,&quot;label&quot;:&quot;AAC Audio&quot;,&quot;type&quot;:&quot;audio\/mp4&quot;},{&quot;bitrate&quot;:428143,&quot;file&quot;:&quot;https:\/\/cdn.jwplayer.com\/videos\/vXtIB82j-FnZGUVnC.mp4&quot;,&quot;filesize&quot;:1712573,&quot;framerate&quot;:30,&quot;height&quot;:360,&quot;label&quot;:&quot;360p&quot;,&quot;type&quot;:&quot;video\/mp4&quot;,&quot;width&quot;:640},{&quot;bitrate&quot;:719670,&quot;file&quot;:&quot;https:\/\/cdn.jwplayer.com\/videos\/vXtIB82j-0G6Pwvlw.mp4&quot;,&quot;filesize&quot;:2878682,&quot;framerate&quot;:30,&quot;height&quot;:540,&quot;label&quot;:&quot;540p&quot;,&quot;type&quot;:&quot;video\/mp4&quot;,&quot;width&quot;:960}]}],&quot;hasAutoplay&quot;:false,&quot;autostart&quot;:true,&quot;tagsUrl&quot;:&quot;https:\/\/pubads.g.doubleclick.net\/gampad\/ads?slotname=\/133919216\/la_nacion_video\/nota\/preroll&amp;sz=640x480|400x300&amp;ciu_szs=300x250&amp;unviewed_position_start=1&amp;output=vast&amp;impl=s&amp;env=vp&amp;gdfp_req=1&amp;ad_rule=0&amp;vad_type=linear&amp;vpos=preroll&amp;cust_params=tags_nuevos%3Dte_estados_unidos%2Cte_venezuela%2Cte_donald_trump%2Cte_delcy_rodriguez%2Cca_el_mundo%2C%2CFRSWP3UBPJA7TNROFC4D6Y4KLY&amp;pod=3&amp;ppos=1&amp;lip=true&amp;min_ad_duration=0&amp;max_ad_duration=30000&amp;vrid=6256&amp;url=https%3A%2F%2Fwww.lanacion.com.ar%2Fel-mundo%2Fvuelven-los-vuelos-directos-entre-eeuu-y-venezuela-tras-siete-anos-y-en-medio-del-deshielo-bilateral-nid30042026%2F%3Fvariant%3DA&amp;description_url=https%3A%2F%2Fwww.lanacion.com.ar%2Fel-mundo%2Fvuelven-los-vuelos-directos-entre-eeuu-y-venezuela-tras-siete-anos-y-en-medio-del-deshielo-bilateral-nid30042026%2F%3Fvariant%3DA&amp;video_doc_id=short_onecue&amp;cmsid=496&amp;kfa=0&amp;tfcd=0&amp;correlator=1777570371044&quot;,&quot;arcSite&quot;:&quot;la-nacion-ar&quot;,&quot;duration&quot;:&quot;32000&quot;}\">\n<div id=\"facade-vXtIB82j\" class=\"content-facade-jw relative bg-black ratio-16-9\"><picture><source media=\"(max-width: 767px)\" srcset=\"https:\/\/resizer.glanacion.com\/resizer\/v2\/https%3A%2F%2Fcdn.jwplayer.com%2Fv2%2Fmedia%2FvXtIB82j%2Fposter.jpg%3Fwidth%3D720?auth=45c499d62facb06fa0def6320ddaf063e537c70901c8852e90246d51fe4c4c1f&amp;width=480&amp;quality=70&amp;smart=false\"\/><\/picture><\/div>\n<\/div><figcaption class=\"border border-1 border-bottom border-light-300 relative px-16 py-8 min-h-36 w-100_md px-0_l mb-8 bg-white\"><span class=\"text ln-text text-16 block\">As\u00ed despeg\u00f3 el vuelo AA3599, desde Miami y rumbo a Caracas<\/span><\/figcaption><\/figure>\n<\/section>\n<\/div>\n<p class=\"com-paragraph   --s\">La aeronave fue presentada el mi\u00e9rcoles en Fort Worth, por el CEO de la compa\u00f1\u00eda Robert Isom. El vuelo inaugural, identificado como AA3599 y <strong>operado por la filial regional Envoy Air<\/strong>, <strong>despeg\u00f3 hoy desde Miami a las 10:26<\/strong> (hora local) y <strong>aterrizar\u00e1 aproximadamente tres horas despu\u00e9s en el aeropuerto internacional Sim\u00f3n Bol\u00edvar de Maiquet\u00eda<\/strong>, principal terminal a\u00e9rea de Venezuela, ubicada a unos 30 kil\u00f3metros de Caracas. <\/p>\n<div class=\"content-media\">\n<section role=\"button\" class=\"mod-media   \">\n<figure role=\"button\" tabindex=\"0\" class=\"mod-figure \"><figcaption class=\"mod-figcaption\"><span class=\"com-text --caption --twoxs\">Este jueves sale el primer vuelo en 7 a\u00f1os, que conecta Miami con Caracas<\/span><\/figcaption><\/figure>\n<\/section>\n<\/div>\n<p class=\"com-paragraph   --s\">El servicio incluir\u00e1 <strong>detalles orientados al p\u00fablico venezolano<\/strong>, como un<strong> men\u00fa especial con cachapas<\/strong> \u2014tortillas de ma\u00edz tierno\u2014 y <strong>reina pepiada<\/strong>, una tradicional arepa rellena con pollo desmechado, palta, mayonesa, ajo, cebolla y cilantro. La compa\u00f1\u00eda busca as\u00ed <strong>reconectar con una de las comunidades migrantes m\u00e1s importantes en Estados Unidos<\/strong>, estimada en unos <strong>1,2 millones de personas.<\/strong><\/p>\n<p class=\"com-paragraph   --s\">El <strong>secretario de Transporte de Estados Unidos<\/strong>,<strong> Sean Duffy, <\/strong>celebr\u00f3 el lanzamiento del avi\u00f3n conmemorativo al destacar que <strong>\u201ctodo es m\u00e1s grande en Texas, incluido el orgullo americano\u201d<\/strong>, en referencia al dise\u00f1o especial en rojo, blanco y azul presentado por American Airlines por el 250\u00ba aniversario del pa\u00eds. En ese marco, <strong>subray\u00f3 el car\u00e1cter hist\u00f3rico de la operaci\u00f3n <\/strong>al se\u00f1alar que la misma aeronave volar\u00e1 a Venezuela en el primer servicio sin escalas desde 2019, al que defini\u00f3 como <strong>\u201cun tributo de cumplea\u00f1os que est\u00e1 haciendo historia\u201d<\/strong>.<\/p>\n<p class=\"com-paragraph   --s\">La reanudaci\u00f3n de la ruta se produce tras un<strong> cambio dr\u00e1stico en el escenario pol\u00edtico bilateral<\/strong>. En enero, <strong>fuerzas estadounidenses capturaron al expresidente Nicol\u00e1s Maduro<\/strong> en una operaci\u00f3n nocturna en Caracas, traslad\u00e1ndolo posteriormente a Nueva York para enfrentar <strong>cargos por narcotr\u00e1fico. <\/strong>El hecho <strong>precipit\u00f3 el restablecimiento de relaciones diplom\u00e1ticas plenas entre ambos pa\u00edses<\/strong>, incluida la reciente reapertura de la embajada estadounidense en la capital venezolana.<\/p>\n<p class=\"com-paragraph   --s\">En ese contexto, Trump comenz\u00f3 a flexibilizar gradualmente las sanciones contra Venezuela. Caracas, por su parte reform\u00f3 sus leyes de hidrocarburos y de minas, para abrir espacio al capital privado en un pa\u00eds que posee las mayores reservas de petr\u00f3leo del mundo.<\/p>\n<p class=\"com-paragraph   --s\">Asimismo, <strong>Trump anunci\u00f3 a finales de enero la reapertura del espacio a\u00e9reo comercial venezolano<\/strong>. <strong>\u201cLos ciudadanos estadounidenses podr\u00e1n viajar a Venezuela muy pronto, y all\u00ed estar\u00e1n seguros\u201d,<\/strong> afirm\u00f3 entonces, tras conversar con la presidenta interina <strong>Delcy Rodr\u00edguez, <\/strong>quien encabeza el gobierno de transici\u00f3n.<\/p>\n<div class=\"content-media\">\n<section role=\"button\" class=\"mod-media   \">\n<figure role=\"button\" tabindex=\"0\" class=\"mod-figure \"><figcaption class=\"mod-figcaption\"><span class=\"com-text --caption --twoxs\">Robert Isom, CEO de American Airlines, present\u00f3 la aeronave que ejecutar\u00e1 la traves\u00eda<\/span><\/figcaption><\/figure>\n<\/section>\n<\/div>\n<p class=\"com-paragraph   --s\">Sin embargo, el Departamento de Estado desaconseja a los ciudadanos estadounidenses viajar a Venezuela, pa\u00eds clasificado en el nivel 3 en una escala de 4, \u201cdebido a los riesgos relacionados con la delincuencia, los secuestros, el terrorismo y la insuficiencia de las infraestructuras sanitarias\u201d, seg\u00fan el \u00faltimo aviso de viaje, con fecha 19 de marzo.<\/p>\n<p class=\"com-paragraph   --s\">American Airlines, que operaba en Venezuela desde 1987, hab\u00eda <strong>suspendido sus vuelos en 2019 en medio del deterioro de las relaciones durante la pol\u00edtica de \u201cm\u00e1xima presi\u00f3n\u201d impulsada por Washington<\/strong>. La compa\u00f1\u00eda era entonces la principal aerol\u00ednea en la ruta entre ambos pa\u00edses. Otras empresas, como <strong>Delta y United Airlines, hab\u00edan abandonado el mercado incluso antes, en 2017<\/strong>, en medio de la crisis pol\u00edtica y econ\u00f3mica que deriv\u00f3 en un \u00e9xodo masivo de venezolanos.<\/p>\n<p class=\"com-paragraph   --s\">Durante los \u00faltimos siete a\u00f1os, los <strong>pasajeros debieron recurrir a rutas indirectas con escalas en terceros pa\u00edses de la regi\u00f3n para viajar entre Estados Unidos y Venezuela<\/strong>. La reanudaci\u00f3n de los vuelos directos representa, por lo tanto, un cambio significativo tanto para el tr\u00e1fico a\u00e9reo como para los v\u00ednculos familiares y comerciales.<\/p>\n<p class=\"com-paragraph   --s\">La aerol\u00ednea estadounidense confirm\u00f3 que <strong>operar\u00e1 un vuelo diario en esta ruta y que prev\u00e9 sumar una segunda frecuencia a partir del 21 de mayo, <\/strong>mientras que la <strong>compa\u00f1\u00eda venezolana Laser anunci\u00f3 que tambi\u00e9n reactivar\u00e1 su oferta en el corto plazo<\/strong>.<\/p>\n<div class=\"content-media\">\n<section role=\"button\" class=\"mod-media   \">\n<figure role=\"button\" tabindex=\"0\" class=\"mod-figure \"><figcaption class=\"mod-figcaption\"><span class=\"com-text --caption --twoxs\">As\u00ed prepar\u00f3 American Airlines el puesto de check-in para los pasajeros que viajar\u00e1n en el vuelo AA3599<\/span><\/figcaption><\/figure>\n<\/section>\n<\/div>\n<p class=\"com-paragraph   --s\">La <strong>compa\u00f1\u00eda arm\u00f3 un recibimiento especial para los pasajeros<\/strong> que embarcar\u00edan para Caracas, con <strong>globos e incluso unas galletas en conmemoraci\u00f3n de este vuelo<\/strong>. Del otro lado del agua, en el Aeropuerto Internacional Sim\u00f3n Bol\u00edvar de Maiquet\u00eda, familiares de los viajeros se fotografiaron ante una instalaci\u00f3n de globos color, rojo, azul y blanco, mientras aguardaban por la llegada de la aeronave.<\/p>\n<p class=\"com-paragraph   --s\">Analistas consideran que el <strong>regreso de American Airlines refleja un renovado inter\u00e9s empresarial en Venezuela<\/strong>, en particular por parte de compa\u00f1\u00edas estadounidenses vinculadas a los <strong>sectores petrolero y minero<\/strong>.<\/p>\n<p class=\"com-paragraph   --s\"><strong>Agencias AP y ANSA<\/strong><\/p>\n<section class=\"container-center-100 mb-40 border border-bottom border-thin border-neutral-light-700\">\n<hr\/>\n<\/section>\n<\/div>\n<p><script id=\"facebookpixel\" defer=\"\" type=\"text\/javascript\">\n        !function(f,b,e,v,n,t,s)\n        {if(f.fbq)return;n=f.fbq=function(){n.callMethod?\n        n.callMethod.apply(n,arguments):n.queue.push(arguments)};\n        if(!f._fbq)f._fbq=n;n.push=n;n.loaded=!0;n.version='2.0';\n        n.queue=[];t=b.createElement(e);t.async=!0;\n        t.src=v;s=b.getElementsByTagName(e)[0];\n        s.parentNode.insertBefore(t,s)}(window, document,'script',\n        'https:\/\/connect.facebook.net\/en_US\/fbevents.js');\n        fbq('init', '492459597522335');\n        fbq('track', 'PageView');\n    <\/script><br \/>\n<br \/><\/p>\n","protected":false},"excerpt":{"rendered":"<p>CARACAS.\u2013 Un avi\u00f3n de American Airlines especialmente pintado en rojo, blanco y azul para conmemorar el 250 aniversario de la independencia de Estados Unidos retomar\u00e1 este jueves la ruta comercial directa entre Miami y Caracas, en lo que constituye el primer vuelo sin escalas entre ambos pa\u00edses en siete a\u00f1os y un s\u00edmbolo del reciente [&hellip;]<\/p>\n","protected":false},"author":2,"featured_media":234622,"comment_status":"closed","ping_status":"closed","sticky":false,"template":"","format":"standard","meta":{"footnotes":""},"categories":[1],"tags":[],"class_list":["post-234621","post","type-post","status-publish","format-standard","has-post-thumbnail","hentry","category-uncategorized"],"_links":{"self":[{"href":"https:\/\/radioacuariofm.com.ar\/index.php?rest_route=\/wp\/v2\/posts\/234621","targetHints":{"allow":["GET"]}}],"collection":[{"href":"https:\/\/radioacuariofm.com.ar\/index.php?rest_route=\/wp\/v2\/posts"}],"about":[{"href":"https:\/\/radioacuariofm.com.ar\/index.php?rest_route=\/wp\/v2\/types\/post"}],"author":[{"embeddable":true,"href":"https:\/\/radioacuariofm.com.ar\/index.php?rest_route=\/wp\/v2\/users\/2"}],"replies":[{"embeddable":true,"href":"https:\/\/radioacuariofm.com.ar\/index.php?rest_route=%2Fwp%2Fv2%2Fcomments&post=234621"}],"version-history":[{"count":1,"href":"https:\/\/radioacuariofm.com.ar\/index.php?rest_route=\/wp\/v2\/posts\/234621\/revisions"}],"predecessor-version":[{"id":234623,"href":"https:\/\/radioacuariofm.com.ar\/index.php?rest_route=\/wp\/v2\/posts\/234621\/revisions\/234623"}],"wp:featuredmedia":[{"embeddable":true,"href":"https:\/\/radioacuariofm.com.ar\/index.php?rest_route=\/wp\/v2\/media\/234622"}],"wp:attachment":[{"href":"https:\/\/radioacuariofm.com.ar\/index.php?rest_route=%2Fwp%2Fv2%2Fmedia&parent=234621"}],"wp:term":[{"taxonomy":"category","embeddable":true,"href":"https:\/\/radioacuariofm.com.ar\/index.php?rest_route=%2Fwp%2Fv2%2Fcategories&post=234621"},{"taxonomy":"post_tag","embeddable":true,"href":"https:\/\/radioacuariofm.com.ar\/index.php?rest_route=%2Fwp%2Fv2%2Ftags&post=234621"}],"curies":[{"name":"wp","href":"https:\/\/api.w.org\/{rel}","templated":true}]}}