{"id":234618,"date":"2026-04-30T13:56:49","date_gmt":"2026-04-30T16:56:49","guid":{"rendered":"https:\/\/radioacuariofm.com.ar\/?p=234618"},"modified":"2026-04-30T13:56:50","modified_gmt":"2026-04-30T16:56:50","slug":"redtulum-extiende-los-servicios-de-dos-lineas-por-la-feria-de-las-artesanias","status":"publish","type":"post","link":"https:\/\/radioacuariofm.com.ar\/?p=234618","title":{"rendered":"RedTulum extiende los servicios de dos l\u00edneas por la Feria de las Artesan\u00edas"},"content":{"rendered":"<p><\/p>\n<div>\n<p>La Direcci\u00f3n de Coordinaci\u00f3n de RedTulum inform\u00f3 de la modificaci\u00f3n del recorrido de las <strong>l\u00edneas 403 y 405<\/strong>, las cuales abarcar\u00e1n tramos especiales para cubrir el acceso al Predio Costanera, donde se desarrollar\u00e1 la XXXI Feria Internacional de Artesan\u00edas.<\/p>\n<p>Los cambios tendr\u00e1n lugar durante los fines de semana del <strong>2 y 3 de mayo<\/strong>, y del <strong>9 y 10 del mismo mes<\/strong>, en donde los colectivos 403 y 405 incorporar\u00e1n los tramos desde calles Salta y Centenario hasta la rotonda de Salta y Fern\u00e1ndez en la esquina del Predio Costanera.<\/p>\n<p>Esta ampliaci\u00f3n del servicio de transporte p\u00fablico tendr\u00e1 lugar en los d\u00edas mencionados de mayo <strong>desde las 18 horas hasta las 23<\/strong>.<\/p>\n<\/p><\/div>\n<p><script async defer crossorigin=\"anonymous\" src=\"https:\/\/connect.facebook.net\/es_ES\/sdk.js#xfbml=1&#038;version=v3.3\"><\/script><\/p>\n","protected":false},"excerpt":{"rendered":"<p>La Direcci\u00f3n de Coordinaci\u00f3n de RedTulum inform\u00f3 de la modificaci\u00f3n del recorrido de las l\u00edneas 403 y 405, las cuales abarcar\u00e1n tramos especiales para cubrir el acceso al Predio Costanera, donde se desarrollar\u00e1 la XXXI Feria Internacional de Artesan\u00edas. Los cambios tendr\u00e1n lugar durante los fines de semana del 2 y 3 de mayo, y [&hellip;]<\/p>\n","protected":false},"author":2,"featured_media":234619,"comment_status":"closed","ping_status":"closed","sticky":false,"template":"","format":"standard","meta":{"footnotes":""},"categories":[27],"tags":[],"class_list":["post-234618","post","type-post","status-publish","format-standard","has-post-thumbnail","hentry","category-san-juan"],"_links":{"self":[{"href":"https:\/\/radioacuariofm.com.ar\/index.php?rest_route=\/wp\/v2\/posts\/234618","targetHints":{"allow":["GET"]}}],"collection":[{"href":"https:\/\/radioacuariofm.com.ar\/index.php?rest_route=\/wp\/v2\/posts"}],"about":[{"href":"https:\/\/radioacuariofm.com.ar\/index.php?rest_route=\/wp\/v2\/types\/post"}],"author":[{"embeddable":true,"href":"https:\/\/radioacuariofm.com.ar\/index.php?rest_route=\/wp\/v2\/users\/2"}],"replies":[{"embeddable":true,"href":"https:\/\/radioacuariofm.com.ar\/index.php?rest_route=%2Fwp%2Fv2%2Fcomments&post=234618"}],"version-history":[{"count":1,"href":"https:\/\/radioacuariofm.com.ar\/index.php?rest_route=\/wp\/v2\/posts\/234618\/revisions"}],"predecessor-version":[{"id":234620,"href":"https:\/\/radioacuariofm.com.ar\/index.php?rest_route=\/wp\/v2\/posts\/234618\/revisions\/234620"}],"wp:featuredmedia":[{"embeddable":true,"href":"https:\/\/radioacuariofm.com.ar\/index.php?rest_route=\/wp\/v2\/media\/234619"}],"wp:attachment":[{"href":"https:\/\/radioacuariofm.com.ar\/index.php?rest_route=%2Fwp%2Fv2%2Fmedia&parent=234618"}],"wp:term":[{"taxonomy":"category","embeddable":true,"href":"https:\/\/radioacuariofm.com.ar\/index.php?rest_route=%2Fwp%2Fv2%2Fcategories&post=234618"},{"taxonomy":"post_tag","embeddable":true,"href":"https:\/\/radioacuariofm.com.ar\/index.php?rest_route=%2Fwp%2Fv2%2Ftags&post=234618"}],"curies":[{"name":"wp","href":"https:\/\/api.w.org\/{rel}","templated":true}]}}