{"id":234615,"date":"2026-04-30T13:38:58","date_gmt":"2026-04-30T16:38:58","guid":{"rendered":"https:\/\/radioacuariofm.com.ar\/?p=234615"},"modified":"2026-04-30T13:39:00","modified_gmt":"2026-04-30T16:39:00","slug":"israel-intercepto-otra-flotilla-con-ayuda-humanitaria-a-gaza-y-provoco-una-inesperada-reaccion-de-meloni","status":"publish","type":"post","link":"https:\/\/radioacuariofm.com.ar\/?p=234615","title":{"rendered":"Israel intercept\u00f3 otra flotilla con ayuda humanitaria a Gaza y provoc\u00f3 una inesperada reacci\u00f3n de Meloni"},"content":{"rendered":"<p> <br \/>\n<\/p>\n<div>\n<p class=\"com-paragraph  --capital --s\">ROMA.- En un episodio que desat\u00f3 gran revuelo internacional,<strong> Israel intercept\u00f3 anoche m\u00e1s de 20 embarcaciones<\/strong> de las 58 que conforman la <strong>nueva misi\u00f3n humanitaria a Gaza de la Global Samud Flotilla, <\/strong>cerca de la<strong> isla griega de Creta<\/strong> y <strong>captur\u00f3 al menos a 175 activistas,<\/strong> a quienes trasladar\u00e1 a su territorio, seg\u00fan informaron autoridades y los organizadores del convoy. Frente a ello y ante un claro cambio de registro, la premier italiana, <strong>Giorgia Meloni,<\/strong> sali\u00f3 a condenar el episodio y <strong>exigi\u00f3 la inmediata liberaci\u00f3n de los italianos involucrados.<\/strong><\/p>\n<p class=\"com-paragraph   --s\"><strong>\u201cEl gobierno italiano condena el secuestro de las embarcaciones de la Flotilla Global Sumud, ocurrida anoche en aguas internacionales frente a las costas de Grecia,<\/strong> y le<strong> pide al gobierno de Israel la inmedata liberaci\u00f3n de todos los italianos detenidos ilegalmente, <\/strong>el respeto del derecho internacional y garant\u00edas sobre la incolumidad f\u00edsica de las personas\u201d, se indic\u00f3 en un comunicado del Palacio Chigi. <\/p>\n<p class=\"com-paragraph   --s\">El repudio de Meloni se conoci\u00f3 pasado el mediod\u00eda local, es decir, varias horas despu\u00e9s de que trascendiera la noticia del asalto de fuerzas israel\u00edes a la expedici\u00f3n que intenta llevarle ayuda humanitaria al enclave palestino que, a diferencia de la \u00faltima vez, -en octubre-, tuvo lugar siempre en aguas internacionales, pero a unas 500 millas n\u00e1uticas (m\u00e1s de 900 kil\u00f3metros) de las costas de Gaza. <\/p>\n<p class=\"com-paragraph   --s\">Meloni, que el a\u00f1o pasado hab\u00eda tildado de \u201cirresponsables\u201d a los pacifistas italianos que participaban de la misma misi\u00f3n de la Flotilla, esta vez actu\u00f3 distinto. As\u00ed, decidi\u00f3 condenar el secuestro de barcos despu\u00e9s de reunirse y tratar el asunto con el canciller y vicepremier, <strong>Antonio Tajani,<\/strong> y el ministro de Defensa, Guido Crosetto, y cuando la oposici\u00f3n de centroizquierda ya hab\u00eda salido a presionarla para que rompiera el silencio y actuara. <\/p>\n<p class=\"com-paragraph   --s\">La marina israel\u00ed detuvo en la noche del mi\u00e9rcoles a 175 activistas que se encontraban a bordo de la expedici\u00f3n (aunque seg\u00fan la Flotilla ser\u00edan 211) y los est\u00e1 llevando a Israel. Entre ellos, se cuentan 23 italianos y unos treinta espa\u00f1oles, seg\u00fan fuentes de prensa.<\/p>\n<p class=\"com-paragraph   --s\"><strong>\u201cAnoche, el mundo fue testigo de c\u00f3mo Israel exportaba su doctrina militar de abandono planificado, cuando las fuerzas navales israel\u00edes interceptaron, abordaron, inutilizaron y destruyeron sistem\u00e1ticamente varias embarcaciones de la Flotilla Global Sumud <\/strong>en una violenta incursi\u00f3n en aguas internacionales\u201d, denunci\u00f3 un comunicado de la Flotilla, que se autodefine un movimiento global de gente com\u00fan de m\u00e1s de 70 pa\u00edses que se uni\u00f3 \u201cpara defender la dignidad humana y el derecho internacional que los gobiernos no han protegido\u201d.<\/p>\n<p class=\"com-paragraph   --s\">De acuerdo al mismo comunicado, m\u00e1s de 180 civiles de todo el mundo fueron atacados directamente. \u201cTras detener a los participantes, destruir un motor e interferir las comunicaciones, las Fuerzas de Defensa de Israel se retiraron, secuestrando a algunos participantes o dejando intencionadamente a civiles a la deriva en embarcaciones averiadas e inoperativas, directamente en la trayectoria de una fuerte tormenta que se aproximaba\u201d, se advirti\u00f3.<\/p>\n<p class=\"com-paragraph   --s\">\u201cLa l\u00f3gica empleada por Israel anoche refleja la implacable campa\u00f1a de a\u00f1os de hambruna y matanza de palestinos: llevan a cabo activamente las masacres y cr\u00edmenes de guerra con impunidad, o sabotean los medios de supervivencia, dejando que la \u2018naturaleza\u2019 o las \u2018circunstancias\u2019 terminen el trabajo\u201d, sentenci\u00f3 el comunicado. <\/p>\n<p class=\"com-paragraph   --s\">\u201cEl mundo no puede permanecer impasible mientras Israel contin\u00faa su genocidio contra los palestinos y viola innumerables leyes internacionales con impunidad\u201d, clamaron desde el movimiento en un llamado global a movilizarse en apoyo a la misi\u00f3n. <\/p>\n<p class=\"com-paragraph   --s\">Israel, por su parte, denunci\u00f3 que el grupo terrorista Hamas est\u00e1 detr\u00e1s de esta nueva misi\u00f3n de la Flotilla, a la que acus\u00f3 de llevar droga y preservativos y asegur\u00f3 haber actuado de acuerdo con el derecho internacional. <\/p>\n<p class=\"com-paragraph   --s\">Hamas a\u00fan sigue presente en la arrasada franja de Gaza, aunque diezmado y m\u00e1s que debilitado despu\u00e9s de dos a\u00f1os de guerra de represalia por el brutal asalto del 7 de Octubre de 2023. <\/p>\n<p class=\"com-paragraph   --s\">\u201cLa fuerza impulsora detr\u00e1s de la provocaci\u00f3n de la flotilla es Hamas, en alianza con provocadores profesionales, con el objetivo de sabotear la transici\u00f3n del plan de paz del presidente Trump a su segunda fase y desviar la atenci\u00f3n de la negativa de Ham\u00e1s a desarmarse\u201d, denunci\u00f3 un comunicado del ministerio de Relaciones Exteriores de aquel pa\u00eds.<\/p>\n<p class=\"com-paragraph   --s\">\u201cIsrael est\u00e1 comprometido con la libertad de navegaci\u00f3n. Debido a la gran cantidad de embarcaciones que participaban en la flotilla, el riesgo de escalada y la necesidad de prevenir la violaci\u00f3n de un bloqueo legal, se requiri\u00f3 una acci\u00f3n temprana de conformidad con el derecho internacional. La operaci\u00f3n se llev\u00f3 a cabo en aguas internacionales de forma pac\u00edfica y sin v\u00edctimas\u201d, agreg\u00f3. <\/p>\n<p class=\"com-paragraph   --s\">\u201cUna inspecci\u00f3n inicial de las embarcaciones revel\u00f3 materiales que parecen ser drogas y anticonceptivos. Esta flotilla es otra maniobra de relaciones p\u00fablicas, sin ayuda humanitaria. Se trata de provocadores profesionales en cruceros de placer. Una \u2018flotilla de condones\u2019: ni m\u00e1s ni menos\u201d, sostuvo Tel Aviv. <\/p>\n<p class=\"com-paragraph   --s\">En medio de gran revuelo internacional y la convocaci\u00f3n de manifestaciones de apoyo a la misi\u00f3n, Turqu\u00eda calific\u00f3 el asalto israel\u00ed a la Flotilla como un \u201cacto de pirater\u00eda\u201d. En un comunicado, el ministerio de Asuntos Exteriores turco resalt\u00f3 que \u201cal atacar la Flotilla Global Sumud, cuya misi\u00f3n es visibilizar la cat\u00e1strofe humanitaria que afecta a la poblaci\u00f3n inocente de Gaza, Israel tambi\u00e9n ha violado los principios humanitarios y el derecho internacional\u201d.<\/p>\n<p class=\"com-paragraph   --s\">Ankara habl\u00f3 de \u201cacto de agresi\u00f3n\u201d y \u201cviolaci\u00f3n del principio de libertad de navegaci\u00f3n en alta mar\u201d y llam\u00f3 a la comunidad internacional a \u201cadoptar una posici\u00f3n unificada contra este acto il\u00edcito de Israel\u201d.<\/p>\n<p class=\"com-paragraph   --s\">Si bien Meloni conden\u00f3 el asalto, la oposici\u00f3n de centroizquierda insisti\u00f3 en que no es suficiente. \u201cAnte otro acto de terrorismo perpetrado por el gobierno de Netanyahu, la condena no basta. La \u00fanica respuesta posible, tras a\u00f1os de destrucci\u00f3n de Gaza y del pueblo palestino, con m\u00e1s de 70.000 civiles muertos y 4 millones de refugiados entre Gaza y L\u00edbano, son las sanciones contra el gobierno israel\u00ed y el reconocimiento inmediato del Estado de Palestina\u201d, clam\u00f3 Angelo Bonelli, diputado de Alianza Verdes e Izquierda. <\/p>\n<p class=\"com-paragraph   --s\">\u201cMeloni aboga hoy por el respeto al derecho internacional, pero a la hora de la verdad, Italia se interpuso en el camino. El gobierno italiano se opuso a la suspensi\u00f3n del Acuerdo de Asociaci\u00f3n entre la Uni\u00f3n Europea e Israel. \u00bfPor qu\u00e9 nunca ha querido sancionar al gobierno de Netanyahu? \u00bfPor qu\u00e9 Italia sigue bloqueando cualquier iniciativa concreta contra un gobierno responsable de cr\u00edmenes contra el pueblo palestino?\u201d, cuestion\u00f3. <\/p>\n<p class=\"com-paragraph   --s\">\u201cSin sanciones, sin la suspensi\u00f3n de los acuerdos, sin el reconocimiento del Estado de Palestina y sin un cambio de postura claro, la posici\u00f3n del gobierno italiano no es m\u00e1s que hipocres\u00eda. Y con este silencio, Italia se convierte en c\u00f3mplice de todo esto\u201d, denunci\u00f3 luego. <\/p>\n<p class=\"com-paragraph   --s\">Fiel reflejo de la tensi\u00f3n y despu\u00e9s que un vocero del gobierno griego asegur\u00f3 que \u201cAtenas no fue consultada\u201d antes del asalto a los barcos que navegaban cerca de Creta, los ministerios de Relaciones Exteriores de Italia y Alemania emitieron un escrito conjunto en el que expresaron su \u201cprofunda preocupaci\u00f3n\u201d frente a los acontecimientos relacionados con la Flotilla, e hicieron un llamado \u201cal pleno respeto del derecho internacional aplicable y a la abstenci\u00f3n de acciones irresponsables\u201d. <\/p>\n<p class=\"com-paragraph   --s\">Y al respecto concluyeron: \u201cNuestra prioridad absoluta y compartida es garantizar la seguridad de nuestros ciudadanos, de conformidad con el derecho internacional humanitario. Recordamos nuestro compromiso compartido y los esfuerzos de la comunidad internacional para proporcionar ayuda humanitaria a Gaza de acuerdo con el derecho y las normas internacionales\u201d. <\/p>\n<p class=\"com-paragraph   --s\">Poco despu\u00e9s, en un intento de desescalar el conflicto, el canciller israel\u00ed, Gideon Saar, anunci\u00f3 que \u201cen coordinaci\u00f3n con el gobierno griego, las personas trasladadas de los buques de la flotilla al buque israel\u00ed desembarcar\u00e1n en una playa griega en las pr\u00f3ximas horas\u201d.<\/p>\n<section class=\"container-center-100 mb-40 border border-bottom border-thin border-neutral-light-700\">\n<hr\/>\n<\/section>\n<\/div>\n<p><script id=\"facebookpixel\" defer=\"\" type=\"text\/javascript\">\n        !function(f,b,e,v,n,t,s)\n        {if(f.fbq)return;n=f.fbq=function(){n.callMethod?\n        n.callMethod.apply(n,arguments):n.queue.push(arguments)};\n        if(!f._fbq)f._fbq=n;n.push=n;n.loaded=!0;n.version='2.0';\n        n.queue=[];t=b.createElement(e);t.async=!0;\n        t.src=v;s=b.getElementsByTagName(e)[0];\n        s.parentNode.insertBefore(t,s)}(window, document,'script',\n        'https:\/\/connect.facebook.net\/en_US\/fbevents.js');\n        fbq('init', '492459597522335');\n        fbq('track', 'PageView');\n    <\/script><br \/>\n<br \/><\/p>\n","protected":false},"excerpt":{"rendered":"<p>ROMA.- En un episodio que desat\u00f3 gran revuelo internacional, Israel intercept\u00f3 anoche m\u00e1s de 20 embarcaciones de las 58 que conforman la nueva misi\u00f3n humanitaria a Gaza de la Global Samud Flotilla, cerca de la isla griega de Creta y captur\u00f3 al menos a 175 activistas, a quienes trasladar\u00e1 a su territorio, seg\u00fan informaron autoridades [&hellip;]<\/p>\n","protected":false},"author":2,"featured_media":234616,"comment_status":"closed","ping_status":"closed","sticky":false,"template":"","format":"standard","meta":{"footnotes":""},"categories":[1],"tags":[],"class_list":["post-234615","post","type-post","status-publish","format-standard","has-post-thumbnail","hentry","category-uncategorized"],"_links":{"self":[{"href":"https:\/\/radioacuariofm.com.ar\/index.php?rest_route=\/wp\/v2\/posts\/234615","targetHints":{"allow":["GET"]}}],"collection":[{"href":"https:\/\/radioacuariofm.com.ar\/index.php?rest_route=\/wp\/v2\/posts"}],"about":[{"href":"https:\/\/radioacuariofm.com.ar\/index.php?rest_route=\/wp\/v2\/types\/post"}],"author":[{"embeddable":true,"href":"https:\/\/radioacuariofm.com.ar\/index.php?rest_route=\/wp\/v2\/users\/2"}],"replies":[{"embeddable":true,"href":"https:\/\/radioacuariofm.com.ar\/index.php?rest_route=%2Fwp%2Fv2%2Fcomments&post=234615"}],"version-history":[{"count":1,"href":"https:\/\/radioacuariofm.com.ar\/index.php?rest_route=\/wp\/v2\/posts\/234615\/revisions"}],"predecessor-version":[{"id":234617,"href":"https:\/\/radioacuariofm.com.ar\/index.php?rest_route=\/wp\/v2\/posts\/234615\/revisions\/234617"}],"wp:featuredmedia":[{"embeddable":true,"href":"https:\/\/radioacuariofm.com.ar\/index.php?rest_route=\/wp\/v2\/media\/234616"}],"wp:attachment":[{"href":"https:\/\/radioacuariofm.com.ar\/index.php?rest_route=%2Fwp%2Fv2%2Fmedia&parent=234615"}],"wp:term":[{"taxonomy":"category","embeddable":true,"href":"https:\/\/radioacuariofm.com.ar\/index.php?rest_route=%2Fwp%2Fv2%2Fcategories&post=234615"},{"taxonomy":"post_tag","embeddable":true,"href":"https:\/\/radioacuariofm.com.ar\/index.php?rest_route=%2Fwp%2Fv2%2Ftags&post=234615"}],"curies":[{"name":"wp","href":"https:\/\/api.w.org\/{rel}","templated":true}]}}