{"id":234603,"date":"2026-04-30T12:39:02","date_gmt":"2026-04-30T15:39:02","guid":{"rendered":"https:\/\/radioacuariofm.com.ar\/?p=234603"},"modified":"2026-04-30T12:39:04","modified_gmt":"2026-04-30T15:39:04","slug":"el-tb-invita-a-coreografos-bailarines-y-companias-a-ser-parte-de-danza-en-el-hall","status":"publish","type":"post","link":"https:\/\/radioacuariofm.com.ar\/?p=234603","title":{"rendered":"El TB invita a core\u00f3grafos, bailarines y compa\u00f1\u00edas a ser parte de Danza en el Hall"},"content":{"rendered":"<p><\/p>\n<div>\n<p>En el marco de su <strong>10\u00b0 aniversario<\/strong>, el <strong>Teatro del Bicentenario<\/strong> presenta \u201cDanza en el Hall \u2013 1\u00b0 Encuentro\u201d, una propuesta que invita a core\u00f3grafos, bailarines y compa\u00f1\u00edas a intervenir el Hall Principal con obras ya estrenadas, en un formato innovador y de acceso libre y gratuito para el p\u00fablico.<\/p>\n<p>La iniciativa, que se lanz\u00f3 en conmemoraci\u00f3n del <strong>D\u00eda Internacional de la Danza<\/strong>, propone transformar un espacio no convencional en un punto de encuentro directo entre artistas y comunidad. A trav\u00e9s de esta convocatoria, el Teatro busca jerarquizar el trabajo coreogr\u00e1fico, fomentar la visibilidad del sector y generar nuevas formas de habitar su arquitectura desde el movimiento.<\/p>\n<p>\u201cDanza en el Hall\u201d se presenta como una plataforma profesional destinada a fortalecer el ecosistema cultural regional, promoviendo instancias de producci\u00f3n colaborativa y acercando nuevas est\u00e9ticas al p\u00fablico en su vida cotidiana. <strong>La propuesta apunta a democratizar el acceso al arte, permitiendo una experiencia cercana, espont\u00e1nea y directa.<\/strong><\/p>\n<p>La convocatoria estar\u00e1 abierta desde el 29 de abril hasta el 1 de junio de 2026, a trav\u00e9s de un formulario disponible en el sitio web oficial del <a href=\"https:\/\/www.teatrodelbicentenariosanjuan.org\/danzaenelhall\/\">Teatro <\/a>. Los proyectos seleccionados ser\u00e1n notificados el 6 de junio.<\/p>\n<p>El ciclo de presentaciones se desarrollar\u00e1 los d\u00edas s\u00e1bados de 17:00 a 20:00 h, con funciones programadas a partir de junio y fechas de reserva previstas.<\/p>\n<p>El Teatro del Bicentenario acompa\u00f1ar\u00e1 integralmente la realizaci\u00f3n del ciclo, brindando el espacio, soporte t\u00e9cnico, operativo y difusi\u00f3n de las propuestas, adem\u00e1s de garantizar las condiciones necesarias para el desarrollo profesional de las intervenciones.<\/p>\n<\/p><\/div>\n<p><script async defer crossorigin=\"anonymous\" src=\"https:\/\/connect.facebook.net\/es_ES\/sdk.js#xfbml=1&#038;version=v3.3\"><\/script><\/p>\n","protected":false},"excerpt":{"rendered":"<p>En el marco de su 10\u00b0 aniversario, el Teatro del Bicentenario presenta \u201cDanza en el Hall \u2013 1\u00b0 Encuentro\u201d, una propuesta que invita a core\u00f3grafos, bailarines y compa\u00f1\u00edas a intervenir el Hall Principal con obras ya estrenadas, en un formato innovador y de acceso libre y gratuito para el p\u00fablico. La iniciativa, que se lanz\u00f3 [&hellip;]<\/p>\n","protected":false},"author":2,"featured_media":234604,"comment_status":"closed","ping_status":"closed","sticky":false,"template":"","format":"standard","meta":{"footnotes":""},"categories":[27],"tags":[],"class_list":["post-234603","post","type-post","status-publish","format-standard","has-post-thumbnail","hentry","category-san-juan"],"_links":{"self":[{"href":"https:\/\/radioacuariofm.com.ar\/index.php?rest_route=\/wp\/v2\/posts\/234603","targetHints":{"allow":["GET"]}}],"collection":[{"href":"https:\/\/radioacuariofm.com.ar\/index.php?rest_route=\/wp\/v2\/posts"}],"about":[{"href":"https:\/\/radioacuariofm.com.ar\/index.php?rest_route=\/wp\/v2\/types\/post"}],"author":[{"embeddable":true,"href":"https:\/\/radioacuariofm.com.ar\/index.php?rest_route=\/wp\/v2\/users\/2"}],"replies":[{"embeddable":true,"href":"https:\/\/radioacuariofm.com.ar\/index.php?rest_route=%2Fwp%2Fv2%2Fcomments&post=234603"}],"version-history":[{"count":1,"href":"https:\/\/radioacuariofm.com.ar\/index.php?rest_route=\/wp\/v2\/posts\/234603\/revisions"}],"predecessor-version":[{"id":234605,"href":"https:\/\/radioacuariofm.com.ar\/index.php?rest_route=\/wp\/v2\/posts\/234603\/revisions\/234605"}],"wp:featuredmedia":[{"embeddable":true,"href":"https:\/\/radioacuariofm.com.ar\/index.php?rest_route=\/wp\/v2\/media\/234604"}],"wp:attachment":[{"href":"https:\/\/radioacuariofm.com.ar\/index.php?rest_route=%2Fwp%2Fv2%2Fmedia&parent=234603"}],"wp:term":[{"taxonomy":"category","embeddable":true,"href":"https:\/\/radioacuariofm.com.ar\/index.php?rest_route=%2Fwp%2Fv2%2Fcategories&post=234603"},{"taxonomy":"post_tag","embeddable":true,"href":"https:\/\/radioacuariofm.com.ar\/index.php?rest_route=%2Fwp%2Fv2%2Ftags&post=234603"}],"curies":[{"name":"wp","href":"https:\/\/api.w.org\/{rel}","templated":true}]}}