{"id":234600,"date":"2026-04-30T12:37:54","date_gmt":"2026-04-30T15:37:54","guid":{"rendered":"https:\/\/radioacuariofm.com.ar\/?p=234600"},"modified":"2026-04-30T12:37:56","modified_gmt":"2026-04-30T15:37:56","slug":"detuvieron-a-la-suegra-de-la-exreina-de-la-belleza-de-mexico-acusada-de-matarla-a-tiros","status":"publish","type":"post","link":"https:\/\/radioacuariofm.com.ar\/?p=234600","title":{"rendered":"Detuvieron a la suegra de la exreina de la belleza de M\u00e9xico, acusada de matarla a tiros"},"content":{"rendered":"<p> <br \/>\n<\/p>\n<div>\n<p class=\"com-paragraph   --s\"><strong>Erika Mar\u00eda Herrera<\/strong>, la mujer que <strong>asesin\u00f3 de <\/strong><a href=\"https:\/\/www.lanacion.com.ar\/el-mundo\/una-exreina-de-la-belleza-mexicana-fue-asesinada-por-su-suegra-nid23042026\/\" target=\"_self\" title=\"https:\/\/www.lanacion.com.ar\/el-mundo\/una-exreina-de-la-belleza-mexicana-fue-asesinada-por-su-suegra-nid23042026\/\" class=\"com-link break-word\" data-mrf-recirculation=\"n_link_parrafo\"><strong>varios disparos a su nuera en M\u00e9xico<\/strong><\/a>, fue detenida en la ciudad de Caracas, Venezuela, luego de <strong>permanecer pr\u00f3fuga por m\u00e1s de 10 d\u00edas<\/strong>. Herrera est\u00e1 acusada por el <strong>crimen de Carolina Flores, exreina de belleza<\/strong> de 27 a\u00f1os.<\/p>\n<p class=\"com-paragraph   --s\"><strong>La mujer habr\u00eda escapado con ayuda de su hijo<\/strong>, quien ocult\u00f3 el asesinato por m\u00e1s de un d\u00eda. En las im\u00e1genes que se hicieron virales y por las que qued\u00f3 imputada, la v\u00edctima aparece realizando tareas dom\u00e9sticas en un departamento con juguetes de su hijo. A pocos metros, su suegra la sigue con las manos en los bolsillos. En un momento, ambas mantienen un breve intercambio de palabras que no se alcanza a o\u00edr con claridad.<\/p>\n<div class=\"content-media\">\n<section role=\"button\" class=\"mod-media   \">\n<figure role=\"button\" tabindex=\"0\" class=\"mod-figure \"><figcaption class=\"mod-figcaption\"><span class=\"com-text --caption --twoxs\">La mujer acusada del crimen.<\/span><span class=\"com-text --credit --twoxs\">captura de redes sociales <\/span><\/figcaption><\/figure>\n<\/section>\n<\/div>\n<p class=\"com-paragraph   --s\">El <strong>ataque <\/strong>ocurri\u00f3 segundos despu\u00e9s, cuando las dos ingresaron a una habitaci\u00f3n fuera del alcance de la c\u00e1mara. Pese a que la escena queda fuera del plano, el audio registr\u00f3 la secuencia:<strong> primero, un disparo seguido de un grito; luego, al menos seis detonaciones m\u00e1s<\/strong>.<\/p>\n<p class=\"com-paragraph   --s\"><strong>\u201c\u00bfQu\u00e9 fue eso?\u201d<\/strong>, pregunt\u00f3 Alejandro, esposo de la v\u00edctima, al irrumpir en la escena con el beb\u00e9 en brazos. <strong>\u201c\u00bfQu\u00e9 hiciste, loca?\u201d<\/strong>, le recrimin\u00f3 a su madre. <strong>\u201cNada, es que me hizo enojar\u201d<\/strong>, respondi\u00f3 la mujer. Ante esto, el hombre insisti\u00f3: \u201c\u00bfQu\u00e9 te pasa? Es mi familia\u201d. La acusada replic\u00f3: <strong>\u201cT\u00fa eres m\u00edo y ella te rob\u00f3<\/strong>\u201d.<\/p>\n<p class=\"com-paragraph   --s\">Seg\u00fan medios locales, pese a haber estado presente tras el ataque,<strong> el hombre permiti\u00f3 que su madre abandonara el lugar<\/strong> y reci\u00e9n al d\u00eda siguiente, el jueves 16 de abril, se present\u00f3 ante la Fiscal\u00eda General de Justicia de la Ciudad de M\u00e9xico para<strong> denunciar el crimen<\/strong>. <\/p>\n<p class=\"com-paragraph   --s\">Trece d\u00edas despu\u00e9s, la mujer de 63 a\u00f1os fue hallada este jueves por el Cuerpo de Investigaciones Cient\u00edficas, Penales y Criminal\u00edsticas (Cicpc) en coordinaci\u00f3n con la Interpol y la Fiscal\u00eda de M\u00e9xico. Seg\u00fan consign\u00f3 <a href=\"https:\/\/www.eluniversal.com\/sucesos\/232194\/aprehendida-en-caracas-asesina-de-ex-reina-de-belleza-mexicana\" target=\"_blank\" title=\"https:\/\/www.eluniversal.com\/sucesos\/232194\/aprehendida-en-caracas-asesina-de-ex-reina-de-belleza-mexicana\" class=\"com-link break-word\" data-mrf-recirculation=\"n_link_parrafo\" rel=\"nofollow\"><em>El Universal<\/em><\/a>, hab\u00eda<strong> alquilado una vivienda <\/strong>a trav\u00e9s de una plataforma digital para tratar de ocultarse.<\/p>\n<p class=\"com-paragraph   --s\">\u201cLa persona detenida se encuentra <strong>bajo custodia de las autoridades de ese pa\u00eds<\/strong>, en tanto se realizan las gestiones necesarias para formalizar su <strong>extradici\u00f3n <\/strong>a M\u00e9xico. La Fiscal\u00eda CDMX agradece a las autoridades venezolanas, a la INTERPOL y a la FGR su apoyo en este caso\u00bb, public\u00f3 la Fiscal\u00eda en un posteo de la red social<em> X<\/em>.<\/p>\n<p class=\"com-paragraph   --s\"><strong>Flores<\/strong>, exreina de belleza, ten\u00eda un reconocimiento m\u00e1s que nada a nivel nacional que comenz\u00f3 en 2017 cuando, con tan solo 18 a\u00f1os, se coron\u00f3 como <strong>Miss Teen Universe Baja California<\/strong>, ciudad de la que era originaria.<\/p>\n<p class=\"com-paragraph   --s\">Adem\u00e1s de su faceta en el modelaje, era <strong>creadora de contenido en <\/strong><em><strong>TikTok<\/strong><\/em><em>. <\/em>Dentro de la plataforma, compart\u00eda aspectos de su vida cotidiana, viajes, moda, m\u00fasica y mensajes de superaci\u00f3n personal y bienestar.<\/p>\n<div class=\"content-media\">\n<section role=\"button\" class=\"mod-media   \">\n<figure role=\"button\" tabindex=\"0\" class=\"mod-figure \"><figcaption class=\"mod-figcaption\"><span class=\"com-text --caption --twoxs\">La reina de la belleza.<\/span><span class=\"com-text --credit --twoxs\">Facebook Entre Veredas<\/span><\/figcaption><\/figure>\n<\/section>\n<\/div>\n<p class=\"com-paragraph   --s\">Seg\u00fan las primeras reconstrucciones difundidas por medios locales, <strong>la suegra de la v\u00edctima habr\u00eda utilizado una pistola 9 mil\u00edmetros <\/strong>para disparar repetidamente contra la joven tras la <strong>aparente discusi\u00f3n<\/strong>.<\/p>\n<p class=\"com-paragraph   --s\">La Fiscal\u00eda General de Justicia de la Ciudad de M\u00e9xico indic\u00f3 que desde el momento en que se localiz\u00f3 el cuerpo de la mujer se realizaron \u201cdiligencias ministeriales, periciales y de <strong>investigaci\u00f3n de campo\u201d para identificar a la \u201cprobable responsable\u201d del crimen<\/strong>. Por el momento se desconocen los motivos detr\u00e1s del asesinato de la joven.<\/p>\n<p class=\"com-paragraph   --s\">La causa fue <strong>caratulada como delito de homicidio doloso <\/strong>y no como femicidio, un punto que gener\u00f3 <strong>pol\u00e9mica <\/strong>en el debate p\u00fablico.<\/p>\n<section class=\"container-center-100 mb-40 border border-bottom border-thin border-neutral-light-700\">\n<hr\/>\n<\/section>\n<\/div>\n<p><script id=\"facebookpixel\" defer=\"\" type=\"text\/javascript\">\n        !function(f,b,e,v,n,t,s)\n        {if(f.fbq)return;n=f.fbq=function(){n.callMethod?\n        n.callMethod.apply(n,arguments):n.queue.push(arguments)};\n        if(!f._fbq)f._fbq=n;n.push=n;n.loaded=!0;n.version='2.0';\n        n.queue=[];t=b.createElement(e);t.async=!0;\n        t.src=v;s=b.getElementsByTagName(e)[0];\n        s.parentNode.insertBefore(t,s)}(window, document,'script',\n        'https:\/\/connect.facebook.net\/en_US\/fbevents.js');\n        fbq('init', '492459597522335');\n        fbq('track', 'PageView');\n    <\/script><br \/>\n<br \/><\/p>\n","protected":false},"excerpt":{"rendered":"<p>Erika Mar\u00eda Herrera, la mujer que asesin\u00f3 de varios disparos a su nuera en M\u00e9xico, fue detenida en la ciudad de Caracas, Venezuela, luego de permanecer pr\u00f3fuga por m\u00e1s de 10 d\u00edas. Herrera est\u00e1 acusada por el crimen de Carolina Flores, exreina de belleza de 27 a\u00f1os. La mujer habr\u00eda escapado con ayuda de su [&hellip;]<\/p>\n","protected":false},"author":2,"featured_media":234601,"comment_status":"closed","ping_status":"closed","sticky":false,"template":"","format":"standard","meta":{"footnotes":""},"categories":[1],"tags":[],"class_list":["post-234600","post","type-post","status-publish","format-standard","has-post-thumbnail","hentry","category-uncategorized"],"_links":{"self":[{"href":"https:\/\/radioacuariofm.com.ar\/index.php?rest_route=\/wp\/v2\/posts\/234600","targetHints":{"allow":["GET"]}}],"collection":[{"href":"https:\/\/radioacuariofm.com.ar\/index.php?rest_route=\/wp\/v2\/posts"}],"about":[{"href":"https:\/\/radioacuariofm.com.ar\/index.php?rest_route=\/wp\/v2\/types\/post"}],"author":[{"embeddable":true,"href":"https:\/\/radioacuariofm.com.ar\/index.php?rest_route=\/wp\/v2\/users\/2"}],"replies":[{"embeddable":true,"href":"https:\/\/radioacuariofm.com.ar\/index.php?rest_route=%2Fwp%2Fv2%2Fcomments&post=234600"}],"version-history":[{"count":1,"href":"https:\/\/radioacuariofm.com.ar\/index.php?rest_route=\/wp\/v2\/posts\/234600\/revisions"}],"predecessor-version":[{"id":234602,"href":"https:\/\/radioacuariofm.com.ar\/index.php?rest_route=\/wp\/v2\/posts\/234600\/revisions\/234602"}],"wp:featuredmedia":[{"embeddable":true,"href":"https:\/\/radioacuariofm.com.ar\/index.php?rest_route=\/wp\/v2\/media\/234601"}],"wp:attachment":[{"href":"https:\/\/radioacuariofm.com.ar\/index.php?rest_route=%2Fwp%2Fv2%2Fmedia&parent=234600"}],"wp:term":[{"taxonomy":"category","embeddable":true,"href":"https:\/\/radioacuariofm.com.ar\/index.php?rest_route=%2Fwp%2Fv2%2Fcategories&post=234600"},{"taxonomy":"post_tag","embeddable":true,"href":"https:\/\/radioacuariofm.com.ar\/index.php?rest_route=%2Fwp%2Fv2%2Ftags&post=234600"}],"curies":[{"name":"wp","href":"https:\/\/api.w.org\/{rel}","templated":true}]}}