{"id":234588,"date":"2026-04-30T11:36:48","date_gmt":"2026-04-30T14:36:48","guid":{"rendered":"https:\/\/radioacuariofm.com.ar\/?p=234588"},"modified":"2026-04-30T11:36:49","modified_gmt":"2026-04-30T14:36:49","slug":"el-ataque-terrorista-en-londres-refuerza-la-alerta-en-la-comunidad-judia-britanica-por-el-aumento-del-antisemitismo","status":"publish","type":"post","link":"https:\/\/radioacuariofm.com.ar\/?p=234588","title":{"rendered":"El ataque terrorista en Londres refuerza la alerta en la comunidad jud\u00eda brit\u00e1nica por el aumento del antisemitismo"},"content":{"rendered":"<p> <br \/>\n<\/p>\n<div>\n<p class=\"com-paragraph  --capital --s\">LONDRES.- <strong>La conmoci\u00f3n es total en Londres<\/strong> desde que <a href=\"https:\/\/www.lanacion.com.ar\/el-mundo\/apunalan-a-dos-hombres-en-un-barrio-judio-de-londres-y-detienen-a-un-sospechoso-por-intento-de-nid29042026\/\" target=\"_self\" title=\"https:\/\/www.lanacion.com.ar\/el-mundo\/apunalan-a-dos-hombres-en-un-barrio-judio-de-londres-y-detienen-a-un-sospechoso-por-intento-de-nid29042026\/\" class=\"com-link break-word\" data-mrf-recirculation=\"n_link_parrafo\">dos hombres de la comunidad jud\u00eda fueron apu\u00f1alados en el norte de Londres<\/a>. Uno de ellos, un hombre de 76 a\u00f1os, se acomodaba la kip\u00e1 en una parada de colectivo cuando fue sorprendido y acuchillado en el cuello. El sospechoso fue arrestado en el acto, un somal\u00ed de 45 a\u00f1os que lleg\u00f3 a Inglaterra en los a\u00f1os 90, con antecedentes de violencia y problemas de salud mental.<\/p>\n<p class=\"com-paragraph   --s\">El jueves se multiplicaron las protestas en <strong>Golders Green<\/strong>, el lugar del ataque, que es uno de los epicentros de la comunidad jud\u00eda brit\u00e1nica, para reclamar al primer ministro Keir Starmer, cuya esposa es jud\u00eda, m\u00e1s medidas de seguridad.<\/p>\n<p class=\"com-paragraph   --s\">\u201cLa \u200bgente est\u00e1 muy \u2060preocupada, tiene miedo, \u2060se siente inc\u00f3moda al caminar por la calle y, obviamente, culpa al gobierno por no hacer nada al respecto\u201d, dijo uno de los \u200bhombres apu\u00f1alados, Shilome Rand, a ITV News.<\/p>\n<div class=\"content-media\">\n<section role=\"button\" class=\"mod-media   \">\n<figure role=\"button\" tabindex=\"0\" class=\"mod-figure \"><figcaption class=\"mod-figcaption\"><span class=\"com-text --caption --twoxs\">El momento en el que detienen al atacante en Golders Green<\/span><span class=\"com-text --credit --twoxs\">Captura de Pantalla<\/span><\/figcaption><\/figure>\n<\/section>\n<\/div>\n<p class=\"com-paragraph   --s\">La ministra del Interior, Shabana Mahmood, prometi\u00f3 abordar la <strong>\u201cemergencia\u201d del antisemitismo<\/strong>, un d\u00eda despu\u00e9s de que la canciller\u00eda de Israel declarara que \u201cel gobierno de Gran Breta\u00f1a ya no puede afirmar que esto est\u00e1 bajo control.\u201d<\/p>\n<p class=\"com-paragraph   --s\">El del mi\u00e9rcoles fue apenas el \u00faltimo de <strong>varios casos de antisemitismo desde el 7 de octubre de 2023<\/strong>, cuando Israel comenz\u00f3 la guerra en Gaza en represalia por los atentados terroristas de Hamas. En Londres, el mensaje de <strong>\u201cFree Palestine\u201d se hace visible en cada calle<\/strong>, sea en forma de bandera, estampado en una remera o en un cartel.<\/p>\n<p class=\"com-paragraph   --s\">En muchos casos, la comunidad jud\u00eda entiende que las opiniones sobre el accionar militar del gobierno israel\u00ed son utilizadas para ocultar un <strong>antisemitismo puro<\/strong> que poco tiene que ver con la guerra o la situaci\u00f3n en Gaza.<\/p>\n<div class=\"content-media\">\n<section role=\"button\" class=\"mod-media   \">\n<figure role=\"button\" tabindex=\"0\" class=\"mod-figure \"><figcaption class=\"mod-figcaption\"><span class=\"com-text --caption --twoxs\">Manifestantes sostienen carteles cerca del lugar donde dos personas fueron apu\u00f1aladas en el barrio de Golders Green, en Londres, una zona con amplia comunidad jud\u00eda<\/span><span class=\"com-text --credit --twoxs\">Alastair Grant &#8211; AP<\/span><\/figcaption><\/figure>\n<\/section>\n<\/div>\n<p class=\"com-paragraph   --s\">\u201cEl mensaje se presenta bajo una protesta presuntamente leg\u00edtima, mientras al mismo tiempo cruza la l\u00ednea de responsabilizar colectivamente a la <strong>comunidad jud\u00eda brit\u00e1nica<\/strong> por un conflicto que est\u00e1 sucediendo a miles de kil\u00f3metros\u201d, comunic\u00f3 a LA NACION un portavoz del Community Security Trust (CST), organizaci\u00f3n ben\u00e9fica dedicada a la protecci\u00f3n de la comunidad jud\u00eda de Gran Breta\u00f1a.<\/p>\n<p class=\"com-paragraph   --s\">\u201cNo era una cuesti\u00f3n de si iba a pasar o no. Era una cuesti\u00f3n de cu\u00e1ndo\u201d, afirm\u00f3 en di\u00e1logo con LA NACION Daniel Sugarman, subdirector del diario brit\u00e1nico Jewish News. \u201cLa gente no ataca iglesias ortodoxas rusas en respuesta a la invasi\u00f3n rusa de Ucrania, ni ataca centros isl\u00e1micos chiitas en respuesta al r\u00e9gimen iran\u00ed. Cuando se trata de Israel pareciera haber <strong>una excepci\u00f3n<\/strong>.\u201d<\/p>\n<p class=\"com-paragraph   --s\">Reportes del CST estiman <strong>3700 ataques en 2025<\/strong>, la segunda cifra m\u00e1s alta que tienen registrada hasta el d\u00eda de hoy. El CST afirm\u00f3: \u201cEl hecho de que el antisemitismo haya comenzado a escalar antes de que Israel respondiera militarmente, muestra que las motivaciones son <strong>antijud\u00edas m\u00e1s que antiisrael\u00edes<\/strong>\u201d.<\/p>\n<p class=\"com-paragraph   --s\">La comunidad jud\u00eda brit\u00e1nica se compone de aproximadamente 280.000 personas, un 0,5% de la poblaci\u00f3n. La comunidad musulmana es <strong>10 veces m\u00e1s grande<\/strong>, con m\u00e1s de 3 millones de habitantes. En comparaci\u00f3n, en la Argentina, la comunidad jud\u00eda representa el 0,4% de la poblaci\u00f3n, y la musulmana el 1% aproximadamente.<\/p>\n<div class=\"content-media\">\n<section role=\"button\" class=\"mod-media   \">\n<figure role=\"button\" tabindex=\"0\" class=\"mod-figure \"><figcaption class=\"mod-figcaption\"><span class=\"com-text --caption --twoxs\">Un polic\u00eda metropolitano pide a j\u00f3venes de la comunidad jud\u00eda que se alejen del per\u00edmetro acordonado en Golders Green, en el norte de Londres, tras el ataque con arma blanca a dos personas y la detenci\u00f3n de un sospechoso<\/span><span class=\"com-text --credit --twoxs\">JUSTIN TALLIS &#8211; AFP<\/span><\/figcaption><\/figure>\n<\/section>\n<\/div>\n<p class=\"com-paragraph   --s\">En Gran Breta\u00f1a, la poblaci\u00f3n jud\u00eda est\u00e1 concentrada mayormente en Londres y en Manchester. La <strong>l\u00f3gica geogr\u00e1fica de los ataques<\/strong> responde a esa distribuci\u00f3n. En Manchester sucedi\u00f3 el ataque de mayor conmoci\u00f3n. El a\u00f1o pasado, en la ma\u00f1ana de <strong>Yom Kippur<\/strong>, el d\u00eda m\u00e1s sagrado en el calendario jud\u00edo, dos personas murieron y otras tres resultaron heridas luego de que un hombre intent\u00f3 apu\u00f1alar a varias personas en la sinagoga. Este a\u00f1o, en un lapso de menos de dos semanas en abril, hubo cinco intentos de ataque en el noroeste de Londres. La polic\u00eda sigue investigando si el <strong>r\u00e9gimen iran\u00ed<\/strong> est\u00e1 de alguna manera detr\u00e1s de alguno de estos ataques.<\/p>\n<p class=\"com-paragraph   --s\">Desde ese 7 de octubre los episodios de antisemitismo pasaron a ser un <strong>elemento cotidiano en los medios brit\u00e1nicos<\/strong>: desde cantos en conciertos que llamaban a la \u201cmuerte a cada soldado de la IDF\u201d, hasta los hinchas del club de f\u00fatbol Maccabi Tel Aviv que no pudieron ir a un partido contra el club ingl\u00e9s Aston Villa, ya que la polic\u00eda dijo no poder garantizar su seguridad. Recientemente, dos ambulancias de comunidades jud\u00edas fueron incendiadas en Londres.<\/p>\n<div class=\"content-media\">\n<section role=\"button\" class=\"mod-media   \">\n<figure role=\"button\" tabindex=\"0\" class=\"mod-figure \"><figcaption class=\"mod-figcaption\"><span class=\"com-text --caption --twoxs\">Campa\u00f1istas propalestinos protestan fuera de Villa Park, antes del juego de f\u00fatbol de la Liga Europa entre el Aston Villa y el Maccabi Tel Aviv en Birmingham, Inglaterra, el jueves 6 de noviembre de 2025. (Joe Giddens\/PA v\u00eda AP)<\/span><span class=\"com-text --credit --twoxs\">Joe Giddens &#8211; PA<\/span><\/figcaption><\/figure>\n<\/section>\n<\/div>\n<p class=\"com-paragraph   --s\">Sugarman afirm\u00f3 que antes hab\u00eda cierto cuidado o incluso <strong>verg\u00fcenza al expresar opiniones antisemitas<\/strong>, pero eso parece haber desaparecido. \u201cEl 7 de octubre, antes de que Israel respondiera, hubo celebraciones en la calle de algunos sectores. Celebraciones de que hab\u00eda muerto gente jud\u00eda. Hubo empat\u00eda hacia la comunidad de algunos grupos de la sociedad, pero desapareci\u00f3 r\u00e1pidamente\u201d, dijo.<\/p>\n<p class=\"com-paragraph   --s\">El gobierno de Starmer ha respondido con mensajes de concientizaci\u00f3n y <strong>asignando recursos para seguridad<\/strong> en \u00e1reas de poblaci\u00f3n jud\u00eda. Sin embargo, hay una parte de la sociedad que ignora esta situaci\u00f3n y muchas de las organizaciones civiles antifascistas que sol\u00edan colaborar con la comunidad jud\u00eda ya no lo hacen.<\/p>\n<div class=\"content-media\">\n<section role=\"button\" class=\"mod-media   \">\n<figure role=\"button\" tabindex=\"0\" class=\"mod-figure \"><figcaption class=\"mod-figcaption\"><span class=\"com-text --caption --twoxs\">Starmer y su gabinete hablan con la prensa para anunciar medidas tras los ataques<\/span><span class=\"com-text --credit --twoxs\">DAN KITWOOD &#8211; POOL<\/span><\/figcaption><\/figure>\n<\/section>\n<\/div>\n<p class=\"com-paragraph   --s\">Las amenazas se encuentran principalmente en la <strong>extrema derecha, la extrema izquierda y la militancia que niega el derecho a la existencia de Israel<\/strong>. \u201cUna parte significativa del antisemitismo que estamos viendo hoy proviene de sectores de la izquierda que encuadran su discurso como <strong>humanitario<\/strong>. El lenguaje en torno a la \u00abresistencia\u00bb, la \u00abintifada\u00bb o la justificaci\u00f3n de los ataques del 7 de octubre resulta profundamente ofensivo en este contexto\u201d, agreg\u00f3 el vocero del CST.<\/p>\n<p class=\"com-paragraph   --s\">La idea de que cada jud\u00edo que camina es responsable por las acciones del gobierno israel\u00ed se ha expandido hasta provocar un miedo en la poblaci\u00f3n jud\u00eda que antes del 7 de octubre no estaba tan presente. El antisemitismo se desparram\u00f3 a sectores de la vida cotidiana, como colegios u oficinas, donde antes los jud\u00edos se sent\u00edan seguros. La estad\u00edstica es impactante: un jud\u00edo brit\u00e1nico tiene <strong>ocho veces m\u00e1s probabilidades de ser v\u00edctima de un delito de odio<\/strong> por motivos religiosos que una persona de cualquier otra minor\u00eda religiosa.<\/p>\n<p class=\"com-paragraph   --s\">Uno de los escenarios donde el antisemitismo se hizo m\u00e1s presente es el <strong>\u00e1mbito universitario<\/strong>. Billy Perlmutter, neoyorquino de 27 a\u00f1os que se mud\u00f3 a Londres para hacer una maestr\u00eda, usa todos los d\u00edas una cadena con la estrella de David. En un bar en el centro de Londres, un hombre se acerc\u00f3 asumiendo que era israel\u00ed por su apariencia. Al aclarar que era estadounidense, lo dej\u00f3 en paz.<\/p>\n<p class=\"com-paragraph   --s\">\u201cEscucho mucho de incidentes de antisemitismo pero no veo mucha acci\u00f3n para combatirlo. Eso crea un sentimiento de <strong>incomodidad y no pertenencia<\/strong>. La situaci\u00f3n es muy diferente en Nueva York, donde la comunidad es enorme y la gente es m\u00e1s capaz de separar al jud\u00edo del gobierno de Israel, porque el jud\u00edo est\u00e1 m\u00e1s involucrado en lo cotidiano y por ende m\u00e1s humanizado\u201d, relat\u00f3.<\/p>\n<p class=\"com-paragraph   --s\">La situaci\u00f3n para la comunidad jud\u00eda no parece mejorar, a pesar de que los medios tratan el tema con seriedad y preocupaci\u00f3n. \u201cMe gustar\u00eda estar equivocado\u201d, indic\u00f3 Sugarman. \u201cPero creo que va a empeorar. <strong>Cuando m\u00e1s dure la guerra, peor va a ser<\/strong>. Va a haber una reacci\u00f3n econ\u00f3mica significativa y la gente no culpar\u00e1 tanto a Estados Unidos, porque es la superpotencia\u201d, concluy\u00f3.<\/p>\n<section class=\"container-center-100 mb-40 border border-bottom border-thin border-neutral-light-700\">\n<hr\/>\n<\/section>\n<\/div>\n<p><script id=\"facebookpixel\" defer=\"\" type=\"text\/javascript\">\n        !function(f,b,e,v,n,t,s)\n        {if(f.fbq)return;n=f.fbq=function(){n.callMethod?\n        n.callMethod.apply(n,arguments):n.queue.push(arguments)};\n        if(!f._fbq)f._fbq=n;n.push=n;n.loaded=!0;n.version='2.0';\n        n.queue=[];t=b.createElement(e);t.async=!0;\n        t.src=v;s=b.getElementsByTagName(e)[0];\n        s.parentNode.insertBefore(t,s)}(window, document,'script',\n        'https:\/\/connect.facebook.net\/en_US\/fbevents.js');\n        fbq('init', '492459597522335');\n        fbq('track', 'PageView');\n    <\/script><br \/>\n<br \/><\/p>\n","protected":false},"excerpt":{"rendered":"<p>LONDRES.- La conmoci\u00f3n es total en Londres desde que dos hombres de la comunidad jud\u00eda fueron apu\u00f1alados en el norte de Londres. Uno de ellos, un hombre de 76 a\u00f1os, se acomodaba la kip\u00e1 en una parada de colectivo cuando fue sorprendido y acuchillado en el cuello. El sospechoso fue arrestado en el acto, un [&hellip;]<\/p>\n","protected":false},"author":2,"featured_media":234589,"comment_status":"closed","ping_status":"closed","sticky":false,"template":"","format":"standard","meta":{"footnotes":""},"categories":[1],"tags":[],"class_list":["post-234588","post","type-post","status-publish","format-standard","has-post-thumbnail","hentry","category-uncategorized"],"_links":{"self":[{"href":"https:\/\/radioacuariofm.com.ar\/index.php?rest_route=\/wp\/v2\/posts\/234588","targetHints":{"allow":["GET"]}}],"collection":[{"href":"https:\/\/radioacuariofm.com.ar\/index.php?rest_route=\/wp\/v2\/posts"}],"about":[{"href":"https:\/\/radioacuariofm.com.ar\/index.php?rest_route=\/wp\/v2\/types\/post"}],"author":[{"embeddable":true,"href":"https:\/\/radioacuariofm.com.ar\/index.php?rest_route=\/wp\/v2\/users\/2"}],"replies":[{"embeddable":true,"href":"https:\/\/radioacuariofm.com.ar\/index.php?rest_route=%2Fwp%2Fv2%2Fcomments&post=234588"}],"version-history":[{"count":1,"href":"https:\/\/radioacuariofm.com.ar\/index.php?rest_route=\/wp\/v2\/posts\/234588\/revisions"}],"predecessor-version":[{"id":234590,"href":"https:\/\/radioacuariofm.com.ar\/index.php?rest_route=\/wp\/v2\/posts\/234588\/revisions\/234590"}],"wp:featuredmedia":[{"embeddable":true,"href":"https:\/\/radioacuariofm.com.ar\/index.php?rest_route=\/wp\/v2\/media\/234589"}],"wp:attachment":[{"href":"https:\/\/radioacuariofm.com.ar\/index.php?rest_route=%2Fwp%2Fv2%2Fmedia&parent=234588"}],"wp:term":[{"taxonomy":"category","embeddable":true,"href":"https:\/\/radioacuariofm.com.ar\/index.php?rest_route=%2Fwp%2Fv2%2Fcategories&post=234588"},{"taxonomy":"post_tag","embeddable":true,"href":"https:\/\/radioacuariofm.com.ar\/index.php?rest_route=%2Fwp%2Fv2%2Ftags&post=234588"}],"curies":[{"name":"wp","href":"https:\/\/api.w.org\/{rel}","templated":true}]}}