{"id":234579,"date":"2026-04-30T10:54:06","date_gmt":"2026-04-30T13:54:06","guid":{"rendered":"https:\/\/radioacuariofm.com.ar\/?p=234579"},"modified":"2026-04-30T10:54:07","modified_gmt":"2026-04-30T13:54:07","slug":"fernanda-illanes-termino-la-concentracion-con-la-preseleccion-nacional-de-patin-velocidad","status":"publish","type":"post","link":"https:\/\/radioacuariofm.com.ar\/?p=234579","title":{"rendered":"Fernanda Illanes termin\u00f3 la concentraci\u00f3n con la preselecci\u00f3n nacional de pat\u00edn velocidad"},"content":{"rendered":"<p><\/p>\n<div>\n<p>Del 24 al 29 de abril, con la presencia de <strong>Fernanda Illanes<\/strong>, se realiz\u00f3 en Rosario la concentraci\u00f3n de la preselecci\u00f3n argentina de pat\u00edn velocidad que trabaj\u00f3 en el <strong>Patinodromo Roberto Tagliabue<\/strong>, encabezada por el cuerpo t\u00e9cnico con Rub\u00e9n Mart\u00ednez y Juan Jos\u00e9 Z\u00e1rate.<\/p>\n<p>El trabajo tiene como finalidad la puesta a punto de los patinadores para los dos principales objetivos: <strong>Juegos Odesur<\/strong>, que se realizan en septiembre en Rosario y los <strong>World Skate Games<\/strong> en octubre, en <strong>Paraguay<\/strong>.<\/p>\n<p>Al finalizar la concentraci\u00f3n en Rosario, Fernanda cont\u00f3 sus sensaciones sobre el trabajo realizado: \u201cFue una concentraci\u00f3n evaluativa, donde nos estuvieron tomando tiempo y dem\u00e1s. Sinceramente fue como un 50-50 ya que a\u00fan estoy en proceso de adaptaci\u00f3n de la pista porque es muy diferente, as\u00ed que hay distancias que se me complicaron m\u00e1s que otras. En la que mejor me siento que son los 200 metros contra reloj, que es donde mejor me fue, aunque aun as\u00ed los tiempos hay que seguir trabaj\u00e1ndolos porque no fueron los mejores, pero  tambi\u00e9n es una cuesti\u00f3n de adaptaci\u00f3n a la pista. Sinceramente me cost\u00f3 mucho y tambi\u00e9n debo trabajar en las otras distancias, como los 500 metros m\u00e1s que nada\u201d.<\/p>\n<p>Respecto del trabajo de preselecci\u00f3n y cu\u00e1les son los tiempos establecidos para designar el equipo que integrar\u00e1 la selecci\u00f3n, Fernanda dijo: \u201cEn teor\u00eda se iba a definir como en mayo y junio pero avisaron que ahora est\u00e1 la fecha del argentino la semana que viene y queda una concentraci\u00f3n m\u00e1s que es a principios de junio, donde se va a determinar el equipo para los Juegos Odesur y para los World Skate Games. El informe de esta concentraci\u00f3n ya sali\u00f3, pero lo m\u00e1s probable es que se conozca despu\u00e9s del argentino, ah\u00ed va a salir el listado de quienes van a estar en la concentraci\u00f3n de junio. La verdad es que no puedo definir nada porque tampoco s\u00e9 si en ese listado vamos a estar los mismos que estuvimos ahora o si despu\u00e9s del argentino habr\u00e1 modificaciones, pero la idea es que hay que andar bien en el argentino para poder asegurar ese lugar en esa concentraci\u00f3n y ah\u00ed poder dar el cien para tratar de clasificar a uno de los dos o ambos eventos. La pr\u00f3xima concentraci\u00f3n se va a realizar tambi\u00e9n en Rosario, si no me equivoco es del tres al nueve de junio y calculo que va a ser igual que esta que finaliz\u00f3\u201d.<\/p>\n<p>Fernanda Illanes tendr\u00e1 poco descanso ya que los d\u00edas 8, 9 y 10 de mayo estar\u00e1 disputando la fecha del argentino de federaciones que se realizar\u00e1 en Mar del Plata y por ello, estar\u00e1 viajando el  5 de mayo.  <\/p>\n<p>Apoyando los pasos que da la patinadora pocitana, la <strong>Secretar\u00eda de Deporte<\/strong>, a trav\u00e9s de la <strong>Subsecretar\u00eda de Alto Rendimiento<\/strong> aport\u00f3 los pasajes para sus traslados.<\/p>\n<\/p><\/div>\n<p><script async defer crossorigin=\"anonymous\" src=\"https:\/\/connect.facebook.net\/es_ES\/sdk.js#xfbml=1&#038;version=v3.3\"><\/script><\/p>\n","protected":false},"excerpt":{"rendered":"<p>Del 24 al 29 de abril, con la presencia de Fernanda Illanes, se realiz\u00f3 en Rosario la concentraci\u00f3n de la preselecci\u00f3n argentina de pat\u00edn velocidad que trabaj\u00f3 en el Patinodromo Roberto Tagliabue, encabezada por el cuerpo t\u00e9cnico con Rub\u00e9n Mart\u00ednez y Juan Jos\u00e9 Z\u00e1rate. El trabajo tiene como finalidad la puesta a punto de los [&hellip;]<\/p>\n","protected":false},"author":2,"featured_media":234580,"comment_status":"closed","ping_status":"closed","sticky":false,"template":"","format":"standard","meta":{"footnotes":""},"categories":[27],"tags":[],"class_list":["post-234579","post","type-post","status-publish","format-standard","has-post-thumbnail","hentry","category-san-juan"],"_links":{"self":[{"href":"https:\/\/radioacuariofm.com.ar\/index.php?rest_route=\/wp\/v2\/posts\/234579","targetHints":{"allow":["GET"]}}],"collection":[{"href":"https:\/\/radioacuariofm.com.ar\/index.php?rest_route=\/wp\/v2\/posts"}],"about":[{"href":"https:\/\/radioacuariofm.com.ar\/index.php?rest_route=\/wp\/v2\/types\/post"}],"author":[{"embeddable":true,"href":"https:\/\/radioacuariofm.com.ar\/index.php?rest_route=\/wp\/v2\/users\/2"}],"replies":[{"embeddable":true,"href":"https:\/\/radioacuariofm.com.ar\/index.php?rest_route=%2Fwp%2Fv2%2Fcomments&post=234579"}],"version-history":[{"count":1,"href":"https:\/\/radioacuariofm.com.ar\/index.php?rest_route=\/wp\/v2\/posts\/234579\/revisions"}],"predecessor-version":[{"id":234581,"href":"https:\/\/radioacuariofm.com.ar\/index.php?rest_route=\/wp\/v2\/posts\/234579\/revisions\/234581"}],"wp:featuredmedia":[{"embeddable":true,"href":"https:\/\/radioacuariofm.com.ar\/index.php?rest_route=\/wp\/v2\/media\/234580"}],"wp:attachment":[{"href":"https:\/\/radioacuariofm.com.ar\/index.php?rest_route=%2Fwp%2Fv2%2Fmedia&parent=234579"}],"wp:term":[{"taxonomy":"category","embeddable":true,"href":"https:\/\/radioacuariofm.com.ar\/index.php?rest_route=%2Fwp%2Fv2%2Fcategories&post=234579"},{"taxonomy":"post_tag","embeddable":true,"href":"https:\/\/radioacuariofm.com.ar\/index.php?rest_route=%2Fwp%2Fv2%2Ftags&post=234579"}],"curies":[{"name":"wp","href":"https:\/\/api.w.org\/{rel}","templated":true}]}}