{"id":234573,"date":"2026-04-30T10:27:58","date_gmt":"2026-04-30T13:27:58","guid":{"rendered":"https:\/\/radioacuariofm.com.ar\/?p=234573"},"modified":"2026-04-30T10:27:59","modified_gmt":"2026-04-30T13:27:59","slug":"el-chalet-cantoni-invita-a-la-comunidad-a-inscribirse-en-sus-talleres-de-mayo","status":"publish","type":"post","link":"https:\/\/radioacuariofm.com.ar\/?p=234573","title":{"rendered":"El Chalet Cantoni invita a la comunidad a inscribirse en sus talleres de mayo"},"content":{"rendered":"<p><\/p>\n<div>\n<p style=\"text-align: justify;\"><span style=\"font-weight: 400;\">En su variada <strong>programaci\u00f3n de este 2026<\/strong>, el <strong>Chalet Cantoni<\/strong> incluy\u00f3 <strong>talleres<\/strong> y un <strong>workshop<\/strong> para los pr\u00f3ximos d\u00edas de mayo en su espacio ubicado en avenida Libertador 3339 Oeste, Rivadavia. <\/span><\/p>\n<p style=\"text-align: justify;\">En este marco, el taller<strong> \u201cFotograf\u00eda como Instrumento Documental\u201d<\/strong> se realizar\u00e1 durante los jueves<strong> 7, 14, 21 y 28 de mayo<\/strong> a partir de las 17:30. Ser\u00e1 bajo la facilitaci\u00f3n de Martina Lavia, fot\u00f3grafa freelance y estudiante de la Escuela Nacional de Fotograf\u00eda de Buenos Aires, con diplomas en fotograf\u00eda t\u00e9cnica y documental de la Universidad de San Isidro. <\/p>\n<p style=\"text-align: justify;\">Esta propuesta buscar\u00e1 suplir la escasez de archivo hist\u00f3rico moderno en la ciudad de San Juan mediante pr\u00e1cticas grupales de fotograf\u00eda urban\u00edstica, composici\u00f3n, exposici\u00f3n, impresi\u00f3n y edici\u00f3n, con el objetivo de que los alumnos logren un registro documental de la ciudad, concienticen sobre la capacidad art\u00edstica del registro documental y culminen con una exposici\u00f3n en el museo con bit\u00e1cora detallada. <span style=\"font-weight: 400;\">Las inscripciones se realizan con este <a href=\"https:\/\/docs.google.com\/forms\/d\/e\/1FAIpQLSd_m1z--IwT4Zs8l38ol3QHQLUZcMz7qu4yIueGB5G_LqODkQ\/viewform\">formulario<\/a><\/span><span style=\"font-weight: 400;\"> y el costo del arancel es de $25.000.<\/span><\/p>\n<p style=\"text-align: justify;\"><span style=\"font-weight: 400;\">Por otro lado, los pr\u00f3ximos <strong>mi\u00e9rcoles 6 y 13 <\/strong><\/span><span style=\"font-weight: 400;\">se realizar\u00e1 un <strong>taller de caligraf\u00eda con brushpen<\/strong>, de 17 a 20. Esta actividad ser\u00e1 con <strong>cupos limitados y gratuitos<\/strong>, a cargo de Panda, dise\u00f1ador gr\u00e1fico, director creativo en Luna &amp; Panda, cal\u00edgrafo, letrista e ilustrador con m\u00e1s de 15 a\u00f1os de experiencia, docente de Tipograf\u00eda en la Universidad Champagnat y en la Facultad de Arquitectura y Dise\u00f1o de la UNSJ.<\/span><\/p>\n<p style=\"text-align: justify;\">En este proceso, la caligraf\u00eda cobrar\u00e1 vital importancia en un mundo donde lo digital ocupa un lugar central, permitiendo desarrollar una escritura correcta y la creaci\u00f3n de piezas gr\u00e1ficas aut\u00e9nticas.<\/p>\n<p style=\"text-align: justify;\"><span style=\"font-weight: 400;\">Cabe destacar que este taller est\u00e1 dirigido a participantes desde los 14 a\u00f1os, quienes no requieren conocimientos previos y contar\u00e1n con parte del material para desarrollar la actividad. Las inscripciones  se realizan a trav\u00e9s de este <a href=\"https:\/\/forms.gle\/Ufet92yp95w3uLF28\">formulario<\/a>.<\/span><span style=\"font-weight: 400;\"> <\/span><\/p>\n<p style=\"text-align: justify;\">Por \u00faltimo, el <strong>12 de mayo<\/strong>, a las 11:30 hs, tendr\u00e1 lugar el <strong>Workshop de Empleabilidad &amp; Networking<\/strong>, una propuesta pensada para quienes buscan destacarse, conectar y generar nuevas oportunidades laborales. El encuentro propondr\u00e1 un espacio din\u00e1mico de formaci\u00f3n e intercambio orientado al desarrollo profesional. Durante la jornada se trabajar\u00e1n ejes principales como el armado de CV, portales de empleo y marca personal.<\/p>\n<p style=\"text-align: justify;\">La capacitaci\u00f3n estar\u00e1 a cargo de los licenciados Tom\u00e1s Moreno y Macarena Moyano, quienes guiar\u00e1n a los participantes con su experiencia en empleabilidad y desarrollo profesional. El taller es arancelado, con un valor de $20.000, y cupos limitados. Las inscripciones se encuentran abiertas y pueden realizarse al tel\u00e9fono 2645651667.<\/p>\n<\/p><\/div>\n<p><script async defer crossorigin=\"anonymous\" src=\"https:\/\/connect.facebook.net\/es_ES\/sdk.js#xfbml=1&#038;version=v3.3\"><\/script><\/p>\n","protected":false},"excerpt":{"rendered":"<p>En su variada programaci\u00f3n de este 2026, el Chalet Cantoni incluy\u00f3 talleres y un workshop para los pr\u00f3ximos d\u00edas de mayo en su espacio ubicado en avenida Libertador 3339 Oeste, Rivadavia. En este marco, el taller \u201cFotograf\u00eda como Instrumento Documental\u201d se realizar\u00e1 durante los jueves 7, 14, 21 y 28 de mayo a partir de [&hellip;]<\/p>\n","protected":false},"author":2,"featured_media":234574,"comment_status":"closed","ping_status":"closed","sticky":false,"template":"","format":"standard","meta":{"footnotes":""},"categories":[27],"tags":[],"class_list":["post-234573","post","type-post","status-publish","format-standard","has-post-thumbnail","hentry","category-san-juan"],"_links":{"self":[{"href":"https:\/\/radioacuariofm.com.ar\/index.php?rest_route=\/wp\/v2\/posts\/234573","targetHints":{"allow":["GET"]}}],"collection":[{"href":"https:\/\/radioacuariofm.com.ar\/index.php?rest_route=\/wp\/v2\/posts"}],"about":[{"href":"https:\/\/radioacuariofm.com.ar\/index.php?rest_route=\/wp\/v2\/types\/post"}],"author":[{"embeddable":true,"href":"https:\/\/radioacuariofm.com.ar\/index.php?rest_route=\/wp\/v2\/users\/2"}],"replies":[{"embeddable":true,"href":"https:\/\/radioacuariofm.com.ar\/index.php?rest_route=%2Fwp%2Fv2%2Fcomments&post=234573"}],"version-history":[{"count":1,"href":"https:\/\/radioacuariofm.com.ar\/index.php?rest_route=\/wp\/v2\/posts\/234573\/revisions"}],"predecessor-version":[{"id":234575,"href":"https:\/\/radioacuariofm.com.ar\/index.php?rest_route=\/wp\/v2\/posts\/234573\/revisions\/234575"}],"wp:featuredmedia":[{"embeddable":true,"href":"https:\/\/radioacuariofm.com.ar\/index.php?rest_route=\/wp\/v2\/media\/234574"}],"wp:attachment":[{"href":"https:\/\/radioacuariofm.com.ar\/index.php?rest_route=%2Fwp%2Fv2%2Fmedia&parent=234573"}],"wp:term":[{"taxonomy":"category","embeddable":true,"href":"https:\/\/radioacuariofm.com.ar\/index.php?rest_route=%2Fwp%2Fv2%2Fcategories&post=234573"},{"taxonomy":"post_tag","embeddable":true,"href":"https:\/\/radioacuariofm.com.ar\/index.php?rest_route=%2Fwp%2Fv2%2Ftags&post=234573"}],"curies":[{"name":"wp","href":"https:\/\/api.w.org\/{rel}","templated":true}]}}