{"id":234558,"date":"2026-04-30T08:33:51","date_gmt":"2026-04-30T11:33:51","guid":{"rendered":"https:\/\/radioacuariofm.com.ar\/?p=234558"},"modified":"2026-04-30T08:33:53","modified_gmt":"2026-04-30T11:33:53","slug":"mojtaba-khamenei-hablo-en-la-television-irani-y-mando-una-nueva-advertencia-a-trump","status":"publish","type":"post","link":"https:\/\/radioacuariofm.com.ar\/?p=234558","title":{"rendered":"Mojtaba Khamenei habl\u00f3 en la televisi\u00f3n iran\u00ed y mand\u00f3 una nueva advertencia a Trump"},"content":{"rendered":"<p> <br \/>\n<\/p>\n<div>\n<p class=\"com-paragraph  --capital --s\">DUB\u00c1I (AP).- El l\u00edder supremo de <a href=\"https:\/\/www.lanacion.com.ar\/el-mundo\/guerra-de-estados-unidos-e-israel-contra-iran-en-vivo-tension-en-medio-oriente-hoy-jueves-30-de-nid30042026\/\" target=\"_self\" title=\"https:\/\/www.lanacion.com.ar\/el-mundo\/guerra-de-estados-unidos-e-israel-contra-iran-en-vivo-tension-en-medio-oriente-hoy-jueves-30-de-nid30042026\/\" class=\"com-link break-word\" data-mrf-recirculation=\"n_link_parrafo\"><strong>Ir\u00e1n<\/strong><\/a>, el ayatollah<a href=\"https:\/\/www.lanacion.com.ar\/el-mundo\/el-nuevo-lider-supremo-de-iran-presenta-heridas-graves-y-esta-desfigurado-segun-fuentes-cercanas-nid11042026\/\" target=\"_self\" title=\"https:\/\/www.lanacion.com.ar\/el-mundo\/el-nuevo-lider-supremo-de-iran-presenta-heridas-graves-y-esta-desfigurado-segun-fuentes-cercanas-nid11042026\/\" class=\"com-link break-word\" data-mrf-recirculation=\"n_link_parrafo\"> <strong>Mojtaba Khamenei, <\/strong><\/a>afirm\u00f3 este jueves que la Rep\u00fablica Isl\u00e1mica proteger\u00e1 sus \u201ccapacidades nucleares y de misiles\u201d como un activo nacional, mientras el presidente de Estados Unidos, <a href=\"https:\/\/www.lanacion.com.ar\/el-mundo\/trump-lanzo-una-amenaza-a-iran-y-compartio-una-imagen-suya-con-un-fusil-creada-con-ia-nid29042026\/\" target=\"_self\" title=\"https:\/\/www.lanacion.com.ar\/el-mundo\/trump-lanzo-una-amenaza-a-iran-y-compartio-una-imagen-suya-con-un-fusil-creada-con-ia-nid29042026\/\" class=\"com-link break-word\" data-mrf-recirculation=\"n_link_parrafo\"><strong>Donald Trump<\/strong><\/a>, busca alcanzar un acuerdo para dar fin a la guerra que ya lleva dos meses. Adem\u00e1s, sobre el estrecho de Ormuz, el titular del r\u00e9gimen dijo que el \u00fanico lugar de los estadounidenses en el golfo P\u00e9rsico es <strong>\u201cen el fondo de sus aguas\u201d.<\/strong><\/p>\n<p class=\"com-paragraph   --s\">El <strong>ayatollah <\/strong>se pronunci\u00f3 en una declaraci\u00f3n le\u00edda en la televisora estatal iran\u00ed, como hizo desde que asumi\u00f3 el poder tras el ataque a\u00e9reo del <strong>28 de febrero que mat\u00f3 a su padre, el Ali Khamenei, de 86 a\u00f1os.<\/strong><\/p>\n<p class=\"com-paragraph   --s\">\u201c90 millones de iran\u00edes orgullosos y honorables, tanto dentro como fuera del pa\u00eds, consideran todas las capacidades identitarias, espirituales, humanas, cient\u00edficas, industriales y tecnol\u00f3gicas de Ir\u00e1n, desde la nanotecnolog\u00eda y la biotecnolog\u00eda hasta las nucleares y de misiles, como activos nacionales y las proteger\u00e1n tal como protegen las aguas, la tierra y el espacio a\u00e9reo del pa\u00eds\u201d, dijo Khamenei.<\/p>\n<p class=\"com-paragraph   --s\">Sostuvo tambi\u00e9n que el \u00fanico lugar al que pertenecen los estadounidenses en el golfo P\u00e9rsico es \u201cen el fondo de sus aguas\u201d, mientras el estrecho de Ormuz sigue bajo el control de Teher\u00e1n, que no permite a los barcos cruzar.<\/p>\n<p class=\"com-paragraph   --s\"><em>Noticia en desarrollo<\/em><\/p>\n<section class=\"container-center-100 mb-40 border border-bottom border-thin border-neutral-light-700\">\n<hr\/>\n<\/section>\n<\/div>\n<p><script id=\"facebookpixel\" defer=\"\" type=\"text\/javascript\">\n        !function(f,b,e,v,n,t,s)\n        {if(f.fbq)return;n=f.fbq=function(){n.callMethod?\n        n.callMethod.apply(n,arguments):n.queue.push(arguments)};\n        if(!f._fbq)f._fbq=n;n.push=n;n.loaded=!0;n.version='2.0';\n        n.queue=[];t=b.createElement(e);t.async=!0;\n        t.src=v;s=b.getElementsByTagName(e)[0];\n        s.parentNode.insertBefore(t,s)}(window, document,'script',\n        'https:\/\/connect.facebook.net\/en_US\/fbevents.js');\n        fbq('init', '492459597522335');\n        fbq('track', 'PageView');\n    <\/script><br \/>\n<br \/><\/p>\n","protected":false},"excerpt":{"rendered":"<p>DUB\u00c1I (AP).- El l\u00edder supremo de Ir\u00e1n, el ayatollah Mojtaba Khamenei, afirm\u00f3 este jueves que la Rep\u00fablica Isl\u00e1mica proteger\u00e1 sus \u201ccapacidades nucleares y de misiles\u201d como un activo nacional, mientras el presidente de Estados Unidos, Donald Trump, busca alcanzar un acuerdo para dar fin a la guerra que ya lleva dos meses. Adem\u00e1s, sobre el [&hellip;]<\/p>\n","protected":false},"author":2,"featured_media":234559,"comment_status":"closed","ping_status":"closed","sticky":false,"template":"","format":"standard","meta":{"footnotes":""},"categories":[1],"tags":[],"class_list":["post-234558","post","type-post","status-publish","format-standard","has-post-thumbnail","hentry","category-uncategorized"],"_links":{"self":[{"href":"https:\/\/radioacuariofm.com.ar\/index.php?rest_route=\/wp\/v2\/posts\/234558","targetHints":{"allow":["GET"]}}],"collection":[{"href":"https:\/\/radioacuariofm.com.ar\/index.php?rest_route=\/wp\/v2\/posts"}],"about":[{"href":"https:\/\/radioacuariofm.com.ar\/index.php?rest_route=\/wp\/v2\/types\/post"}],"author":[{"embeddable":true,"href":"https:\/\/radioacuariofm.com.ar\/index.php?rest_route=\/wp\/v2\/users\/2"}],"replies":[{"embeddable":true,"href":"https:\/\/radioacuariofm.com.ar\/index.php?rest_route=%2Fwp%2Fv2%2Fcomments&post=234558"}],"version-history":[{"count":1,"href":"https:\/\/radioacuariofm.com.ar\/index.php?rest_route=\/wp\/v2\/posts\/234558\/revisions"}],"predecessor-version":[{"id":234560,"href":"https:\/\/radioacuariofm.com.ar\/index.php?rest_route=\/wp\/v2\/posts\/234558\/revisions\/234560"}],"wp:featuredmedia":[{"embeddable":true,"href":"https:\/\/radioacuariofm.com.ar\/index.php?rest_route=\/wp\/v2\/media\/234559"}],"wp:attachment":[{"href":"https:\/\/radioacuariofm.com.ar\/index.php?rest_route=%2Fwp%2Fv2%2Fmedia&parent=234558"}],"wp:term":[{"taxonomy":"category","embeddable":true,"href":"https:\/\/radioacuariofm.com.ar\/index.php?rest_route=%2Fwp%2Fv2%2Fcategories&post=234558"},{"taxonomy":"post_tag","embeddable":true,"href":"https:\/\/radioacuariofm.com.ar\/index.php?rest_route=%2Fwp%2Fv2%2Ftags&post=234558"}],"curies":[{"name":"wp","href":"https:\/\/api.w.org\/{rel}","templated":true}]}}