{"id":234546,"date":"2026-04-30T04:30:00","date_gmt":"2026-04-30T07:30:00","guid":{"rendered":"https:\/\/radioacuariofm.com.ar\/?p=234546"},"modified":"2026-04-30T04:30:01","modified_gmt":"2026-04-30T07:30:01","slug":"emmanuel-macron-opino-sobre-la-broma-del-rey-carlos-iii-a-donald-trump-eso-seria-elegante","status":"publish","type":"post","link":"https:\/\/radioacuariofm.com.ar\/?p=234546","title":{"rendered":"Emmanuel Macron opin\u00f3 sobre la broma del rey Carlos III a Donald Trump: \u201c\u00a1Eso ser\u00eda elegante!\u00bb"},"content":{"rendered":"<p> <br \/>\n<\/p>\n<div>\n<p class=\"com-paragraph  --capital --s\">El presidente de Francia, <strong>Emmanuel Macron<\/strong>, se refiri\u00f3 a <a href=\"https:\/\/www.lanacion.com.ar\/el-mundo\/la-ironica-respuesta-del-rey-carlos-iii-a-donald-trump-sin-nosotros-estarian-hablando-frances-nid29042026\/\" target=\"_self\" title=\"https:\/\/www.lanacion.com.ar\/el-mundo\/la-ironica-respuesta-del-rey-carlos-iii-a-donald-trump-sin-nosotros-estarian-hablando-frances-nid29042026\/\" class=\"com-link break-word\" data-mrf-recirculation=\"n_link_parrafo\">la ir\u00f3nica respuesta<\/a> del <strong>rey Carlos III <\/strong>al presidente de Estados Unidos, <strong>Donald Trump<\/strong>, durante la cena de recepci\u00f3n al monarca brit\u00e1nico. El soberano de Gran Breta\u00f1a hab\u00eda sugerido que sin la intervenci\u00f3n hist\u00f3rica inglesa, en EE.UU. se hablar\u00eda en franc\u00e9s.<\/p>\n<p class=\"com-paragraph   --s\">En un breve, pero contundente posteo en la red social <em>X, <\/em>Macron brome\u00f3 sobre la frase de Carlos III y agreg\u00f3: \u201c<em><strong>That would be chic!<\/strong><\/em><strong> <\/strong>[<em>\u00a1Eso ser\u00eda elegante!<\/em>]\u201c. <\/p>\n<p class=\"com-paragraph   --s\"><strong>El posteo de Macron fue un gui\u00f1o para el rey <\/strong><a href=\"https:\/\/www.lanacion.com.ar\/el-mundo\/carlos-iii-deslumbro-en-eeuu-con-un-discurso-ante-trump-con-el-que-europa-se-sintio-reivindicada-nid29042026\/\" target=\"_self\" title=\"https:\/\/www.lanacion.com.ar\/el-mundo\/carlos-iii-deslumbro-en-eeuu-con-un-discurso-ante-trump-con-el-que-europa-se-sintio-reivindicada-nid29042026\/\" class=\"com-link break-word\" data-mrf-recirculation=\"n_link_parrafo\"><strong>Carlos III<\/strong><\/a>, quien el martes durante su cena de bienvenida a los Estados Unidos se subi\u00f3 en el estrado del sal\u00f3n este de la Casa Blanca y dio un discurso en el que hizo alusi\u00f3n al aniversario 250\u00b0 de la independencia estadounidense que se celebrar\u00e1 el pr\u00f3ximo 4 de julio. <\/p>\n<div class=\"content-media\">\n<section role=\"button\" class=\"mod-media   \">\n<figure role=\"button\" tabindex=\"0\" class=\"mod-figure \"><figcaption class=\"mod-figcaption\"><span class=\"com-text --caption --twoxs\">El posteo del l\u00edder galo en X<\/span><\/figcaption><\/figure>\n<\/section>\n<\/div>\n<p class=\"com-paragraph   --s\">Sin embargo, el momento de la noche que se viraliz\u00f3 en redes sociales fue cuando <strong>mirando a Trump<\/strong> dijo: \u201cRecientemente coment\u00f3, se\u00f1or presidente, que si no fuera por Estados Unidos, los pa\u00edses europeos estar\u00edan hablando alem\u00e1n. <strong>Me atrevo a decir que, si no fuera por nosotros, ustedes estar\u00edan hablando franc\u00e9s<\/strong>\u201d.<\/p>\n<p class=\"com-paragraph   --s\">Las palabras del monarca despertaron risas y aplausos, incluidas las del presidente norteamericano, que tom\u00f3 con humor los dichos del soberano brit\u00e1nico.<\/p>\n<p class=\"com-paragraph   --s\">Para contextualizar las palabras del rey Carlos III, hay que remontarse a los albores del 2026, cuando Trump brind\u00f3 un discurso en el <a href=\"https:\/\/www.lanacion.com.ar\/estados-unidos\/perlitas-gaffes-y-chicanas-los-momentos-mas-llamativos-del-discurso-de-trump-en-davos-nid21012026\/\" target=\"_self\" title=\"https:\/\/www.lanacion.com.ar\/estados-unidos\/perlitas-gaffes-y-chicanas-los-momentos-mas-llamativos-del-discurso-de-trump-en-davos-nid21012026\/\" class=\"com-link break-word\" data-mrf-recirculation=\"n_link_parrafo\"><strong>Foro Econ\u00f3mico Mundial de Davos<\/strong> <\/a>. En aquella disertaci\u00f3n, el republicano dijo: \u201cSin nosotros, ahora mismo, <strong>todos ustedes hablar\u00edan alem\u00e1n y quiz\u00e1s un poco de japon\u00e9s<\/strong>\u201d.<\/p>\n<div class=\"content-media cursor-pointer container-center-100\">\n<section class=\"media-container relative ratio-16-9 mod-media pb-32\">\n<figure class=\"mod-video\">\n<div class=\"video-player bg-black ratio-16-9\" data-has-jwplayer=\"true\" data-video-id-jw=\"4SI9YohW\" data-config=\"{&quot;title&quot;:&quot;Las palabras del rey Carlos III&quot;,&quot;mediaId&quot;:&quot;4SI9YohW&quot;,&quot;playerId&quot;:&quot;ih0086X3&quot;,&quot;playlist&quot;:[{&quot;mediaid&quot;:&quot;4SI9YohW&quot;,&quot;sources&quot;:[{&quot;file&quot;:&quot;https:\/\/cdn.jwplayer.com\/manifests\/4SI9YohW.m3u8&quot;,&quot;type&quot;:&quot;application\/vnd.apple.mpegurl&quot;},{&quot;bitrate&quot;:331561,&quot;file&quot;:&quot;https:\/\/cdn.jwplayer.com\/videos\/4SI9YohW-kTExGaWf.mp4&quot;,&quot;filesize&quot;:787458,&quot;framerate&quot;:25,&quot;height&quot;:320,&quot;label&quot;:&quot;180p&quot;,&quot;type&quot;:&quot;video\/mp4&quot;,&quot;width&quot;:256},{&quot;bitrate&quot;:503032,&quot;file&quot;:&quot;https:\/\/cdn.jwplayer.com\/videos\/4SI9YohW-K8B0kybS.mp4&quot;,&quot;filesize&quot;:1194703,&quot;framerate&quot;:25,&quot;height&quot;:480,&quot;label&quot;:&quot;270p&quot;,&quot;type&quot;:&quot;video\/mp4&quot;,&quot;width&quot;:384},{&quot;bitrate&quot;:1509180,&quot;file&quot;:&quot;https:\/\/cdn.jwplayer.com\/videos\/4SI9YohW-46NIuRKO.mp4&quot;,&quot;filesize&quot;:3584303,&quot;framerate&quot;:25,&quot;height&quot;:1280,&quot;label&quot;:&quot;720p&quot;,&quot;type&quot;:&quot;video\/mp4&quot;,&quot;width&quot;:1024},{&quot;bitrate&quot;:119637,&quot;file&quot;:&quot;https:\/\/cdn.jwplayer.com\/videos\/4SI9YohW-hz5z2Tv4.m4a&quot;,&quot;filesize&quot;:284140,&quot;label&quot;:&quot;AAC Audio&quot;,&quot;type&quot;:&quot;audio\/mp4&quot;},{&quot;bitrate&quot;:572111,&quot;file&quot;:&quot;https:\/\/cdn.jwplayer.com\/videos\/4SI9YohW-FnZGUVnC.mp4&quot;,&quot;filesize&quot;:1358765,&quot;framerate&quot;:25,&quot;height&quot;:640,&quot;label&quot;:&quot;360p&quot;,&quot;type&quot;:&quot;video\/mp4&quot;,&quot;width&quot;:512},{&quot;bitrate&quot;:988186,&quot;file&quot;:&quot;https:\/\/cdn.jwplayer.com\/videos\/4SI9YohW-0G6Pwvlw.mp4&quot;,&quot;filesize&quot;:2346943,&quot;framerate&quot;:25,&quot;height&quot;:960,&quot;label&quot;:&quot;540p&quot;,&quot;type&quot;:&quot;video\/mp4&quot;,&quot;width&quot;:768}]}],&quot;hasAutoplay&quot;:false,&quot;autostart&quot;:true,&quot;tagsUrl&quot;:&quot;https:\/\/pubads.g.doubleclick.net\/gampad\/ads?slotname=\/133919216\/la_nacion_video\/nota\/preroll&amp;sz=640x480|400x300&amp;ciu_szs=300x250&amp;unviewed_position_start=1&amp;output=vast&amp;impl=s&amp;env=vp&amp;gdfp_req=1&amp;ad_rule=0&amp;vad_type=linear&amp;vpos=preroll&amp;cust_params=tags_nuevos%3Dte_rey_carlos_iii%2Cte_emmanuel_macron%2Cte_reino_unido%2Cte_francia%2Cca_el_mundo%2C%2CDYMG2F3OVJBUBMNEVBTK2V4PCU&amp;pod=3&amp;ppos=1&amp;lip=true&amp;min_ad_duration=0&amp;max_ad_duration=30000&amp;vrid=6256&amp;url=https%3A%2F%2Fwww.lanacion.com.ar%2Fel-mundo%2Femmanuel-macron-opino-sobre-la-broma-del-rey-carlos-iii-a-donald-trump-eso-seria-elegante-nid30042026%2F%3Fvariant%3DA&amp;description_url=https%3A%2F%2Fwww.lanacion.com.ar%2Fel-mundo%2Femmanuel-macron-opino-sobre-la-broma-del-rey-carlos-iii-a-donald-trump-eso-seria-elegante-nid30042026%2F%3Fvariant%3DA&amp;video_doc_id=short_onecue&amp;cmsid=496&amp;kfa=0&amp;tfcd=0&amp;correlator=1777534150661&quot;,&quot;arcSite&quot;:&quot;la-nacion-ar&quot;,&quot;duration&quot;:&quot;19000&quot;}\">\n<div id=\"facade-4SI9YohW\" class=\"content-facade-jw relative bg-black ratio-16-9\"><picture><source media=\"(max-width: 767px)\" srcset=\"https:\/\/resizer.glanacion.com\/resizer\/v2\/https%3A%2F%2Fcdn.jwplayer.com%2Fv2%2Fmedia%2F4SI9YohW%2Fposter.jpg%3Fwidth%3D720?auth=1a76ad0c07ec1a40650aebc0ee784ffc54252e3048f06f35e25e581ff6618d32&amp;width=480&amp;quality=70&amp;smart=false\"\/><\/picture><\/div>\n<\/div><figcaption class=\"border border-1 border-bottom border-light-300 relative px-16 py-8 min-h-36 w-100_md px-0_l mb-8 bg-white\"><span class=\"text ln-text text-16 block\">Las palabras del rey Carlos III<\/span><\/figcaption><\/figure>\n<\/section>\n<\/div>\n<p class=\"com-paragraph   --s\">Adem\u00e1s, en esa misma intervenci\u00f3n en Davos, Trump lanz\u00f3 cr\u00edticas contra Europa y tild\u00f3 de \u201c<strong>desagradecido<\/strong>\u201d a Dinamarca por negarle el control de Groenlandia y sostuvo que el pa\u00eds tiene una deuda con Estados Unidos desde la <strong>Segunda Guerra Mundial<\/strong>.<\/p>\n<p class=\"com-paragraph   --s\">No obstante, cabe mencionar que la frase de Macron llega en un momento de<a href=\"https:\/\/www.lanacion.com.ar\/el-mundo\/tal-vez-no-deberia-hablar-todos-los-dias-macron-le-contesto-a-trump-quien-acuso-a-su-esposa-de-nid02042026\/\" target=\"_self\" title=\"https:\/\/www.lanacion.com.ar\/el-mundo\/tal-vez-no-deberia-hablar-todos-los-dias-macron-le-contesto-a-trump-quien-acuso-a-su-esposa-de-nid02042026\/\" class=\"com-link break-word\" data-mrf-recirculation=\"n_link_parrafo\"> tensi\u00f3n entre la Casa Blanca y el Palacio del El\u00edseo<\/a>, por las constantes discrepancias entre el presidente franc\u00e9s y su par estadounidense. Entre ellas, la salida de EE.UU. de la OMS y del Acuerdo de Par\u00eds, las diferencias sobre el futuro de la guerra en Ucrania y el conflicto en Medio Oriente, y los recientes ataques de Trump a Europa.<\/p>\n<p class=\"com-paragraph   --s\">Este mi\u00e9rcoles el rey Carlos III visit\u00f3 el memorial a las v\u00edctimas de los atentados terroristas del 11 de septiembre en Nueva York, donde tambi\u00e9n celebr\u00f3 los lazos culturales y econ\u00f3micos entre el Reino Unido y Estados Unidos, en un momento de tensiones entre estos dos aliados hist\u00f3ricos.<\/p>\n<p class=\"com-paragraph   --s\">En su tercer d\u00eda de visita de Estado, Carlos III y la reina Camila depositaron una ofrenda floral en el memorial a <strong>los casi 3000 fallecidos hace 23 a\u00f1os en las Torres Gemelas<\/strong>.<\/p>\n<div class=\"content-media\">\n<section role=\"button\" class=\"mod-media   \">\n<figure role=\"button\" tabindex=\"0\" class=\"mod-figure \"><figcaption class=\"mod-figcaption\"><span class=\"com-text --caption --twoxs\">Los reyes del Reino Unido se acercaron hasta el memorial<\/span><\/figcaption><\/figure>\n<\/section>\n<\/div>\n<p class=\"com-paragraph   --s\">Las flores blancas estuvieron acompa\u00f1adas por un manuscrito del rey brit\u00e1nico en el que declar\u00f3 su \u201c<strong>solidaridad inquebrantable con el pueblo estadounidense<\/strong>\u201d. M\u00e1s tarde, los monarcas se reunieron con socorristas, familiares de v\u00edctimas y representantes de organizaciones civiles.<\/p>\n<p class=\"com-paragraph   --s\">Esta ceremonia fue tambi\u00e9n la ocasi\u00f3n para un apret\u00f3n de manos con el nuevo alcalde de Nueva York, <strong>Zohran Mamdani<\/strong>. Seg\u00fan el mandatario neoyorquino, el encuentro no estaba pactado. <\/p>\n<section class=\"container-center-100 mb-40 border border-bottom border-thin border-neutral-light-700\">\n<hr\/>\n<\/section>\n<\/div>\n<p><script id=\"facebookpixel\" defer=\"\" type=\"text\/javascript\">\n        !function(f,b,e,v,n,t,s)\n        {if(f.fbq)return;n=f.fbq=function(){n.callMethod?\n        n.callMethod.apply(n,arguments):n.queue.push(arguments)};\n        if(!f._fbq)f._fbq=n;n.push=n;n.loaded=!0;n.version='2.0';\n        n.queue=[];t=b.createElement(e);t.async=!0;\n        t.src=v;s=b.getElementsByTagName(e)[0];\n        s.parentNode.insertBefore(t,s)}(window, document,'script',\n        'https:\/\/connect.facebook.net\/en_US\/fbevents.js');\n        fbq('init', '492459597522335');\n        fbq('track', 'PageView');\n    <\/script><br \/>\n<br \/><\/p>\n","protected":false},"excerpt":{"rendered":"<p>El presidente de Francia, Emmanuel Macron, se refiri\u00f3 a la ir\u00f3nica respuesta del rey Carlos III al presidente de Estados Unidos, Donald Trump, durante la cena de recepci\u00f3n al monarca brit\u00e1nico. El soberano de Gran Breta\u00f1a hab\u00eda sugerido que sin la intervenci\u00f3n hist\u00f3rica inglesa, en EE.UU. se hablar\u00eda en franc\u00e9s. En un breve, pero contundente [&hellip;]<\/p>\n","protected":false},"author":2,"featured_media":234547,"comment_status":"closed","ping_status":"closed","sticky":false,"template":"","format":"standard","meta":{"footnotes":""},"categories":[1],"tags":[],"class_list":["post-234546","post","type-post","status-publish","format-standard","has-post-thumbnail","hentry","category-uncategorized"],"_links":{"self":[{"href":"https:\/\/radioacuariofm.com.ar\/index.php?rest_route=\/wp\/v2\/posts\/234546","targetHints":{"allow":["GET"]}}],"collection":[{"href":"https:\/\/radioacuariofm.com.ar\/index.php?rest_route=\/wp\/v2\/posts"}],"about":[{"href":"https:\/\/radioacuariofm.com.ar\/index.php?rest_route=\/wp\/v2\/types\/post"}],"author":[{"embeddable":true,"href":"https:\/\/radioacuariofm.com.ar\/index.php?rest_route=\/wp\/v2\/users\/2"}],"replies":[{"embeddable":true,"href":"https:\/\/radioacuariofm.com.ar\/index.php?rest_route=%2Fwp%2Fv2%2Fcomments&post=234546"}],"version-history":[{"count":1,"href":"https:\/\/radioacuariofm.com.ar\/index.php?rest_route=\/wp\/v2\/posts\/234546\/revisions"}],"predecessor-version":[{"id":234548,"href":"https:\/\/radioacuariofm.com.ar\/index.php?rest_route=\/wp\/v2\/posts\/234546\/revisions\/234548"}],"wp:featuredmedia":[{"embeddable":true,"href":"https:\/\/radioacuariofm.com.ar\/index.php?rest_route=\/wp\/v2\/media\/234547"}],"wp:attachment":[{"href":"https:\/\/radioacuariofm.com.ar\/index.php?rest_route=%2Fwp%2Fv2%2Fmedia&parent=234546"}],"wp:term":[{"taxonomy":"category","embeddable":true,"href":"https:\/\/radioacuariofm.com.ar\/index.php?rest_route=%2Fwp%2Fv2%2Fcategories&post=234546"},{"taxonomy":"post_tag","embeddable":true,"href":"https:\/\/radioacuariofm.com.ar\/index.php?rest_route=%2Fwp%2Fv2%2Ftags&post=234546"}],"curies":[{"name":"wp","href":"https:\/\/api.w.org\/{rel}","templated":true}]}}