{"id":234540,"date":"2026-04-30T02:27:53","date_gmt":"2026-04-30T05:27:53","guid":{"rendered":"https:\/\/radioacuariofm.com.ar\/?p=234540"},"modified":"2026-04-30T02:27:54","modified_gmt":"2026-04-30T05:27:54","slug":"jeremy-hansen-astronauta-del-artemis-ii-tras-su-regreso-a-la-tierra","status":"publish","type":"post","link":"https:\/\/radioacuariofm.com.ar\/?p=234540","title":{"rendered":"Jeremy Hansen, astronauta del Artemis II, tras su regreso a la Tierra"},"content":{"rendered":"<p> <br \/>\n<\/p>\n<div>\n<p class=\"com-paragraph  --capital --s\">En medio de la expectativa global que se gener\u00f3 por el <a href=\"https:\/\/www.lanacion.com.ar\/ciencia\/christina-koch-astronauta-de-artemis-ii-la-luna-es-la-encarnacion-de-algo-que-esta-en-el-corazon-de-nid29042026\/\" target=\"_self\" title=\"https:\/\/www.lanacion.com.ar\/ciencia\/christina-koch-astronauta-de-artemis-ii-la-luna-es-la-encarnacion-de-algo-que-esta-en-el-corazon-de-nid29042026\/\" class=\"com-link break-word\" data-mrf-recirculation=\"n_link_parrafo\"><strong>regreso de la humanidad a la \u00f3rbita lunar<\/strong><\/a>, el astronauta canadiense <strong>Jeremy Hansen <\/strong>aport\u00f3 una mirada distinta sobre la misi\u00f3n <strong>Artemis II<\/strong>: m\u00e1s all\u00e1 de la tecnolog\u00eda, hizo hincapi\u00e9 en el impacto humano del proyecto.<\/p>\n<p class=\"com-paragraph   --s\">Durante la \u00faltima conferencia de prensa, el integrante de la tripulaci\u00f3n destac\u00f3 que<strong> la experiencia no se limita a un logro cient\u00edfico<\/strong>, sino que tambi\u00e9n busca generar una conexi\u00f3n con quienes observan desde la Tierra. Habl\u00f3 del compromiso del equipo por vivir la misi\u00f3n con<strong> \u201calegr\u00eda\u201d <\/strong>y del <strong>\u201camor\u201d<\/strong> por contribuir al avance colectivo, seg\u00fan consign\u00f3 <a href=\"https:\/\/www.elperiodico.com\/es\/sociedad\/20260412\/artemis-ii-nasa-directo-ultima-hora-orion-luna-128645302\" target=\"_blank\" title=\"https:\/\/www.elperiodico.com\/es\/sociedad\/20260412\/artemis-ii-nasa-directo-ultima-hora-orion-luna-128645302\" class=\"com-link break-word\" data-mrf-recirculation=\"n_link_parrafo\" rel=\"nofollow\"><em>El Peri\u00f3dico<\/em><\/a>.<\/p>\n<p class=\"com-paragraph   --s\">En ese marco, dej\u00f3 una de las definiciones m\u00e1s personales del programa: <strong>\u201cLes sugerir\u00eda que, cuando miren hacia aqu\u00ed arriba, no nos vean a nosotros. Nosotros somos un espejo que les refleja a ustedes. Si les gusta lo que ven, entonces miren un poco m\u00e1s adentro. Estos son ustedes\u201d<\/strong>.<\/p>\n<div class=\"content-media cursor-pointer container-center-100\">\n<section class=\"media-container relative ratio-16-9 mod-media pb-32\">\n<figure class=\"mod-video\">\n<div class=\"video-player bg-black ratio-16-9\" data-has-jwplayer=\"true\" data-video-id-jw=\"h7rl6MRX\" data-config=\"{&quot;title&quot;:&quot;Virales: los 5 momentos m\u00e1s destacados del Artemis II&quot;,&quot;mediaId&quot;:&quot;h7rl6MRX&quot;,&quot;playerId&quot;:&quot;ih0086X3&quot;,&quot;playlist&quot;:[{&quot;mediaid&quot;:&quot;h7rl6MRX&quot;,&quot;sources&quot;:[{&quot;file&quot;:&quot;https:\/\/cdn.jwplayer.com\/manifests\/h7rl6MRX.m3u8&quot;,&quot;type&quot;:&quot;application\/vnd.apple.mpegurl&quot;},{&quot;bitrate&quot;:361484,&quot;file&quot;:&quot;https:\/\/cdn.jwplayer.com\/videos\/h7rl6MRX-kTExGaWf.mp4&quot;,&quot;filesize&quot;:2214094,&quot;framerate&quot;:30,&quot;height&quot;:320,&quot;label&quot;:&quot;180p&quot;,&quot;type&quot;:&quot;video\/mp4&quot;,&quot;width&quot;:180},{&quot;bitrate&quot;:500004,&quot;file&quot;:&quot;https:\/\/cdn.jwplayer.com\/videos\/h7rl6MRX-K8B0kybS.mp4&quot;,&quot;filesize&quot;:3062530,&quot;framerate&quot;:30,&quot;height&quot;:480,&quot;label&quot;:&quot;270p&quot;,&quot;type&quot;:&quot;video\/mp4&quot;,&quot;width&quot;:270},{&quot;bitrate&quot;:1174218,&quot;file&quot;:&quot;https:\/\/cdn.jwplayer.com\/videos\/h7rl6MRX-46NIuRKO.mp4&quot;,&quot;filesize&quot;:7192086,&quot;framerate&quot;:30,&quot;height&quot;:1280,&quot;label&quot;:&quot;720p&quot;,&quot;type&quot;:&quot;video\/mp4&quot;,&quot;width&quot;:720},{&quot;bitrate&quot;:114224,&quot;file&quot;:&quot;https:\/\/cdn.jwplayer.com\/videos\/h7rl6MRX-hz5z2Tv4.m4a&quot;,&quot;filesize&quot;:699623,&quot;label&quot;:&quot;AAC Audio&quot;,&quot;type&quot;:&quot;audio\/mp4&quot;},{&quot;bitrate&quot;:543222,&quot;file&quot;:&quot;https:\/\/cdn.jwplayer.com\/videos\/h7rl6MRX-FnZGUVnC.mp4&quot;,&quot;filesize&quot;:3327239,&quot;framerate&quot;:30,&quot;height&quot;:640,&quot;label&quot;:&quot;360p&quot;,&quot;type&quot;:&quot;video\/mp4&quot;,&quot;width&quot;:360},{&quot;bitrate&quot;:825470,&quot;file&quot;:&quot;https:\/\/cdn.jwplayer.com\/videos\/h7rl6MRX-0G6Pwvlw.mp4&quot;,&quot;filesize&quot;:5056006,&quot;framerate&quot;:30,&quot;height&quot;:960,&quot;label&quot;:&quot;540p&quot;,&quot;type&quot;:&quot;video\/mp4&quot;,&quot;width&quot;:540}]}],&quot;hasAutoplay&quot;:false,&quot;autostart&quot;:true,&quot;tagsUrl&quot;:&quot;https:\/\/pubads.g.doubleclick.net\/gampad\/ads?slotname=\/133919216\/la_nacion_video\/nota\/preroll&amp;sz=640x480|400x300&amp;ciu_szs=300x250&amp;unviewed_position_start=1&amp;output=vast&amp;impl=s&amp;env=vp&amp;gdfp_req=1&amp;ad_rule=0&amp;vad_type=linear&amp;vpos=preroll&amp;cust_params=tags_nuevos%3Dte_artemis_ii%2Cte_nasa%2Cte_estados_unidos%2Cte_ln_%2Cte_audiencia%2Cca_el_mundo%2Cca_ln_%2C%2CS5P44CDJZBCRVOOT74XJA57JCQ&amp;pod=3&amp;ppos=1&amp;lip=true&amp;min_ad_duration=0&amp;max_ad_duration=30000&amp;vrid=6256&amp;url=https%3A%2F%2Fwww.lanacion.com.ar%2Fel-mundo%2Fjeremy-hansen-astronauta-del-artemis-ii-nosotros-somos-un-espejo-que-los-refleja-si-les-gusta-lo-que-nid30042026%2F%3Fvariant%3DA&amp;description_url=https%3A%2F%2Fwww.lanacion.com.ar%2Fel-mundo%2Fjeremy-hansen-astronauta-del-artemis-ii-nosotros-somos-un-espejo-que-los-refleja-si-les-gusta-lo-que-nid30042026%2F%3Fvariant%3DA&amp;video_doc_id=short_onecue&amp;cmsid=496&amp;kfa=0&amp;tfcd=0&amp;correlator=1777526747973&quot;,&quot;arcSite&quot;:&quot;la-nacion-ar&quot;,&quot;duration&quot;:&quot;49000&quot;}\">\n<div id=\"facade-h7rl6MRX\" class=\"content-facade-jw relative bg-black ratio-16-9\"><picture><source media=\"(max-width: 767px)\" srcset=\"https:\/\/resizer.glanacion.com\/resizer\/v2\/https%3A%2F%2Fcdn.jwplayer.com%2Fv2%2Fmedia%2Fh7rl6MRX%2Fposter.jpg%3Fwidth%3D720?auth=d7a4b16e4b592d61e3034bf3e8e567e73a06aa613e380dfce72908fcb5e4fa30&amp;width=480&amp;quality=70&amp;smart=false\"\/><\/picture><\/div>\n<\/div><figcaption class=\"border border-1 border-bottom border-light-300 relative px-16 py-8 min-h-36 w-100_md px-0_l mb-8 bg-white\"><span class=\"text ln-text text-16 block\">Virales: los 5 momentos m\u00e1s destacados del Artemis II<\/span><\/figcaption><\/figure>\n<\/section>\n<\/div>\n<p class=\"com-paragraph   --s\">El programa <strong>Artemis <\/strong>tiene como horizonte el regreso de astronautas a la superficie lunar. La fase siguiente, <strong>Artemis III<\/strong>, <strong>prev\u00e9 concretar ese objetivo hacia mediados de 2027<\/strong>.<\/p>\n<p class=\"com-paragraph   --s\">Ese paso ser\u00e1 clave dentro de la arquitectura del proyecto: la c\u00e1psula Orion <em>spacecraft <\/em>deber\u00e1 realizar maniobras de acoplamiento en \u00f3rbita terrestre como parte de una operaci\u00f3n m\u00e1s compleja que integrar\u00e1 distintos m\u00f3dulos de descenso.<\/p>\n<div class=\"content-media\">\n<section role=\"button\" class=\"mod-media   \">\n<figure role=\"button\" tabindex=\"0\" class=\"mod-figure \"><figcaption class=\"mod-figcaption\"><span class=\"com-text --caption --twoxs\">La misi\u00f3n Artemis II despeg\u00f3 el 1 de abril de 2026 desde el Complejo de Lanzamiento 39B del Centro Espacial Kennedy de la NASA en Florida<\/span><span class=\"com-text --credit --twoxs\">NASA\/Aubrey Gemignani &#8211; (NASA\/Aubrey Gemignani)<\/span><\/figcaption><\/figure>\n<\/section>\n<\/div>\n<p class=\"com-paragraph   --s\">Para concretar el descenso lunar, <strong>la NASA deleg\u00f3 el desarrollo de los m\u00f3dulos en compa\u00f1\u00edas privadas del sector aeroespacial<\/strong>.<\/p>\n<p class=\"com-paragraph   --s\">Por un lado, SpaceX, la empresa de<strong> Elon Musk<\/strong>, trabaja en una versi\u00f3n adaptada del cohete Starship para operar en la Luna, con una estructura de gran escala.<\/p>\n<p class=\"com-paragraph   --s\">En paralelo, Blue Origin, fundada por<strong> Jeff Bezos<\/strong>, desarrolla el m\u00f3dulo Blue Moon Mark 2, con un dise\u00f1o m\u00e1s compacto pero con objetivos t\u00e9cnicos similares.<\/p>\n<section class=\"container-center-100 mb-40 border border-bottom border-thin border-neutral-light-700\">\n<hr\/>\n<\/section>\n<\/div>\n<p><script id=\"facebookpixel\" defer=\"\" type=\"text\/javascript\">\n        !function(f,b,e,v,n,t,s)\n        {if(f.fbq)return;n=f.fbq=function(){n.callMethod?\n        n.callMethod.apply(n,arguments):n.queue.push(arguments)};\n        if(!f._fbq)f._fbq=n;n.push=n;n.loaded=!0;n.version='2.0';\n        n.queue=[];t=b.createElement(e);t.async=!0;\n        t.src=v;s=b.getElementsByTagName(e)[0];\n        s.parentNode.insertBefore(t,s)}(window, document,'script',\n        'https:\/\/connect.facebook.net\/en_US\/fbevents.js');\n        fbq('init', '492459597522335');\n        fbq('track', 'PageView');\n    <\/script><br \/>\n<br \/><\/p>\n","protected":false},"excerpt":{"rendered":"<p>En medio de la expectativa global que se gener\u00f3 por el regreso de la humanidad a la \u00f3rbita lunar, el astronauta canadiense Jeremy Hansen aport\u00f3 una mirada distinta sobre la misi\u00f3n Artemis II: m\u00e1s all\u00e1 de la tecnolog\u00eda, hizo hincapi\u00e9 en el impacto humano del proyecto. Durante la \u00faltima conferencia de prensa, el integrante de [&hellip;]<\/p>\n","protected":false},"author":2,"featured_media":234541,"comment_status":"closed","ping_status":"closed","sticky":false,"template":"","format":"standard","meta":{"footnotes":""},"categories":[1],"tags":[],"class_list":["post-234540","post","type-post","status-publish","format-standard","has-post-thumbnail","hentry","category-uncategorized"],"_links":{"self":[{"href":"https:\/\/radioacuariofm.com.ar\/index.php?rest_route=\/wp\/v2\/posts\/234540","targetHints":{"allow":["GET"]}}],"collection":[{"href":"https:\/\/radioacuariofm.com.ar\/index.php?rest_route=\/wp\/v2\/posts"}],"about":[{"href":"https:\/\/radioacuariofm.com.ar\/index.php?rest_route=\/wp\/v2\/types\/post"}],"author":[{"embeddable":true,"href":"https:\/\/radioacuariofm.com.ar\/index.php?rest_route=\/wp\/v2\/users\/2"}],"replies":[{"embeddable":true,"href":"https:\/\/radioacuariofm.com.ar\/index.php?rest_route=%2Fwp%2Fv2%2Fcomments&post=234540"}],"version-history":[{"count":1,"href":"https:\/\/radioacuariofm.com.ar\/index.php?rest_route=\/wp\/v2\/posts\/234540\/revisions"}],"predecessor-version":[{"id":234542,"href":"https:\/\/radioacuariofm.com.ar\/index.php?rest_route=\/wp\/v2\/posts\/234540\/revisions\/234542"}],"wp:featuredmedia":[{"embeddable":true,"href":"https:\/\/radioacuariofm.com.ar\/index.php?rest_route=\/wp\/v2\/media\/234541"}],"wp:attachment":[{"href":"https:\/\/radioacuariofm.com.ar\/index.php?rest_route=%2Fwp%2Fv2%2Fmedia&parent=234540"}],"wp:term":[{"taxonomy":"category","embeddable":true,"href":"https:\/\/radioacuariofm.com.ar\/index.php?rest_route=%2Fwp%2Fv2%2Fcategories&post=234540"},{"taxonomy":"post_tag","embeddable":true,"href":"https:\/\/radioacuariofm.com.ar\/index.php?rest_route=%2Fwp%2Fv2%2Ftags&post=234540"}],"curies":[{"name":"wp","href":"https:\/\/api.w.org\/{rel}","templated":true}]}}