{"id":234534,"date":"2026-04-30T00:25:50","date_gmt":"2026-04-30T03:25:50","guid":{"rendered":"https:\/\/radioacuariofm.com.ar\/?p=234534"},"modified":"2026-04-30T00:25:52","modified_gmt":"2026-04-30T03:25:52","slug":"espana-invita-a-delcy-rodriguez-a-la-cumbre-iberoamericana-y-contribuye-a-la-rehabilitacion-internacional-del-chavismo","status":"publish","type":"post","link":"https:\/\/radioacuariofm.com.ar\/?p=234534","title":{"rendered":"Espa\u00f1a invita a Delcy Rodr\u00edguez a la Cumbre Iberoamericana y contribuye a la rehabilitaci\u00f3n internacional del chavismo"},"content":{"rendered":"<p> <br \/>\n<\/p>\n<div>\n<p class=\"com-paragraph  --capital --s\">CARACAS.\u2013 Espa\u00f1a invit\u00f3 formalmente a la presidenta interina de Venezuela, <strong>Delcy Rodr\u00edguez,<\/strong> a la XXIX Cumbre Iberoamericana que tendr\u00e1 lugar el 4 y 5 de noviembre en Madrid, un paso decisivo en la veloz rehabilitaci\u00f3n de Venezuela en la comunidad internacional.<\/p>\n<p class=\"com-paragraph   --s\">El ministro espa\u00f1ol de Asuntos Exteriores, <strong>Jos\u00e9 Manuel Albares,<\/strong> confirm\u00f3 la invitaci\u00f3n durante una visita oficial este martes a Rep\u00fablica Dominicana. <\/p>\n<p class=\"com-paragraph   --s\">\u201cNos dirigimos a todos los pa\u00edses y actuamos como siempre: se invita a quien tiene la <strong>representaci\u00f3n internacional<\/strong> de cada naci\u00f3n\u00bb, declar\u00f3 Albares. <\/p>\n<div class=\"content-media\">\n<section role=\"button\" class=\"mod-media   \">\n<figure role=\"button\" tabindex=\"0\" class=\"mod-figure \"><figcaption class=\"mod-figcaption\"><span class=\"com-text --caption --twoxs\">El canciller espa\u00f1ol, Jos\u00e9 Manuel Albares, invit\u00f3 a Delcy Rodr\u00edguez a la Cumbre Iberoamericana<\/span><\/figcaption><\/figure>\n<\/section>\n<\/div>\n<p class=\"com-paragraph   --s\">La decisi\u00f3n forma parte de <strong>la estrategia de normalizaci\u00f3n de relaciones entre Madrid y Caracas<\/strong>, y supone un reconocimiento impl\u00edcito de la presidencia de Rodr\u00edguez, en sinton\u00eda con el reciente posicionamiento de Estados Unidos tras su intervenci\u00f3n en Venezuela el pasado 3 de enero.<\/p>\n<p class=\"com-paragraph   --s\">Despu\u00e9s de la captura y extracci\u00f3n de <strong>Nicol\u00e1s maduro<\/strong>, la Casa Blanca ha reconocido a Rodr\u00edguez como mandataria de Venezuela y levant\u00f3 las sanciones en su contra. <\/p>\n<p class=\"com-paragraph   --s\">Por ser vicepresidenta del r\u00e9gimen de Maduro,<strong> Rodr\u00edguez est\u00e1 bajo sanciones de la Uni\u00f3n Europea desde 2018. <\/strong>Las medidas fueron renovadas el 15 de diciembre de 2025 y se mantendr\u00e1n vigentes hasta el 10 de enero de 2027 por considerar que socavan la democracia y los derechos humanos. <\/p>\n<p class=\"com-paragraph   --s\">Espa\u00f1a solicit\u00f3 formalmente el 20 de febrero su levantamiento, argumentando que las sanciones no son un fin en s\u00ed mismas, sino <strong>\u201cun medio para alcanzar un di\u00e1logo amplio, pac\u00edfico y democr\u00e1tico en Venezuela\u201d.<\/strong><\/p>\n<div class=\"content-media\">\n<section role=\"button\" class=\"mod-media   \">\n<figure role=\"button\" tabindex=\"0\" class=\"mod-figure \"><figcaption class=\"mod-figcaption\"><span class=\"com-text --caption --twoxs\">El presidente del Gobierno espa\u00f1ol, Pedro S\u00e1nchez, habla en el Congreso de los Diputados, en Madrid (Archivo)  <\/span><span class=\"com-text --credit --twoxs\">Cheng Min &#8211; XinHua<\/span><\/figcaption><\/figure>\n<\/section>\n<\/div>\n<p class=\"com-paragraph   --s\">La invitaci\u00f3n se produce pocos d\u00edas despu\u00e9s de la visita a Madrid de la l\u00edder opositora <strong>Mar\u00eda Corina Machado<\/strong>, quien evit\u00f3 reunirse con el jefe de gobierno, el socialista <strong>Pedro S\u00e1nchez.<\/strong><\/p>\n<p class=\"com-paragraph   --s\">La invitaci\u00f3n deja ver que seg\u00fan el gobierno de <strong>S\u00e1nchez no habr\u00e1 elecciones en Venezuela durante 2026,<\/strong> <a href=\"https:\/\/www.lanacion.com.ar\/el-mundo\/mas-voces-reclaman-el-fin-del-mandato-de-delcy-rodriguez-y-la-convocatoria-a-elecciones-en-venezuela-nid14042026\/\" target=\"_self\" title=\"https:\/\/www.lanacion.com.ar\/el-mundo\/mas-voces-reclaman-el-fin-del-mandato-de-delcy-rodriguez-y-la-convocatoria-a-elecciones-en-venezuela-nid14042026\/\" class=\"com-link break-word\" data-mrf-recirculation=\"n_link_parrafo\">un clamor de la oposici\u00f3n venezolana, <\/a>que ve todav\u00eda al chavismo en el poder y exige de una vez la transici\u00f3n democr\u00e1tica.<\/p>\n<p class=\"com-paragraph   --s\">Al respecto, <strong>Machado confirm\u00f3 su intenci\u00f3n de postularse en las pr\u00f3ximas elecciones presidenciales,<\/strong> cuya fecha a\u00fan no se ha determinado, y abog\u00f3 por una votaci\u00f3n <strong>\u201clibre y transparente\u201d<\/strong> para resolver la crisis pol\u00edtica.<\/p>\n<p class=\"com-paragraph   --s\"><strong>\u201cMe presentar\u00e9 como candidata\u201d,<\/strong> declar\u00f3 en una entrevista con el periodista y presentador brit\u00e1nico Piers Morgan. <\/p>\n<div class=\"content-media\">\n<section role=\"button\" class=\"mod-media   \">\n<figure role=\"button\" tabindex=\"0\" class=\"mod-figure \"><figcaption class=\"mod-figcaption\"><span class=\"com-text --caption --twoxs\">La l\u00edder opositora Mar\u00eda Corina Machado durante su reciente visita a Madrid. <\/span><span class=\"com-text --credit --twoxs\">Agencia AFP &#8211; AFP<\/span><\/figcaption><\/figure>\n<\/section>\n<\/div>\n<p class=\"com-paragraph   --s\">Machado, Premio Nobel de la Paz 2025, record\u00f3 que en las elecciones de julio de 2024, pese al contexto \u201cadverso\u201d, <strong>la oposici\u00f3n obtuvo aproximadamente el 70% de los votos frente a Maduro,<\/strong> quien luego fue confirmado como presidente en medio de un escandaloso fraude de su gobierno.<\/p>\n<p class=\"com-paragraph   --s\">Hoy, <strong>\u201ccon un proceso libre y observaci\u00f3n internacional, el resultado ser\u00eda a\u00fan m\u00e1s favorable\u201d,<\/strong> a\u00f1adi\u00f3. <\/p>\n<p class=\"com-paragraph   --s\">\u201cLas tensiones sociales <strong>surgen de la crisis econ\u00f3mica y la permanencia del gobierno.<\/strong> Solo un proceso electoral puede canalizarlas pac\u00edficamente\u00bb, explic\u00f3, insistiendo en la necesidad de fijar una fecha y un calendario. <\/p>\n<p class=\"com-paragraph   --s\">Si bien respald\u00f3 el proceso gradual de estabilizaci\u00f3n y reconstrucci\u00f3n institucional que promueve la Casa Blanca y reconoci\u00f3 \u201cavances en el desmantelamiento de las estructuras represivas\u201d, subray\u00f3 que <strong>\u201cel objetivo final sigue siendo las elecciones\u201d <\/strong>y que solo el voto puede legitimar una nueva etapa pol\u00edtica en Venezuela.<\/p>\n<div class=\"content-media\">\n<section role=\"button\" class=\"mod-media   \">\n<figure role=\"button\" tabindex=\"0\" class=\"mod-figure \"><figcaption class=\"mod-figcaption\"><span class=\"com-text --caption --twoxs\">Un cartel de BP en una estaci\u00f3n de servicio de Londres (Archivo) <\/span><span class=\"com-text --credit --twoxs\">Kirsty Wigglesworth &#8211; AP<\/span><\/figcaption><\/figure>\n<\/section>\n<\/div>\n<p class=\"com-paragraph   --s\">Mientras se aguardan cambios pol\u00edticos, Venezuela tuvo este mi\u00e9rcoles otro aval del mercado internacional al firmar un memorando de entendimiento con<strong> la petrolera brit\u00e1nica BP<\/strong> para la exploraci\u00f3n de gas de costa afuera en la plataforma Deltana, seg\u00fan dijeron un ejecutivo de la empresa y la presidenta Rodr\u00edguez.<\/p>\n<p class=\"com-paragraph   --s\">Venezuela ha firmado recientemente acuerdos de exploraci\u00f3n y de otros tipos con varios productores <a href=\"https:\/\/www.lanacion.com.ar\/agencias\/empresa-mixta-eni-repsol-busca-aumentar-produccion-de-gas-natural-en-venezuela-nid27042026\/\" target=\"_self\" title=\"https:\/\/www.lanacion.com.ar\/agencias\/empresa-mixta-eni-repsol-busca-aumentar-produccion-de-gas-natural-en-venezuela-nid27042026\/\" class=\"com-link break-word\" data-mrf-recirculation=\"n_link_parrafo\">-como la italiana Eni y la espa\u00f1ola Repsol-, <\/a>en el marco de la apertura de su industria petrolera a la inversi\u00f3n extranjera.<\/p>\n<p class=\"com-paragraph   --s\">\u201cEl regreso de BP <strong>es una muestra clara del futuro que queremos marcar para Venezuela <\/strong>y las relaciones energ\u00e9ticas internacionales (&#8230;) que sea una cooperaci\u00f3n basada en <strong>ganar-ganar <\/strong>de beneficio compartido\u201d, dijo Rodr\u00edguez en una breve ceremonia de firma transmitida por la televisi\u00f3n estatal.<\/p>\n<p class=\"com-paragraph   --s\"><strong>Agencias ANSA y Reuters<\/strong><\/p>\n<section class=\"container-center-100 mb-40 border border-bottom border-thin border-neutral-light-700\">\n<hr\/>\n<\/section>\n<\/div>\n<p><script id=\"facebookpixel\" defer=\"\" type=\"text\/javascript\">\n        !function(f,b,e,v,n,t,s)\n        {if(f.fbq)return;n=f.fbq=function(){n.callMethod?\n        n.callMethod.apply(n,arguments):n.queue.push(arguments)};\n        if(!f._fbq)f._fbq=n;n.push=n;n.loaded=!0;n.version='2.0';\n        n.queue=[];t=b.createElement(e);t.async=!0;\n        t.src=v;s=b.getElementsByTagName(e)[0];\n        s.parentNode.insertBefore(t,s)}(window, document,'script',\n        'https:\/\/connect.facebook.net\/en_US\/fbevents.js');\n        fbq('init', '492459597522335');\n        fbq('track', 'PageView');\n    <\/script><br \/>\n<br \/><\/p>\n","protected":false},"excerpt":{"rendered":"<p>CARACAS.\u2013 Espa\u00f1a invit\u00f3 formalmente a la presidenta interina de Venezuela, Delcy Rodr\u00edguez, a la XXIX Cumbre Iberoamericana que tendr\u00e1 lugar el 4 y 5 de noviembre en Madrid, un paso decisivo en la veloz rehabilitaci\u00f3n de Venezuela en la comunidad internacional. El ministro espa\u00f1ol de Asuntos Exteriores, Jos\u00e9 Manuel Albares, confirm\u00f3 la invitaci\u00f3n durante una [&hellip;]<\/p>\n","protected":false},"author":2,"featured_media":234535,"comment_status":"closed","ping_status":"closed","sticky":false,"template":"","format":"standard","meta":{"footnotes":""},"categories":[1],"tags":[],"class_list":["post-234534","post","type-post","status-publish","format-standard","has-post-thumbnail","hentry","category-uncategorized"],"_links":{"self":[{"href":"https:\/\/radioacuariofm.com.ar\/index.php?rest_route=\/wp\/v2\/posts\/234534","targetHints":{"allow":["GET"]}}],"collection":[{"href":"https:\/\/radioacuariofm.com.ar\/index.php?rest_route=\/wp\/v2\/posts"}],"about":[{"href":"https:\/\/radioacuariofm.com.ar\/index.php?rest_route=\/wp\/v2\/types\/post"}],"author":[{"embeddable":true,"href":"https:\/\/radioacuariofm.com.ar\/index.php?rest_route=\/wp\/v2\/users\/2"}],"replies":[{"embeddable":true,"href":"https:\/\/radioacuariofm.com.ar\/index.php?rest_route=%2Fwp%2Fv2%2Fcomments&post=234534"}],"version-history":[{"count":1,"href":"https:\/\/radioacuariofm.com.ar\/index.php?rest_route=\/wp\/v2\/posts\/234534\/revisions"}],"predecessor-version":[{"id":234536,"href":"https:\/\/radioacuariofm.com.ar\/index.php?rest_route=\/wp\/v2\/posts\/234534\/revisions\/234536"}],"wp:featuredmedia":[{"embeddable":true,"href":"https:\/\/radioacuariofm.com.ar\/index.php?rest_route=\/wp\/v2\/media\/234535"}],"wp:attachment":[{"href":"https:\/\/radioacuariofm.com.ar\/index.php?rest_route=%2Fwp%2Fv2%2Fmedia&parent=234534"}],"wp:term":[{"taxonomy":"category","embeddable":true,"href":"https:\/\/radioacuariofm.com.ar\/index.php?rest_route=%2Fwp%2Fv2%2Fcategories&post=234534"},{"taxonomy":"post_tag","embeddable":true,"href":"https:\/\/radioacuariofm.com.ar\/index.php?rest_route=%2Fwp%2Fv2%2Ftags&post=234534"}],"curies":[{"name":"wp","href":"https:\/\/api.w.org\/{rel}","templated":true}]}}