{"id":234531,"date":"2026-04-29T23:24:48","date_gmt":"2026-04-30T02:24:48","guid":{"rendered":"https:\/\/radioacuariofm.com.ar\/?p=234531"},"modified":"2026-04-29T23:24:49","modified_gmt":"2026-04-30T02:24:49","slug":"powell-se-despide-de-la-reserva-federal-con-un-reclamo-de-autonomia-y-el-senado-allana-el-camino-para-warsh","status":"publish","type":"post","link":"https:\/\/radioacuariofm.com.ar\/?p=234531","title":{"rendered":"Powell se despide de la Reserva Federal con un reclamo de autonom\u00eda y el Senado allana el camino para Warsh"},"content":{"rendered":"<p> <br \/>\n<\/p>\n<div>\n<p class=\"com-paragraph  --capital --s\">WASHINGTON.\u2013 Una jornada atravesada por definiciones pol\u00edticas y econ\u00f3micas volvi\u00f3 a poner en el centro de la escena a la<strong> Reserva Federal. <\/strong><\/p>\n<p class=\"com-paragraph   --s\"><a href=\"https:\/\/www.lanacion.com.ar\/el-mundo\/las-bolsas-repuntan-ante-el-impulso-de-un-posible-dialogo-entre-estados-unidos-e-iran-nid21042026\/\" target=\"_self\" title=\"https:\/\/www.lanacion.com.ar\/el-mundo\/las-bolsas-repuntan-ante-el-impulso-de-un-posible-dialogo-entre-estados-unidos-e-iran-nid21042026\/\" class=\"com-link break-word\" data-mrf-recirculation=\"n_link_parrafo\">Jerome Powell,<\/a> en su conferencia de prensa final como titular del organismo, envi\u00f3 un mensaje directo a la <a href=\"https:\/\/www.lanacion.com.ar\/estados-unidos\/comision-del-senado-de-ee-uu-aprueba-al-candidato-de-trump-para-la-fed-nid29042026\/\" target=\"_self\" title=\"https:\/\/www.lanacion.com.ar\/estados-unidos\/comision-del-senado-de-ee-uu-aprueba-al-candidato-de-trump-para-la-fed-nid29042026\/\" class=\"com-link break-word\" data-mrf-recirculation=\"n_link_parrafo\">Casa Blanca<\/a>: la instituci\u00f3n necesita autonom\u00eda plena y debe operar bajo una l\u00f3gica <strong>\u201clibre de influencias pol\u00edticas\u201d.<\/strong> <\/p>\n<p class=\"com-paragraph   --s\">El funcionario aprovech\u00f3 adem\u00e1s el contacto con los medios para referirse al cierre de la investigaci\u00f3n penal en su contra por supuestos sobrecostos en las obras de la sede central, una decisi\u00f3n del Departamento de Justicia que \u2014seg\u00fan admiti\u00f3\u2014 le genera<strong> alivio <\/strong>tras meses de incertidumbre.<\/p>\n<div class=\"content-media\">\n<section role=\"button\" class=\"mod-media   \">\n<figure role=\"button\" tabindex=\"0\" class=\"mod-figure \"><figcaption class=\"mod-figcaption\"><span class=\"com-text --caption --twoxs\"> Kevin Warsh en su audiencia en el Congreso sobre su nominaci\u00f3n para ser presidente de la Reserva Federal de Estados Unidos<\/span><span class=\"com-text --credit --twoxs\">ANDREW HARNIK &#8211; GETTY IMAGES NORTH AMERICA<\/span><\/figcaption><\/figure>\n<\/section>\n<\/div>\n<p class=\"com-paragraph   --s\">El Comit\u00e9 de Pol\u00edtica Monetaria (FOMC) opt\u00f3 por sostener una postura de cautela y mantuvo las tasas de inter\u00e9s en un rango de entre el <strong>3,50% y el 3,75%<\/strong> por tercera reuni\u00f3n consecutiva.<\/p>\n<p class=\"com-paragraph   --s\">La decisi\u00f3n, sin embargo, no fue un\u00e1nime. Cuatro de los doce integrantes con derecho a voto expresaron su disidencia, el n\u00famero m\u00e1s alto desde 1992. <\/p>\n<p class=\"com-paragraph   --s\">Powell reconoci\u00f3 ante la prensa que es \u201cf\u00e1cil entender por qu\u00e9\u201d existe preocupaci\u00f3n entre sus colegas frente a eventuales recortes, en un contexto marcado por una<strong> inflaci\u00f3n persistente<\/strong> y por la presi\u00f3n adicional de los precios de la energ\u00eda, en gran parte vinculada a los conflictos en Medio Oriente.<\/p>\n<p class=\"com-paragraph   --s\">Mientras Powell defend\u00eda su gesti\u00f3n y buscaba marcar los l\u00edmites institucionales del organismo, en el Capitolio la Comisi\u00f3n de Banca del Senado avanz\u00f3 con el <strong>recambio de mando. <\/strong><\/p>\n<div class=\"content-media\">\n<section role=\"button\" class=\"mod-media   \">\n<figure role=\"button\" tabindex=\"0\" class=\"mod-figure \"><figcaption class=\"mod-figcaption\"><span class=\"com-text --caption --twoxs\">El presidente de la Reserva Federal, Jerome Powell<\/span><span class=\"com-text --credit --twoxs\">ANNA MONEYMAKER &#8211; GETTY IMAGES NORTH AMERICA<\/span><\/figcaption><\/figure>\n<\/section>\n<\/div>\n<p class=\"com-paragraph   --s\"><strong>Kevin Warsh<\/strong>, el candidato impulsado por Donald Trump, obtuvo el aval tras una votaci\u00f3n de<strong> 13 contra 11<\/strong> que respet\u00f3 estrictamente las l\u00edneas partidarias. El senador republicano Thom Tillis, que meses atr\u00e1s hab\u00eda prometido bloquear la nominaci\u00f3n, retir\u00f3 sus objeciones luego de que la procuradora Jeanine Pirro confirmara el archivo de las pesquisas contra el actual titular de la Fed, un movimiento que termin\u00f3 por destrabar el proceso pol\u00edtico.<\/p>\n<p class=\"com-paragraph   --s\">Warsh no plantea una transici\u00f3n gradual sino un <strong>\u201ccambio de r\u00e9gimen\u201d en la pol\u00edtica monetaria. <\/strong>Durante su exposici\u00f3n ante los senadores, calific\u00f3 como \u201cerrores fatales\u201d varias decisiones adoptadas tras la pandemia y cuestion\u00f3 la utilidad de las proyecciones trimestrales, a las que atribuy\u00f3 un efecto de mayor incertidumbre en los mercados. <\/p>\n<p class=\"com-paragraph   --s\">Su propuesta m\u00e1s novedosa apunta al uso de <strong>inteligencia artificial:<\/strong> sostiene que los avances tecnol\u00f3gicos pueden impulsar la productividad por encima de lo previsto, lo que abrir\u00eda margen para una pol\u00edtica monetaria m\u00e1s flexible y eventuales bajas de tasas sin reavivar las presiones inflacionarias.<\/p>\n<div class=\"content-media\">\n<section role=\"button\" class=\"mod-media   \">\n<figure role=\"button\" tabindex=\"0\" class=\"mod-figure \"><figcaption class=\"mod-figcaption\"><span class=\"com-text --caption --twoxs\">Jerome Powell<\/span><span class=\"com-text --credit --twoxs\">KENT NISHIMURA &#8211; AFP<\/span><\/figcaption><\/figure>\n<\/section>\n<\/div>\n<p class=\"com-paragraph   --s\">Pese al avance de su sucesor en comisi\u00f3n, Powell no prev\u00e9 un retiro inmediato de la escena p\u00fablica. El funcionario reiter\u00f3 que <strong>dejar\u00e1 el cargo una vez que la investigaci\u00f3n interna del inspector general sobre los gastos de infraestructura est\u00e9 \u201ctotal y verdaderamente concluida\u201d<\/strong>.<\/p>\n<p class=\"com-paragraph   --s\">Aunque su mandato como presidente de la Fed vence el 15 de mayo, su puesto como miembro de la Junta de Gobernadores se extiende hasta enero de 2028, un detalle institucional que le otorga margen de permanencia frente a las cr\u00edticas del Poder Ejecutivo y le permite conservar influencia dentro del organismo.<\/p>\n<p class=\"com-paragraph   --s\">La discusi\u00f3n sobre la independencia del banco central se consolid\u00f3 as\u00ed como eje del debate pol\u00edtico en Washington. Para los dem\u00f3cratas, la nominaci\u00f3n de Warsh refleja un intento de <strong>mayor injerencia por parte de Trump,<\/strong> que reclama de manera p\u00fablica un costo del cr\u00e9dito cercano al 1%.<\/p>\n<p class=\"com-paragraph   --s\">El propio Warsh busc\u00f3 bajar la tensi\u00f3n y afirm\u00f3 que la estabilidad de precios es la verdadera \u201carmadura\u201d de la Fed, una misi\u00f3n que debe cumplirse <strong>\u201csin excusas ni ambig\u00fcedades\u201d<\/strong> para sostener la credibilidad del organismo frente a los mercados y ante Wall Street.<\/p>\n<div class=\"content-media\">\n<section role=\"button\" class=\"mod-media   \">\n<figure role=\"button\" tabindex=\"0\" class=\"mod-figure \"><figcaption class=\"mod-figcaption\"><span class=\"com-text --caption --twoxs\">Kevin Warsh en su audiencia en el Congreso sobre su nominaci\u00f3n para ser presidente de la Reserva Federal de Estados Unidos, en Washington el 21 de abril del 2026<\/span><span class=\"com-text --credit --twoxs\">Jose Luis Magana &#8211; FR159526 AP<\/span><\/figcaption><\/figure>\n<\/section>\n<\/div>\n<p class=\"com-paragraph   --s\">En los mercados, la reacci\u00f3n fue de expectativa contenida. Las bolsas internacionales operaron en alza, impulsadas en buena medida por el desempe\u00f1o del sector tecnol\u00f3gico, mientras los inversores mantienen una posici\u00f3n cauta ante la posibilidad de que una nueva conducci\u00f3n avance con una reducci\u00f3n m\u00e1s agresiva del balance de activos de la entidad.<\/p>\n<p class=\"com-paragraph   --s\"><strong>Agencias Reuters y AFP<\/strong><\/p>\n<section class=\"container-center-100 mb-40 border border-bottom border-thin border-neutral-light-700\">\n<hr\/>\n<\/section>\n<\/div>\n<p><script id=\"facebookpixel\" defer=\"\" type=\"text\/javascript\">\n        !function(f,b,e,v,n,t,s)\n        {if(f.fbq)return;n=f.fbq=function(){n.callMethod?\n        n.callMethod.apply(n,arguments):n.queue.push(arguments)};\n        if(!f._fbq)f._fbq=n;n.push=n;n.loaded=!0;n.version='2.0';\n        n.queue=[];t=b.createElement(e);t.async=!0;\n        t.src=v;s=b.getElementsByTagName(e)[0];\n        s.parentNode.insertBefore(t,s)}(window, document,'script',\n        'https:\/\/connect.facebook.net\/en_US\/fbevents.js');\n        fbq('init', '492459597522335');\n        fbq('track', 'PageView');\n    <\/script><br \/>\n<br \/><\/p>\n","protected":false},"excerpt":{"rendered":"<p>WASHINGTON.\u2013 Una jornada atravesada por definiciones pol\u00edticas y econ\u00f3micas volvi\u00f3 a poner en el centro de la escena a la Reserva Federal. Jerome Powell, en su conferencia de prensa final como titular del organismo, envi\u00f3 un mensaje directo a la Casa Blanca: la instituci\u00f3n necesita autonom\u00eda plena y debe operar bajo una l\u00f3gica \u201clibre de [&hellip;]<\/p>\n","protected":false},"author":2,"featured_media":234532,"comment_status":"closed","ping_status":"closed","sticky":false,"template":"","format":"standard","meta":{"footnotes":""},"categories":[1],"tags":[],"class_list":["post-234531","post","type-post","status-publish","format-standard","has-post-thumbnail","hentry","category-uncategorized"],"_links":{"self":[{"href":"https:\/\/radioacuariofm.com.ar\/index.php?rest_route=\/wp\/v2\/posts\/234531","targetHints":{"allow":["GET"]}}],"collection":[{"href":"https:\/\/radioacuariofm.com.ar\/index.php?rest_route=\/wp\/v2\/posts"}],"about":[{"href":"https:\/\/radioacuariofm.com.ar\/index.php?rest_route=\/wp\/v2\/types\/post"}],"author":[{"embeddable":true,"href":"https:\/\/radioacuariofm.com.ar\/index.php?rest_route=\/wp\/v2\/users\/2"}],"replies":[{"embeddable":true,"href":"https:\/\/radioacuariofm.com.ar\/index.php?rest_route=%2Fwp%2Fv2%2Fcomments&post=234531"}],"version-history":[{"count":1,"href":"https:\/\/radioacuariofm.com.ar\/index.php?rest_route=\/wp\/v2\/posts\/234531\/revisions"}],"predecessor-version":[{"id":234533,"href":"https:\/\/radioacuariofm.com.ar\/index.php?rest_route=\/wp\/v2\/posts\/234531\/revisions\/234533"}],"wp:featuredmedia":[{"embeddable":true,"href":"https:\/\/radioacuariofm.com.ar\/index.php?rest_route=\/wp\/v2\/media\/234532"}],"wp:attachment":[{"href":"https:\/\/radioacuariofm.com.ar\/index.php?rest_route=%2Fwp%2Fv2%2Fmedia&parent=234531"}],"wp:term":[{"taxonomy":"category","embeddable":true,"href":"https:\/\/radioacuariofm.com.ar\/index.php?rest_route=%2Fwp%2Fv2%2Fcategories&post=234531"},{"taxonomy":"post_tag","embeddable":true,"href":"https:\/\/radioacuariofm.com.ar\/index.php?rest_route=%2Fwp%2Fv2%2Ftags&post=234531"}],"curies":[{"name":"wp","href":"https:\/\/api.w.org\/{rel}","templated":true}]}}