{"id":234528,"date":"2026-04-29T22:23:49","date_gmt":"2026-04-30T01:23:49","guid":{"rendered":"https:\/\/radioacuariofm.com.ar\/?p=234528"},"modified":"2026-04-29T22:23:50","modified_gmt":"2026-04-30T01:23:50","slug":"trump-le-pidio-a-putin-un-alto-el-fuego-en-ucrania-y-el-lider-del-kremlin-hizo-una-contrapropuesta","status":"publish","type":"post","link":"https:\/\/radioacuariofm.com.ar\/?p=234528","title":{"rendered":"Trump le pidi\u00f3 a Putin un alto el fuego en Ucrania y el l\u00edder del Kremlin hizo una contrapropuesta"},"content":{"rendered":"<p> <br \/>\n<\/p>\n<div>\n<p class=\"com-paragraph  --capital --s\">WASHINGTON.- El presidente de Estados Unidos, Donald Trump, declar\u00f3 el mi\u00e9rcoles que hab\u00eda hablado sobre un posible alto el fuego en Ucrania en una conversaci\u00f3n telef\u00f3nica con el presidente ruso, Vladimir Putin.<\/p>\n<p class=\"com-paragraph   --s\"><strong>\u201cTuvimos una buena conversaci\u00f3n, lo conozco desde hace mucho tiempo\u201d<\/strong>, dijo Trump.<\/p>\n<p class=\"com-paragraph   --s\">Trump, en declaraciones a los periodistas mientras se reun\u00eda con los astronautas de la misi\u00f3n Artemis en el Sal\u00f3n Oval, dijo que<strong> sugiri\u00f3 \u201cuna peque\u00f1a tregua\u201d en la guerra de Ucrania durante su conversaci\u00f3n telef\u00f3nica con el l\u00edder ruso.<\/strong><\/p>\n<p class=\"com-paragraph   --s\">\u201cY creo que podr\u00eda hacerlo\u201d, dijo Trump, y luego pregunt\u00f3 a los periodistas si Putin hab\u00eda anunciado un alto el fuego.<\/p>\n<p class=\"com-paragraph   --s\">Trump dijo que Putin se hab\u00eda ofrecido a ayudar en la cuesti\u00f3n del uranio enriquecido de Ir\u00e1n, un obst\u00e1culo clave para un acuerdo que ponga fin a la guerra con Ir\u00e1n, pero \u201cle dije que prefer\u00eda mucho m\u00e1s<strong> que se implicara en poner fin a la guerra con Ucrania<\/strong>\u201d.<\/p>\n<div class=\"content-media\">\n<section role=\"button\" class=\"mod-media   \">\n<figure role=\"button\" tabindex=\"0\" class=\"mod-figure \"><figcaption class=\"mod-figcaption\"><span class=\"com-text --caption --twoxs\">El presidente estadounidense Donald Trump y el presidente ruso Vladimir Putin llegan a una conferencia de prensa en la base conjunta Elmendorf-Richardson en Anchorage, Alaska, el 15 de agosto de 2025.<\/span><span class=\"com-text --credit --twoxs\">Julia Demaree Nikhinson &#8211; AP<\/span><\/figcaption><\/figure>\n<\/section>\n<\/div>\n<p class=\"com-paragraph   --s\">Poco despu\u00e9s de las declaraciones de Trump, <strong>Putin propuso efectivamente un alto el fuego en Ucrania para el 9 de mayo, d\u00eda en que Rusia celebra la victoria sovi\u00e9tica sobre la Alemania nazi en 1945<\/strong>, inform\u00f3 el Kremlin.<\/p>\n<p class=\"com-paragraph   --s\">Seg\u00fan declaraciones de su asesor diplom\u00e1tico, <strong>Yuri Ushakov<\/strong>, Putin le dijo a Trump que est\u00e1 dispuesto <strong>\u201ca decretar un alto el fuego mientras duren las celebraciones del D\u00eda de la Victoria\u201d<\/strong>, declar\u00f3 a los periodistas, aunque no especific\u00f3 la duraci\u00f3n de la medida. <\/p>\n<p class=\"com-paragraph   --s\">A\u00f1adi\u00f3 que Trump ha \u201capoyado activamente esta iniciativa\u201d para un d\u00eda que \u201cconmemora nuestra victoria com\u00fan\u201d.<\/p>\n<p class=\"com-paragraph   --s\">El 9 de mayo, fecha en la que Rusia conmemora la capitulaci\u00f3n de la Alemania nazi al final de la Segunda Guerra Mundial en 1945, se celebra cada a\u00f1o con grandes demostraciones de fuerza en todo el pa\u00eds.<\/p>\n<p class=\"com-paragraph   --s\">Este a\u00f1o las celebraciones se reducir\u00e1n por motivos de seguridad, dada la amenaza de ataques ucranianos, inform\u00f3 el Kremlin este mi\u00e9rcoles.<\/p>\n<p class=\"com-paragraph   --s\">Desde 2023, Ucrania celebra la victoria el 8 de mayo, al igual que los pa\u00edses occidentales, debido a la diferencia horaria entre Mosc\u00fa y Alemania el d\u00eda de 1945 cuando se produjo la derrota nazi.<\/p>\n<p class=\"com-paragraph   --s\"><strong>Agencias AFP y Reuters<\/strong><\/p>\n<section class=\"container-center-100 mb-40 border border-bottom border-thin border-neutral-light-700\">\n<hr\/>\n<\/section>\n<\/div>\n<p><script id=\"facebookpixel\" defer=\"\" type=\"text\/javascript\">\n        !function(f,b,e,v,n,t,s)\n        {if(f.fbq)return;n=f.fbq=function(){n.callMethod?\n        n.callMethod.apply(n,arguments):n.queue.push(arguments)};\n        if(!f._fbq)f._fbq=n;n.push=n;n.loaded=!0;n.version='2.0';\n        n.queue=[];t=b.createElement(e);t.async=!0;\n        t.src=v;s=b.getElementsByTagName(e)[0];\n        s.parentNode.insertBefore(t,s)}(window, document,'script',\n        'https:\/\/connect.facebook.net\/en_US\/fbevents.js');\n        fbq('init', '492459597522335');\n        fbq('track', 'PageView');\n    <\/script><br \/>\n<br \/><\/p>\n","protected":false},"excerpt":{"rendered":"<p>WASHINGTON.- El presidente de Estados Unidos, Donald Trump, declar\u00f3 el mi\u00e9rcoles que hab\u00eda hablado sobre un posible alto el fuego en Ucrania en una conversaci\u00f3n telef\u00f3nica con el presidente ruso, Vladimir Putin. \u201cTuvimos una buena conversaci\u00f3n, lo conozco desde hace mucho tiempo\u201d, dijo Trump. Trump, en declaraciones a los periodistas mientras se reun\u00eda con los [&hellip;]<\/p>\n","protected":false},"author":2,"featured_media":234529,"comment_status":"closed","ping_status":"closed","sticky":false,"template":"","format":"standard","meta":{"footnotes":""},"categories":[1],"tags":[],"class_list":["post-234528","post","type-post","status-publish","format-standard","has-post-thumbnail","hentry","category-uncategorized"],"_links":{"self":[{"href":"https:\/\/radioacuariofm.com.ar\/index.php?rest_route=\/wp\/v2\/posts\/234528","targetHints":{"allow":["GET"]}}],"collection":[{"href":"https:\/\/radioacuariofm.com.ar\/index.php?rest_route=\/wp\/v2\/posts"}],"about":[{"href":"https:\/\/radioacuariofm.com.ar\/index.php?rest_route=\/wp\/v2\/types\/post"}],"author":[{"embeddable":true,"href":"https:\/\/radioacuariofm.com.ar\/index.php?rest_route=\/wp\/v2\/users\/2"}],"replies":[{"embeddable":true,"href":"https:\/\/radioacuariofm.com.ar\/index.php?rest_route=%2Fwp%2Fv2%2Fcomments&post=234528"}],"version-history":[{"count":1,"href":"https:\/\/radioacuariofm.com.ar\/index.php?rest_route=\/wp\/v2\/posts\/234528\/revisions"}],"predecessor-version":[{"id":234530,"href":"https:\/\/radioacuariofm.com.ar\/index.php?rest_route=\/wp\/v2\/posts\/234528\/revisions\/234530"}],"wp:featuredmedia":[{"embeddable":true,"href":"https:\/\/radioacuariofm.com.ar\/index.php?rest_route=\/wp\/v2\/media\/234529"}],"wp:attachment":[{"href":"https:\/\/radioacuariofm.com.ar\/index.php?rest_route=%2Fwp%2Fv2%2Fmedia&parent=234528"}],"wp:term":[{"taxonomy":"category","embeddable":true,"href":"https:\/\/radioacuariofm.com.ar\/index.php?rest_route=%2Fwp%2Fv2%2Fcategories&post=234528"},{"taxonomy":"post_tag","embeddable":true,"href":"https:\/\/radioacuariofm.com.ar\/index.php?rest_route=%2Fwp%2Fv2%2Ftags&post=234528"}],"curies":[{"name":"wp","href":"https:\/\/api.w.org\/{rel}","templated":true}]}}