{"id":234513,"date":"2026-04-29T18:19:28","date_gmt":"2026-04-29T21:19:28","guid":{"rendered":"https:\/\/radioacuariofm.com.ar\/?p=234513"},"modified":"2026-04-29T18:19:29","modified_gmt":"2026-04-29T21:19:29","slug":"carlos-iii-deslumbro-en-ee-uu-con-un-discurso-ante-trump-con-el-que-europa-se-sintio-reivindicada","status":"publish","type":"post","link":"https:\/\/radioacuariofm.com.ar\/?p=234513","title":{"rendered":"Carlos III deslumbr\u00f3 en EE.UU. con un discurso ante Trump con el que Europa se sinti\u00f3 reivindicada"},"content":{"rendered":"<p> <br \/>\n<\/p>\n<div>\n<p class=\"com-paragraph  --capital --s\">PAR\u00cdS.\u2013 Desde el martes, <strong>Europa tiene un nuevo l\u00edder: Carlos III de Inglaterra<\/strong>. Un rey que, en un rar\u00edsimo y exquisito ejercicio de <a href=\"https:\/\/www.lanacion.com.ar\/el-mundo\/entre-guinos-ironias-y-un-regalo-inesperado-la-cena-de-estado-de-trump-con-carlos-iii-expuso-la-nid29042026\/\" target=\"_self\" title=\"https:\/\/www.lanacion.com.ar\/el-mundo\/entre-guinos-ironias-y-un-regalo-inesperado-la-cena-de-estado-de-trump-con-carlos-iii-expuso-la-nid29042026\/\" class=\"com-link break-word\" data-mrf-recirculation=\"n_link_parrafo\">diplomacia pol\u00edtica<\/a>, <strong>tuvo el coraje de recordarle<\/strong>, sin ambig\u00fcedades y mir\u00e1ndolos a los ojos, los <a href=\"https:\/\/www.lanacion.com.ar\/el-mundo\/la-ironica-respuesta-del-rey-carlos-iii-a-donald-trump-sin-nosotros-estarian-hablando-frances-nid29042026\/\" target=\"_self\" title=\"https:\/\/www.lanacion.com.ar\/el-mundo\/la-ironica-respuesta-del-rey-carlos-iii-a-donald-trump-sin-nosotros-estarian-hablando-frances-nid29042026\/\" class=\"com-link break-word\" data-mrf-recirculation=\"n_link_parrafo\"><strong>principios republicanos a su antigua colonia<\/strong><\/a> y sobre todo a su presidente, <a href=\"https:\/\/www.lanacion.com.ar\/estados-unidos\/trump-le-pidio-a-putin-un-alto-el-fuego-en-ucrania-y-el-lider-del-kremlin-hizo-una-contrapropuesta-nid29042026\/\" target=\"_self\" title=\"https:\/\/www.lanacion.com.ar\/estados-unidos\/trump-le-pidio-a-putin-un-alto-el-fuego-en-ucrania-y-el-lider-del-kremlin-hizo-una-contrapropuesta-nid29042026\/\" class=\"com-link break-word\" data-mrf-recirculation=\"n_link_parrafo\"><strong>Donald Trump<\/strong><\/a>.<\/p>\n<p class=\"com-paragraph   --s\">\u201c\u00a1Un<strong> <\/strong><a href=\"https:\/\/www.lanacion.com.ar\/estados-unidos\/pompa-gestos-y-una-revelacion-inesperada-trump-y-carlos-iii-se-reunen-en-medio-de-tensiones-con-nid28042026\/\" target=\"_self\" title=\"https:\/\/www.lanacion.com.ar\/estados-unidos\/pompa-gestos-y-una-revelacion-inesperada-trump-y-carlos-iii-se-reunen-en-medio-de-tensiones-con-nid28042026\/\" class=\"com-link break-word\" data-mrf-recirculation=\"n_link_parrafo\"><strong>rey dando lecciones<\/strong><\/a><strong> de democracia republicana<\/strong>! Fue una <strong>aut\u00e9ntica <\/strong><em><strong>masterclass<\/strong><\/em><strong> diplom\u00e1tica<\/strong>\u201d, se extasi\u00f3 este mi\u00e9rcoles Abnousse Shalmani, editorialista de pol\u00edtica internacional ante las c\u00e1maras de la cadena BFM.<\/p>\n<p class=\"com-paragraph   --s\">Los aplausos de Shalmani no fueron los \u00fanicos. Los elogios a Carlos III fueron ditir\u00e1mbicos en todo el continente: <strong>\u201cDiscurso hist\u00f3rico\u201d<\/strong>, <strong>\u201cacto de resistencia con guante de terciopelo\u201d<\/strong>, \u201c<strong>genio pol\u00edtico<\/strong> disfrazado de <em>bonnes mani\u00e8res\u201d\u2026 <\/em>El <strong>ejercicio diplom\u00e1tico de alto vuelo<\/strong> ejecutado por el soberano brit\u00e1nico el martes, no solo ante el Congreso de Estados Unidos, sino tambi\u00e9n durante la cena de gala que celebr\u00f3 su segundo d\u00eda de visita de Estado en Estados Unidos, seguramente habr\u00eda sido motivo de orgullo y admiraci\u00f3n para sus propios padres, quienes lo tuvieron en tan escasa estima cuando peque\u00f1o que, para \u201cendurecerlo\u201d, decidieron enviarlo a la Gordonstoun School en Escocia, una de las instituciones m\u00e1s rigurosas de Gran Breta\u00f1a, donde padeci\u00f3 intimidaci\u00f3n, acoso y persecuciones por parte de sus compa\u00f1eros.<\/p>\n<p class=\"com-paragraph   --s\">\u201cA los 77 a\u00f1os, enfermo de c\u00e1ncer y al frente de una familia realmente disfuncional, <strong>Carlos III acaba de demostrar que es un gran rey<\/strong>. Probablemente con<strong> mucho m\u00e1s coraje que su propia madre<\/strong>\u201d, analiza el especialista en realeza belga Marc Roche.<\/p>\n<div class=\"content-media\">\n<section role=\"button\" class=\"mod-media   \">\n<figure role=\"button\" tabindex=\"0\" class=\"mod-figure \"><figcaption class=\"mod-figcaption\"><span class=\"com-text --caption --twoxs\">En plena visita de Estado, Carlos III busc\u00f3 recomponer los lazos transatl\u00e1nticos con un mensaje claro hacia Washington<\/span><span class=\"com-text --credit --twoxs\">Alex Brandon &#8211; AP<\/span><\/figcaption><\/figure>\n<\/section>\n<\/div>\n<p class=\"com-paragraph   --s\">Para los europeos, <strong>Carlos III cumpli\u00f3 su misi\u00f3n \u2014la de intentar reparar los maltrechos lazos transatl\u00e1nticos\u2014<\/strong>, en forma cort\u00e9s, serena y sobre con esa elegancia, producto de 19 generaciones de monarqu\u00eda. Un privilegio exclusivo, del que ning\u00fan otro l\u00edder europeo, primer ministro o presidente, podr\u00eda haber disfrutado.<\/p>\n<p class=\"com-paragraph   --s\">\u201cY pensar que los medios pol\u00edticos brit\u00e1nicos exig\u00edan que el rey renunciara a este viaje, precedido por la animosidad de Donald Trump contra el primer ministro Keir Starmer y, sobre todo, por los esc\u00e1ndalos protagonizados por su hermano Andr\u00e9s Mountbatten y el recientemente destituido embajador brit\u00e1nico en Estados Unidos, Peter Mandelson, ambos acusados de haber mantenido estrechas relaciones con el ped\u00f3filo Jeffrey Epstein\u201d, reflexiona otro especialista de la familia real, el franc\u00e9s St\u00e9phane Bern.<\/p>\n<p class=\"com-paragraph   --s\">Con voz firme y convicci\u00f3n, muchas veces te\u00f1ida de ese inimitable humor brit\u00e1nico,<strong> Carlos III le record\u00f3<\/strong> al Congreso de Estados Unidos que la <strong>OTAN estuvo ah\u00ed para Estados Unidos despu\u00e9s del 11 de septiembre<\/strong>; que las <strong>tropas brit\u00e1nicas s\u00ed combatieron en Afganist\u00e1n<\/strong>; que <strong>Ucrania necesita ayuda ahora mismo<\/strong>; que todo poder ejecutivo debe estar sujeto a un sistema de pesos y contrapesos; que los casquetes polares se est\u00e1n derritiendo y que las <strong>maravillas naturales de Estados Unidos necesitan protecci\u00f3n<\/strong>.<\/p>\n<p class=\"com-paragraph   --s\">Sin jam\u00e1s mencionarlo directamente, Carlos III respondi\u00f3 una por una a todas las falsedades y ofensas que tanto su reino como el resto de Europa recibieron por parte de Donald Trump desde que lleg\u00f3 a la Casa Blanca.<\/p>\n<div class=\"content-media\">\n<section role=\"button\" class=\"mod-media   \">\n<figure role=\"button\" tabindex=\"0\" class=\"mod-figure \"><figcaption class=\"mod-figcaption\"><span class=\"com-text --caption --twoxs\">La cena de gala en Washington fue escenario de una diplomacia elegante<\/span><span class=\"com-text --credit --twoxs\">Alex Brandon &#8211; AP<\/span><\/figcaption><\/figure>\n<\/section>\n<\/div>\n<p class=\"com-paragraph   --s\">Y los medios europeos valoraron el tono del rey, que calificaron a la vez de<strong> \u201cconciliador y firme\u201d<\/strong>, vi\u00e9ndolo como una respuesta elegante a las provocaciones de Trump y un recordatorio de los valores comunes que hay que defender.<\/p>\n<p class=\"com-paragraph   --s\">\u201c<strong>No hay nada como un poco de pompa y ceremonia para sanar las heridas de una relaci\u00f3n bilateral<\/strong>, la de Londres y Washington, que se ha visto <strong>seriamente afectada en los \u00faltimos meses<\/strong>\u201d, observ\u00f3 el diario espa\u00f1ol <em>El Pa\u00eds<\/em>.<\/p>\n<p class=\"com-paragraph   --s\">Su discurso \u2014el segundo de un monarca brit\u00e1nico en la historia del Congreso, tras el de su madre, Isabel II, en 1991\u2014 era, en efecto, muy esperado. Y \u201ca juzgar por los v\u00edtores y aplausos que recibi\u00f3 al finalizar, esa <strong>demostraci\u00f3n de <\/strong><em><strong>soft power<\/strong><\/em><strong> ha sido un \u00e9xito<\/strong>. La \u2018relaci\u00f3n especial\u2019 (NDR: entre Estados Unidos y el Reino Unido) a\u00fan tiene mucha vida por delante\u00bb, estim\u00f3 el brit\u00e1nico The Guardian.<\/p>\n<p class=\"com-paragraph   --s\"><strong>Carlos III no dud\u00f3 en \u201clanzar algunas r\u00e9plicas \u2014de extrema sutileza\u2014 dirigidas a Trump\u201d<\/strong> y a su pol\u00edtica, se\u00f1ala <em>The New York Times<\/em>. Ante los legisladores, mencion\u00f3 especialmente<strong> \u201cel valor de la Alianza Atl\u00e1ntica, la importancia del equilibrio de poderes y su pasi\u00f3n por el medio ambiente\u201d<\/strong>. \u201cIncluso hizo referencia a su paso por la Royal Navy, justo cuando Trump ha menospreciado la capacidad naval brit\u00e1nica en las \u00faltimas semanas\u201d, agreg\u00f3 el diario estadounidense.<\/p>\n<div class=\"content-media\">\n<section role=\"button\" class=\"mod-media   \">\n<figure role=\"button\" tabindex=\"0\" class=\"mod-figure \"><figcaption class=\"mod-figcaption\"><span class=\"com-text --caption --twoxs\">Sin nombrarlo, el monarca respondi\u00f3 a las cr\u00edticas y posturas de Donald Trump con una estrategia de \u201csoft power\u201d<\/span><span class=\"com-text --credit --twoxs\">SUZANNE PLUNKETT &#8211; POOL<\/span><\/figcaption><\/figure>\n<\/section>\n<\/div>\n<p class=\"com-paragraph   --s\">No cabe duda de que algunos de sus <strong>comentarios \u201cpudieron ser percibidos por el p\u00fablico estadounidense como advertencias veladas, fueran intencionadas o no\u201d<\/strong>, subray\u00f3 Bloomberg. La agencia de noticias econ\u00f3micas destac\u00f3, en particular, la menci\u00f3n que hizo Carlos III a \u201cla Carta Magna brit\u00e1nica, vi\u00e9ndola como una fuente de inspiraci\u00f3n para los Estados Unidos en cuanto a la forma en que el poder ejecutivo deber\u00eda estar sometido a un sistema de contrapesos\u201d.<\/p>\n<p class=\"com-paragraph   --s\">En <strong>Alemania<\/strong>, la prensa destac\u00f3 la <strong>importancia del mensaje de Carlos III sobre la necesidad de apoyar a Ucrania<\/strong>. En Francia, diversos medios, como France 24 y France Info, resaltaron la dimensi\u00f3n simb\u00f3lica del discurso, elogiando el llamamiento a la solidaridad transatl\u00e1ntica y a la defensa de los valores democr\u00e1ticos, consider\u00e1ndolo un contrapunto a las posturas aislacionistas de Trump.<\/p>\n<p class=\"com-paragraph   --s\">Pero los <strong>franceses fueron especialmente sensibles a la broma del soberano durante la cena de gala<\/strong>, cuando Carlos III respondi\u00f3 a una declaraci\u00f3n de Trump en la que hab\u00eda afirmado que, \u201csin Estados Unidos, los europeos hablar\u00edan alem\u00e1n\u201d.<\/p>\n<p class=\"com-paragraph   --s\">\u201cMe permitir\u00e9 recordarle, se\u00f1or Presidente que, <strong>sin los brit\u00e1nicos, los estadounidenses hablar\u00edan franc\u00e9s<\/strong>\u201d, dijo el rey con esa inimitable flema brit\u00e1nica.<\/p>\n<p class=\"com-paragraph   --s\">Ampliamente comentada en toda Europa, la broma fue percibida como una defensa de la influencia brit\u00e1nica, al tiempo que recordaba la historia compartida entre ambas naciones. Una <strong>deliciosa iron\u00eda que provoc\u00f3 asimismo la reacci\u00f3n del presidente franc\u00e9s Emmanuel Macron en X: <\/strong><em><strong>\u201cCe serait chic!\u201d<\/strong><\/em><em> (\u00a1ser\u00eda s\u00faper chic!), <\/em>escribi\u00f3.<\/p>\n<section class=\"container-center-100 mb-40 border border-bottom border-thin border-neutral-light-700\">\n<hr\/>\n<\/section>\n<\/div>\n<p><script id=\"facebookpixel\" defer=\"\" type=\"text\/javascript\">\n        !function(f,b,e,v,n,t,s)\n        {if(f.fbq)return;n=f.fbq=function(){n.callMethod?\n        n.callMethod.apply(n,arguments):n.queue.push(arguments)};\n        if(!f._fbq)f._fbq=n;n.push=n;n.loaded=!0;n.version='2.0';\n        n.queue=[];t=b.createElement(e);t.async=!0;\n        t.src=v;s=b.getElementsByTagName(e)[0];\n        s.parentNode.insertBefore(t,s)}(window, document,'script',\n        'https:\/\/connect.facebook.net\/en_US\/fbevents.js');\n        fbq('init', '492459597522335');\n        fbq('track', 'PageView');\n    <\/script><br \/>\n<br \/><\/p>\n","protected":false},"excerpt":{"rendered":"<p>PAR\u00cdS.\u2013 Desde el martes, Europa tiene un nuevo l\u00edder: Carlos III de Inglaterra. Un rey que, en un rar\u00edsimo y exquisito ejercicio de diplomacia pol\u00edtica, tuvo el coraje de recordarle, sin ambig\u00fcedades y mir\u00e1ndolos a los ojos, los principios republicanos a su antigua colonia y sobre todo a su presidente, Donald Trump. \u201c\u00a1Un rey dando [&hellip;]<\/p>\n","protected":false},"author":2,"featured_media":234514,"comment_status":"closed","ping_status":"closed","sticky":false,"template":"","format":"standard","meta":{"footnotes":""},"categories":[1],"tags":[],"class_list":["post-234513","post","type-post","status-publish","format-standard","has-post-thumbnail","hentry","category-uncategorized"],"_links":{"self":[{"href":"https:\/\/radioacuariofm.com.ar\/index.php?rest_route=\/wp\/v2\/posts\/234513","targetHints":{"allow":["GET"]}}],"collection":[{"href":"https:\/\/radioacuariofm.com.ar\/index.php?rest_route=\/wp\/v2\/posts"}],"about":[{"href":"https:\/\/radioacuariofm.com.ar\/index.php?rest_route=\/wp\/v2\/types\/post"}],"author":[{"embeddable":true,"href":"https:\/\/radioacuariofm.com.ar\/index.php?rest_route=\/wp\/v2\/users\/2"}],"replies":[{"embeddable":true,"href":"https:\/\/radioacuariofm.com.ar\/index.php?rest_route=%2Fwp%2Fv2%2Fcomments&post=234513"}],"version-history":[{"count":1,"href":"https:\/\/radioacuariofm.com.ar\/index.php?rest_route=\/wp\/v2\/posts\/234513\/revisions"}],"predecessor-version":[{"id":234515,"href":"https:\/\/radioacuariofm.com.ar\/index.php?rest_route=\/wp\/v2\/posts\/234513\/revisions\/234515"}],"wp:featuredmedia":[{"embeddable":true,"href":"https:\/\/radioacuariofm.com.ar\/index.php?rest_route=\/wp\/v2\/media\/234514"}],"wp:attachment":[{"href":"https:\/\/radioacuariofm.com.ar\/index.php?rest_route=%2Fwp%2Fv2%2Fmedia&parent=234513"}],"wp:term":[{"taxonomy":"category","embeddable":true,"href":"https:\/\/radioacuariofm.com.ar\/index.php?rest_route=%2Fwp%2Fv2%2Fcategories&post=234513"},{"taxonomy":"post_tag","embeddable":true,"href":"https:\/\/radioacuariofm.com.ar\/index.php?rest_route=%2Fwp%2Fv2%2Ftags&post=234513"}],"curies":[{"name":"wp","href":"https:\/\/api.w.org\/{rel}","templated":true}]}}