{"id":234492,"date":"2026-04-29T16:16:52","date_gmt":"2026-04-29T19:16:52","guid":{"rendered":"https:\/\/radioacuariofm.com.ar\/?p=234492"},"modified":"2026-04-29T16:16:53","modified_gmt":"2026-04-29T19:16:53","slug":"el-tenso-altercado-entre-la-mujer-de-pedro-sanchez-y-el-influencer-vito-quiles","status":"publish","type":"post","link":"https:\/\/radioacuariofm.com.ar\/?p=234492","title":{"rendered":"El tenso altercado entre la mujer de Pedro S\u00e1nchez y el influencer Vito Quiles"},"content":{"rendered":"<p> <br \/>\n<\/p>\n<div>\n<p class=\"com-paragraph  --capital --s\">La esposa del presidente espa\u00f1ol Pedro S\u00e1nchez, <strong>Bego\u00f1a G\u00f3mez<\/strong>, mantuvo un fuerte cruce este mi\u00e9rcoles con el influencer Vito Quiles, que deriv\u00f3 en una secuencia de gritos y forcejeos entre los acompa\u00f1antes de la primera dama y el activista.<\/p>\n<p class=\"com-paragraph   --s\">El incidente ocurri\u00f3 a la salida de un restaurante en Las Rozas, en las afueras de Madrid, donde el activista cuestion\u00f3 a G\u00f3mez por las causas judiciales en las que se encuentra procesada por los <a href=\"https:\/\/www.lanacion.com.ar\/el-mundo\/procesaron-a-begona-gomez-la-mujer-de-pedro-sanchez-por-malversacion-trafico-de-influencias-y-nid13042026\/\" target=\"_self\" title=\"https:\/\/www.lanacion.com.ar\/el-mundo\/procesaron-a-begona-gomez-la-mujer-de-pedro-sanchez-por-malversacion-trafico-de-influencias-y-nid13042026\/\" class=\"com-link break-word\" data-mrf-recirculation=\"n_link_parrafo\">delitos <\/a>de <strong>malversaci\u00f3n, tr\u00e1fico de influencias y corrupci\u00f3n.<\/strong><\/p>\n<p class=\"com-paragraph   --s\"><strong>\u201c\u00bfUsted se arrepiente por usar su condici\u00f3n de mujer del presidente para hacer chanchullos?\u201d<\/strong>, le pregunta Quiles, seg\u00fan muestra el video publicado por el mismo en su cuenta de <strong>Instagram<\/strong>. <\/p>\n<div class=\"content-media cursor-pointer container-center-100\">\n<section class=\"media-container relative ratio-16-9 mod-media pb-32\">\n<figure class=\"mod-video\">\n<div class=\"video-player bg-black ratio-16-9\" data-has-jwplayer=\"true\" data-video-id-jw=\"bufA7l6M\" data-config=\"{&quot;title&quot;:&quot;Cruce Bego\u00f1a y periodsita espa\u00f1ol&quot;,&quot;mediaId&quot;:&quot;bufA7l6M&quot;,&quot;playerId&quot;:&quot;ih0086X3&quot;,&quot;playlist&quot;:[{&quot;mediaid&quot;:&quot;bufA7l6M&quot;,&quot;sources&quot;:[{&quot;file&quot;:&quot;https:\/\/cdn.jwplayer.com\/manifests\/bufA7l6M.m3u8&quot;,&quot;type&quot;:&quot;application\/vnd.apple.mpegurl&quot;},{&quot;bitrate&quot;:563255,&quot;file&quot;:&quot;https:\/\/cdn.jwplayer.com\/videos\/bufA7l6M-kTExGaWf.mp4&quot;,&quot;filesize&quot;:2041801,&quot;framerate&quot;:60,&quot;height&quot;:178,&quot;label&quot;:&quot;180p&quot;,&quot;type&quot;:&quot;video\/mp4&quot;,&quot;width&quot;:320},{&quot;bitrate&quot;:765088,&quot;file&quot;:&quot;https:\/\/cdn.jwplayer.com\/videos\/bufA7l6M-K8B0kybS.mp4&quot;,&quot;filesize&quot;:2773445,&quot;framerate&quot;:60,&quot;height&quot;:266,&quot;label&quot;:&quot;270p&quot;,&quot;type&quot;:&quot;video\/mp4&quot;,&quot;width&quot;:480},{&quot;bitrate&quot;:2663234,&quot;file&quot;:&quot;https:\/\/cdn.jwplayer.com\/videos\/bufA7l6M-46NIuRKO.mp4&quot;,&quot;filesize&quot;:9654226,&quot;framerate&quot;:60,&quot;height&quot;:710,&quot;label&quot;:&quot;720p&quot;,&quot;type&quot;:&quot;video\/mp4&quot;,&quot;width&quot;:1280},{&quot;bitrate&quot;:114741,&quot;file&quot;:&quot;https:\/\/cdn.jwplayer.com\/videos\/bufA7l6M-hz5z2Tv4.m4a&quot;,&quot;filesize&quot;:415939,&quot;label&quot;:&quot;AAC Audio&quot;,&quot;type&quot;:&quot;audio\/mp4&quot;},{&quot;bitrate&quot;:1021746,&quot;file&quot;:&quot;https:\/\/cdn.jwplayer.com\/videos\/bufA7l6M-FnZGUVnC.mp4&quot;,&quot;filesize&quot;:3703832,&quot;framerate&quot;:60,&quot;height&quot;:354,&quot;label&quot;:&quot;360p&quot;,&quot;type&quot;:&quot;video\/mp4&quot;,&quot;width&quot;:640},{&quot;bitrate&quot;:1725397,&quot;file&quot;:&quot;https:\/\/cdn.jwplayer.com\/videos\/bufA7l6M-0G6Pwvlw.mp4&quot;,&quot;filesize&quot;:6254566,&quot;framerate&quot;:60,&quot;height&quot;:532,&quot;label&quot;:&quot;540p&quot;,&quot;type&quot;:&quot;video\/mp4&quot;,&quot;width&quot;:960}]}],&quot;hasAutoplay&quot;:false,&quot;autostart&quot;:true,&quot;tagsUrl&quot;:&quot;https:\/\/pubads.g.doubleclick.net\/gampad\/ads?slotname=\/133919216\/la_nacion_video\/nota\/preroll&amp;sz=640x480|400x300&amp;ciu_szs=300x250&amp;unviewed_position_start=1&amp;output=vast&amp;impl=s&amp;env=vp&amp;gdfp_req=1&amp;ad_rule=0&amp;vad_type=linear&amp;vpos=preroll&amp;cust_params=tags_nuevos%3Dte_espana%2Cte_pedro_sanchez%2Cte_corrupcion%2Cca_el_mundo%2C%2CAGMV7N5JVZGVVPALTHBLQP7AIE&amp;pod=3&amp;ppos=1&amp;lip=true&amp;min_ad_duration=0&amp;max_ad_duration=30000&amp;vrid=6256&amp;url=https%3A%2F%2Fwww.lanacion.com.ar%2Fel-mundo%2Fel-tenso-altercado-entre-la-mujer-de-pedro-sanchez-y-el-influencer-vito-quiles-nid29042026%2F%3Fvariant%3DA&amp;description_url=https%3A%2F%2Fwww.lanacion.com.ar%2Fel-mundo%2Fel-tenso-altercado-entre-la-mujer-de-pedro-sanchez-y-el-influencer-vito-quiles-nid29042026%2F%3Fvariant%3DA&amp;video_doc_id=short_onecue&amp;cmsid=496&amp;kfa=0&amp;tfcd=0&amp;correlator=1777490041895&quot;,&quot;arcSite&quot;:&quot;la-nacion-ar&quot;,&quot;duration&quot;:&quot;29000&quot;}\">\n<div id=\"facade-bufA7l6M\" class=\"content-facade-jw relative bg-black ratio-16-9\"><picture><source media=\"(max-width: 767px)\" srcset=\"https:\/\/resizer.glanacion.com\/resizer\/v2\/https%3A%2F%2Fcdn.jwplayer.com%2Fv2%2Fmedia%2FbufA7l6M%2Fposter.jpg%3Fwidth%3D720?auth=b724551f1ec84b6ab2a987d7b7dfbb5aed1ea543fc8bc9d37a69e9c58f973e29&amp;width=480&amp;quality=70&amp;smart=false\"\/><\/picture><\/div>\n<\/div><figcaption class=\"border border-1 border-bottom border-light-300 relative px-16 py-8 min-h-36 w-100_md px-0_l mb-8 bg-white\"><span class=\"text ln-text text-16 block\">Cruce Bego\u00f1a y periodsita espa\u00f1ol<\/span><\/figcaption><\/figure>\n<\/section>\n<\/div>\n<p class=\"com-paragraph   --s\">Mientras Bego\u00f1a lo ignora y habla por tel\u00e9fono, una de las dos acompa\u00f1antes de la primera dama espa\u00f1ola irrumpe en escena e intenta detener la grabaci\u00f3n. Para ello se abalanza sobre Quiles y grita:<strong> \u201cEres una mierda. \u00bfNo te carcome la conciencia?\u201d.<\/strong><\/p>\n<p class=\"com-paragraph   --s\">El activista responde: \u201c\u00a1No me pegues!\u201d<em> <\/em>y llama a la polic\u00eda.<\/p>\n<p class=\"com-paragraph   --s\">Tras el incidente, el Palacio de la Moncloa (residencia oficial del presidente del Gobierno de Espa\u00f1a) anunci\u00f3 que la primera dama espa\u00f1ola lo denunciar\u00e1 por agresi\u00f3n. Varios ministros del sector socialista del Gobierno calificaron el hecho como un acto de<strong> \u201cbasura fascista\u201d.<\/strong><\/p>\n<p class=\"com-paragraph   --s\">El PSOE tambi\u00e9n denunci\u00f3 los hechos. \u201cDesde el Partido Socialista queremos mandar un mensaje de solidaridad a Bego\u00f1a, pero tambi\u00e9n a todas aquellas mujeres que est\u00e1n siendo perseguidas, acosadas y violentadas por estos<strong> fan\u00e1ticos subvencionados<\/strong>\u201d, indic\u00f3 Montse M\u00ednguez, portavoz del partido, en un comunicado a los medios, seg\u00fan inform\u00f3 <em>El Pa\u00eds.<\/em><\/p>\n<p class=\"com-paragraph   --s\">Por su parte, Quiles asegur\u00f3 que <strong>\u00e9l fue v\u00edctima de una agresi\u00f3n<\/strong>: \u201cEncuentro a la mujer de Pedro S\u00e1nchez y me agreden al preguntarle por su corrupci\u00f3n\u201d.<\/p>\n<p class=\"com-paragraph   --s\">Quiles protagoniz\u00f3 <strong>numerosos incidentes<\/strong> contra l\u00edderes pol\u00edticos nacionalistas o de izquierdas, durante las comparecencias de estos ante los medios en la C\u00e1mara.<\/p>\n<p class=\"com-paragraph   --s\"><strong>El Congreso analiza expulsarlo tras grabar sin autorizaci\u00f3n al presidente del Gobierno<\/strong>. Asimismo, la Asociaci\u00f3n de Periodistas Parlamentarios (APP) ya cuestion\u00f3 su acreditaci\u00f3n en 2024 luego de que concurriera en las listas electorales al Parlamento Europeo de la formaci\u00f3n ultra Se Acab\u00f3 La Fiesta. <\/p>\n<p class=\"com-paragraph   --s\">El presidente<a href=\"https:\/\/www.lanacion.com.ar\/politica\/quien-es-vito-quiles-el-influencer-espanol-al-que-defendio-javier-milei-nid18062024\/\" target=\"_self\" title=\"https:\/\/www.lanacion.com.ar\/politica\/quien-es-vito-quiles-el-influencer-espanol-al-que-defendio-javier-milei-nid18062024\/\" class=\"com-link break-word\" data-mrf-recirculation=\"n_link_parrafo\"> Javier Milei y Vito Quiles<\/a> mantienen una relaci\u00f3n cercana, fundada en su mutua oposici\u00f3n al gobierno de Pedro S\u00e1nchez. <\/p>\n<p class=\"com-paragraph   --s\">Durante la cumbre<strong> Shields of the Americas<\/strong> en Miami en marzo, Milei invit\u00f3 al influencer a radicarse en el pa\u00eds: \u201cVenite a la Argentina\u201d, le propuso, luego de que Quiles denunciara una persecuci\u00f3n por parte de S\u00e1nchez. En un afectuoso intercambio, el mandatario calific\u00f3 a Quiles como \u201cun amigo\u201d y elogi\u00f3 su postura cr\u00edtica, mientras que el espa\u00f1ol le agradeci\u00f3 el gesto y le pidi\u00f3 que \u201cse cuide\u201d.<\/p>\n<p class=\"com-paragraph   --s\">En 2024, Milei sali\u00f3 en defensa de Quiles luego de que el ministro de Transporte espa\u00f1ol<strong>, \u00d3scar Puente<\/strong>, arremetiera contra \u00e9l con insultos y amenazas. El conflicto estall\u00f3 cuando Quiles acus\u00f3 al funcionario de utilizar un veh\u00edculo oficial para asistir a un concierto de Taylor Swift en el Santiago Bernab\u00e9u. <\/p>\n<p class=\"com-paragraph   --s\">\u201cTe lo voy a volver a explicar, <strong>saco de mierda<\/strong>. Ese no es mi coche. Ni oficial ni particular. Y te a\u00f1ado m\u00e1s. Est\u00e1s difundiendo la matr\u00edcula de un veh\u00edculo policial. Voy a encargarme personalmente de que lo pagues caro\u201d.<\/p>\n<div class=\"content-media cursor-pointer container-center-100\">\n<section class=\"media-container relative ratio-16-9 mod-media pb-32\">\n<figure class=\"mod-video\">\n<div class=\"video-player bg-black ratio-16-9\" data-has-jwplayer=\"true\" data-video-id-jw=\"3edN9M1u\" data-config=\"{&quot;title&quot;:&quot;Milei y Quiles&quot;,&quot;mediaId&quot;:&quot;3edN9M1u&quot;,&quot;playerId&quot;:&quot;ih0086X3&quot;,&quot;playlist&quot;:[{&quot;mediaid&quot;:&quot;3edN9M1u&quot;,&quot;sources&quot;:[{&quot;file&quot;:&quot;https:\/\/cdn.jwplayer.com\/manifests\/3edN9M1u.m3u8&quot;,&quot;type&quot;:&quot;application\/vnd.apple.mpegurl&quot;},{&quot;bitrate&quot;:520236,&quot;file&quot;:&quot;https:\/\/cdn.jwplayer.com\/videos\/3edN9M1u-kTExGaWf.mp4&quot;,&quot;filesize&quot;:1690770,&quot;framerate&quot;:30,&quot;height&quot;:318,&quot;label&quot;:&quot;180p&quot;,&quot;type&quot;:&quot;video\/mp4&quot;,&quot;width&quot;:180},{&quot;bitrate&quot;:742975,&quot;file&quot;:&quot;https:\/\/cdn.jwplayer.com\/videos\/3edN9M1u-K8B0kybS.mp4&quot;,&quot;filesize&quot;:2414671,&quot;framerate&quot;:30,&quot;height&quot;:480,&quot;label&quot;:&quot;270p&quot;,&quot;type&quot;:&quot;video\/mp4&quot;,&quot;width&quot;:270},{&quot;bitrate&quot;:2401699,&quot;file&quot;:&quot;https:\/\/cdn.jwplayer.com\/videos\/3edN9M1u-46NIuRKO.mp4&quot;,&quot;filesize&quot;:7805524,&quot;framerate&quot;:30,&quot;height&quot;:1278,&quot;label&quot;:&quot;720p&quot;,&quot;type&quot;:&quot;video\/mp4&quot;,&quot;width&quot;:718},{&quot;bitrate&quot;:116022,&quot;file&quot;:&quot;https:\/\/cdn.jwplayer.com\/videos\/3edN9M1u-hz5z2Tv4.m4a&quot;,&quot;filesize&quot;:377073,&quot;label&quot;:&quot;AAC Audio&quot;,&quot;type&quot;:&quot;audio\/mp4&quot;},{&quot;bitrate&quot;:4379287,&quot;file&quot;:&quot;https:\/\/cdn.jwplayer.com\/videos\/3edN9M1u-SomplJdm.mp4&quot;,&quot;filesize&quot;:14232683,&quot;framerate&quot;:30,&quot;height&quot;:1920,&quot;label&quot;:&quot;1080p&quot;,&quot;type&quot;:&quot;video\/mp4&quot;,&quot;width&quot;:1078},{&quot;bitrate&quot;:901308,&quot;file&quot;:&quot;https:\/\/cdn.jwplayer.com\/videos\/3edN9M1u-FnZGUVnC.mp4&quot;,&quot;filesize&quot;:2929251,&quot;framerate&quot;:30,&quot;height&quot;:640,&quot;label&quot;:&quot;360p&quot;,&quot;type&quot;:&quot;video\/mp4&quot;,&quot;width&quot;:360},{&quot;bitrate&quot;:1559472,&quot;file&quot;:&quot;https:\/\/cdn.jwplayer.com\/videos\/3edN9M1u-0G6Pwvlw.mp4&quot;,&quot;filesize&quot;:5068284,&quot;framerate&quot;:30,&quot;height&quot;:960,&quot;label&quot;:&quot;540p&quot;,&quot;type&quot;:&quot;video\/mp4&quot;,&quot;width&quot;:540}]}],&quot;hasAutoplay&quot;:false,&quot;autostart&quot;:true,&quot;tagsUrl&quot;:&quot;https:\/\/pubads.g.doubleclick.net\/gampad\/ads?slotname=\/133919216\/la_nacion_video\/nota\/preroll&amp;sz=640x480|400x300&amp;ciu_szs=300x250&amp;unviewed_position_start=1&amp;output=vast&amp;impl=s&amp;env=vp&amp;gdfp_req=1&amp;ad_rule=0&amp;vad_type=linear&amp;vpos=preroll&amp;cust_params=tags_nuevos%3Dte_espana%2Cte_pedro_sanchez%2Cte_corrupcion%2Cca_el_mundo%2C%2CAGMV7N5JVZGVVPALTHBLQP7AIE&amp;pod=3&amp;ppos=1&amp;lip=true&amp;min_ad_duration=0&amp;max_ad_duration=30000&amp;vrid=6256&amp;url=https%3A%2F%2Fwww.lanacion.com.ar%2Fel-mundo%2Fel-tenso-altercado-entre-la-mujer-de-pedro-sanchez-y-el-influencer-vito-quiles-nid29042026%2F%3Fvariant%3DA&amp;description_url=https%3A%2F%2Fwww.lanacion.com.ar%2Fel-mundo%2Fel-tenso-altercado-entre-la-mujer-de-pedro-sanchez-y-el-influencer-vito-quiles-nid29042026%2F%3Fvariant%3DA&amp;video_doc_id=short_onecue&amp;cmsid=496&amp;kfa=0&amp;tfcd=0&amp;correlator=1777490041895&quot;,&quot;arcSite&quot;:&quot;la-nacion-ar&quot;,&quot;duration&quot;:&quot;26000&quot;}\">\n<div id=\"facade-3edN9M1u\" class=\"content-facade-jw relative bg-black ratio-16-9\"><picture><source media=\"(max-width: 767px)\" srcset=\"https:\/\/resizer.glanacion.com\/resizer\/v2\/https%3A%2F%2Fcdn.jwplayer.com%2Fv2%2Fmedia%2F3edN9M1u%2Fposter.jpg%3Fwidth%3D720?auth=4439851cd684167d1479990f286b370f3b22d7be67b98f7860fe9bbd7be106f5&amp;width=480&amp;quality=70&amp;smart=false\"\/><img class=\"image com-image flex --cover\" decoding=\"async\" fetchpriority=\"low\" loading=\"lazy\" src=\"https:\/\/radioacuariofm.com.ar\/wp-content\/uploads\/2026\/04\/https:\/\/cdn.jwplayer.com\/v2\/media\/3edN9M1u\/poster.jpg\" alt=\"Milei y Quiles\"\/><\/picture><\/div>\n<\/div><figcaption class=\"border border-1 border-bottom border-light-300 relative px-16 py-8 min-h-36 w-100_md px-0_l mb-8 bg-white\"><span class=\"text ln-text text-16 block\">Milei y Quiles<\/span><\/figcaption><\/figure>\n<\/section>\n<\/div>\n<p class=\"com-paragraph   --s\">Ante esto, Quiles demand\u00f3 al ministro y busc\u00f3 el respaldo de gremios profesionales, pero la FAPE <strong>rechaz\u00f3 darle amparo alegando que \u201cno es periodista activo\u201d<\/strong>.<\/p>\n<p class=\"com-paragraph   --s\">En ese contexto Milei lo defendi\u00f3: \u201cMi solidaridad con el periodista espa\u00f1ol Vito Quiles, quien <strong>est\u00e1 siendo perseguido por el gobierno de Pedro S\u00e1nchez<\/strong> luego de reportar que uno de sus ministros utiliz\u00f3 un auto oficial para ir a un recital de Taylor Swift\u201d, escribi\u00f3. <\/p>\n<p class=\"com-paragraph   --s\">\u201cSi un funcionario de nuestro gobierno quisiera meter preso a un periodista por dar una noticia, toda la progres\u00eda local, desde Tenembaum y Longobardi hasta Novaresio y Lanata, <strong>estar\u00eda llorando dictadura<\/strong>. Pero no. Como es un gobierno zurdo se hacen los distra\u00eddos. Al final son todos c\u00f3mplices del socialismo autoritario\u201d.<\/p>\n<p class=\"com-paragraph   --s\">Quiles no tard\u00f3 replicar: \u201c<strong>Much\u00edsimas gracias, Presidente<\/strong>. Me preocupa que tenga que ser usted el que defienda la libertad de prensa en otro pa\u00eds. Aqu\u00ed sufrimos una aut\u00e9ntica tiran\u00eda que nos pone en riesgo a todos los disidentes\u201d.<\/p>\n<section class=\"container-center-100 mb-40 border border-bottom border-thin border-neutral-light-700\">\n<hr\/>\n<\/section>\n<\/div>\n<p><script id=\"facebookpixel\" defer=\"\" type=\"text\/javascript\">\n        !function(f,b,e,v,n,t,s)\n        {if(f.fbq)return;n=f.fbq=function(){n.callMethod?\n        n.callMethod.apply(n,arguments):n.queue.push(arguments)};\n        if(!f._fbq)f._fbq=n;n.push=n;n.loaded=!0;n.version='2.0';\n        n.queue=[];t=b.createElement(e);t.async=!0;\n        t.src=v;s=b.getElementsByTagName(e)[0];\n        s.parentNode.insertBefore(t,s)}(window, document,'script',\n        'https:\/\/connect.facebook.net\/en_US\/fbevents.js');\n        fbq('init', '492459597522335');\n        fbq('track', 'PageView');\n    <\/script><br \/>\n<br \/><\/p>\n","protected":false},"excerpt":{"rendered":"<p>La esposa del presidente espa\u00f1ol Pedro S\u00e1nchez, Bego\u00f1a G\u00f3mez, mantuvo un fuerte cruce este mi\u00e9rcoles con el influencer Vito Quiles, que deriv\u00f3 en una secuencia de gritos y forcejeos entre los acompa\u00f1antes de la primera dama y el activista. El incidente ocurri\u00f3 a la salida de un restaurante en Las Rozas, en las afueras de [&hellip;]<\/p>\n","protected":false},"author":2,"featured_media":234493,"comment_status":"closed","ping_status":"closed","sticky":false,"template":"","format":"standard","meta":{"footnotes":""},"categories":[1],"tags":[],"class_list":["post-234492","post","type-post","status-publish","format-standard","has-post-thumbnail","hentry","category-uncategorized"],"_links":{"self":[{"href":"https:\/\/radioacuariofm.com.ar\/index.php?rest_route=\/wp\/v2\/posts\/234492","targetHints":{"allow":["GET"]}}],"collection":[{"href":"https:\/\/radioacuariofm.com.ar\/index.php?rest_route=\/wp\/v2\/posts"}],"about":[{"href":"https:\/\/radioacuariofm.com.ar\/index.php?rest_route=\/wp\/v2\/types\/post"}],"author":[{"embeddable":true,"href":"https:\/\/radioacuariofm.com.ar\/index.php?rest_route=\/wp\/v2\/users\/2"}],"replies":[{"embeddable":true,"href":"https:\/\/radioacuariofm.com.ar\/index.php?rest_route=%2Fwp%2Fv2%2Fcomments&post=234492"}],"version-history":[{"count":1,"href":"https:\/\/radioacuariofm.com.ar\/index.php?rest_route=\/wp\/v2\/posts\/234492\/revisions"}],"predecessor-version":[{"id":234494,"href":"https:\/\/radioacuariofm.com.ar\/index.php?rest_route=\/wp\/v2\/posts\/234492\/revisions\/234494"}],"wp:featuredmedia":[{"embeddable":true,"href":"https:\/\/radioacuariofm.com.ar\/index.php?rest_route=\/wp\/v2\/media\/234493"}],"wp:attachment":[{"href":"https:\/\/radioacuariofm.com.ar\/index.php?rest_route=%2Fwp%2Fv2%2Fmedia&parent=234492"}],"wp:term":[{"taxonomy":"category","embeddable":true,"href":"https:\/\/radioacuariofm.com.ar\/index.php?rest_route=%2Fwp%2Fv2%2Fcategories&post=234492"},{"taxonomy":"post_tag","embeddable":true,"href":"https:\/\/radioacuariofm.com.ar\/index.php?rest_route=%2Fwp%2Fv2%2Ftags&post=234492"}],"curies":[{"name":"wp","href":"https:\/\/api.w.org\/{rel}","templated":true}]}}