{"id":234489,"date":"2026-04-29T16:15:07","date_gmt":"2026-04-29T19:15:07","guid":{"rendered":"https:\/\/radioacuariofm.com.ar\/?p=234489"},"modified":"2026-04-29T16:15:08","modified_gmt":"2026-04-29T19:15:08","slug":"prat-gay-volvio-a-cuestionar-el-programa-de-milei-estamos-en-mitad-del-rio-y-no-hay-ninguna-garantia-de-que-termine-bien","status":"publish","type":"post","link":"https:\/\/radioacuariofm.com.ar\/?p=234489","title":{"rendered":"Prat-Gay volvi\u00f3 a cuestionar el programa de Milei: \u201cEstamos en mitad del r\u00edo y no hay ninguna garant\u00eda de que termine bien\u201d"},"content":{"rendered":"<p><\/p>\n<div>\n<p class=\"com-paragraph  --capital --s\">Alfonso Prat-Gay volvi\u00f3 a ser duro con el gobierno de Javier Milei. El exministro de Econom\u00eda habl\u00f3 en ExpoEFI y traz\u00f3 un diagn\u00f3stico opuesto al optimismo del equipo econ\u00f3mico. <strong>Dijo que hay un programa sin garant\u00edas de \u00e9xito<\/strong>, sin plan financiero expl\u00edcito, sin crecimiento suficiente y con el ancla fiscal cada vez m\u00e1s amenazada por la ca\u00edda de la recaudaci\u00f3n.<\/p>\n<p class=\"com-paragraph   --s\"><mark class=\"hl_underline\">\u201cEstamos en mitad del r\u00edo en un proceso de cambio muy fuerte, que esperemos que termine bien, pero no hay ninguna garant\u00eda de que termine bien<\/mark>\u201d, dijo el exfuncionario, quien durante el gobierno de Mauricio Macri fue jefe del actual ministro de Econom\u00eda, Luis Caputo, y del presidente del Banco Central, Santiago Bausili.<\/p>\n<p class=\"com-paragraph   --s\">Para Prat-Gay, <strong>el principal d\u00e9ficit del programa es el crecimiento. <\/strong>Y lo plante\u00f3 como una necesidad que opera en varios frentes a la vez. El primero es pol\u00edtico: sin mejoras en la calidad de vida, el capital de apoyo social se erosiona. \u201cNo se le puede pedir a la gente sacrificio toda la vida. <strong>Tiene que haber mejoras en la calidad de vida, <\/strong>es lo que est\u00e1 haciendo clic ahora cuando uno ve las encuestas\u201d, se\u00f1al\u00f3. Y fue m\u00e1s directo: \u201cSi la reacci\u00f3n del Gobierno ante ese aparente cambio de humor es seguir insultando, no est\u00e1 tomando nota.\u201d<\/p>\n<div class=\"content-media\">\n<section role=\"button\" class=\"mod-media   \">\n<figure role=\"button\" tabindex=\"0\" class=\"mod-figure \"><figcaption class=\"mod-figcaption\"><span class=\"com-text --caption --twoxs\">El exministro de Econom\u00eda y expresidente del Banco Central volvi\u00f3 a cuestionar la solidez del programa de Milei en el mismo foro donde antes hab\u00eda expuesto Bausili con un tono opuesto<\/span><span class=\"com-text --credit --twoxs\">Pilar Camacho<\/span><\/figcaption><\/figure>\n<\/section>\n<\/div>\n<p class=\"com-paragraph   --s\">El segundo frente es fiscal. Prat-Gay advirti\u00f3 que la ca\u00edda de la recaudaci\u00f3n \u2014consecuencia directa de un crecimiento insuficiente\u2014 amenaza el ancla que el propio Gobierno considera intocable. \u201c<strong>La manta sagrada del Gobierno es el ancla fiscal, pero est\u00e1 amenazada con menor recaudaci\u00f3n<\/strong>. Si el Gobierno la mantiene, tiene que bajar el gasto, y eso repercute en las perspectivas de crecimiento\u201d. El c\u00edrculo, seg\u00fan describi\u00f3, se cierra sobre s\u00ed mismo.<\/p>\n<p class=\"com-paragraph   --s\">El tercero es monetario. Sin crecimiento no hay demanda de dinero, sin demanda de dinero no hay remonetizaci\u00f3n, y <strong>sin remonetizaci\u00f3n el programa no puede consolidarse<\/strong>, dijo en l\u00ednea con lo que ya hab\u00eda <a href=\"https:\/\/www.lanacion.com.ar\/economia\/allfonso-prat-gay-no-hay-ningun-programa-economico-que-enamore-si-no-genera-empleo-nid08042026\/\" target=\"_self\" title=\"https:\/\/www.lanacion.com.ar\/economia\/allfonso-prat-gay-no-hay-ningun-programa-economico-que-enamore-si-no-genera-empleo-nid08042026\/\" class=\"com-link break-word\" data-mrf-recirculation=\"n_link_parrafo\">dicho semanas atr\u00e1s en el Rotary Club<\/a>.<\/p>\n<p class=\"com-paragraph   --s\">Prat-Gay volvi\u00f3 a se\u00f1alar lo que considera la principal contradicci\u00f3n del momento:<strong> un gobierno con altas credenciales en t\u00e9rminos de ajuste fiscal que, sin embargo, no logra acceder al mercado internacional<\/strong> de deuda ni reducir el riesgo pa\u00eds a los niveles que su propio discurso promet\u00eda.<\/p>\n<div class=\"content-media\">\n<section role=\"button\" class=\"mod-media   \">\n<figure role=\"button\" tabindex=\"0\" class=\"mod-figure \"><figcaption class=\"mod-figcaption\"><span class=\"com-text --caption --twoxs\">Prat-Gay fue duro con el Gobierno en ExpoEFI: advirti\u00f3 que el ancla fiscal est\u00e1 amenazada y que el programa no tiene plan financiero<\/span><span class=\"com-text --credit --twoxs\">Pilar Camacho<\/span><\/figcaption><\/figure>\n<\/section>\n<\/div>\n<p class=\"com-paragraph   --s\">\u201cEl inversor externo mira eso y no est\u00e1 tan seguro de invertir si no le explican c\u00f3mo van refinanciando y renovando la deuda\u201d, dijo. Y diagnostic\u00f3:<strong> \u201cEl Gobierno tiene un programa econ\u00f3mico que no tiene un plan financiero\u201d<\/strong>. Para el exministro, esa ausencia explica en buena medida por qu\u00e9 no se recupera la demanda de dinero y por qu\u00e9 la confianza \u2014tanto interna como externa\u2014 sigue sin cuajar del todo.<\/p>\n<p class=\"com-paragraph   --s\">Tambi\u00e9n apunt\u00f3 a un problema de foco pol\u00edtico. \u201cEl presidente Milei ayer habl\u00f3 de la teor\u00eda del pensamiento econ\u00f3mico cuando estar\u00eda bueno que se ocupe mejor de otras cosas. <strong>En vez de pelearse con quien no resuelve nada, mejor que ponga el foco en c\u00f3mo va a crecer el pa\u00eds de manera sostenida<\/strong>\u201d, dijo. Y agreg\u00f3 que el crecimiento de sectores como la miner\u00eda no alcanza si los rubros m\u00e1s intensivos en mano de obra \u2014los que m\u00e1s empleo generan\u2014 siguen siendo los m\u00e1s golpeados.<\/p>\n<p class=\"com-paragraph   --s\">Sobre el futuro pol\u00edtico, Prat-Gay plante\u00f3 una pregunta que consider\u00f3 todav\u00eda sin respuesta: qu\u00e9 viene despu\u00e9s de Milei, m\u00e1s all\u00e1 de si el Presidente logra la reelecci\u00f3n. <strong>\u201cMilei es un proceso muy disruptivo que naci\u00f3 de fracasos anteriores.<\/strong> La pol\u00edtica est\u00e1 muy polarizada y es el mismo Gobierno el que fomenta esa polarizaci\u00f3n hablando del \u2018riesgo kuka\u2019\u201d, se\u00f1al\u00f3.<\/p>\n<p class=\"com-paragraph   --s\">En ese marco, hizo una cr\u00edtica institucional: el Gobierno nunca modific\u00f3 la carta org\u00e1nica del Banco Central. \u201c<strong>Dijo que iba a eliminar el BCRA y termin\u00f3 usando el mismo esquema de la carta org\u00e1nica que modific\u00f3 Cristina Kirchner.<\/strong> Hoy Bausili opera bajo una carta org\u00e1nica de Cristina Kirchner\u201d, afirm\u00f3. <\/p>\n<p class=\"com-paragraph   --s\">Para Prat-Gay, volver a la carta org\u00e1nica original \u2014que garantiza mayor independencia del Central respecto del poder pol\u00edtico\u2014 ser\u00eda \u201cun paso inmenso a la institucionalidad\u201d. Y record\u00f3 c\u00f3mo concibe ese v\u00ednculo: <strong>\u201cCrec\u00ed en un esquema donde el ministro y el presidente del BCRA se pelean, porque son tareas totalmente diferentes\u201d.<\/strong><\/p>\n<section class=\"container-center-100 mb-40 border border-bottom border-thin border-neutral-light-700\">\n<hr\/>\n<\/section>\n<\/div>\n<p><script id=\"facebookpixel\" defer=\"\" type=\"text\/javascript\">\n        !function(f,b,e,v,n,t,s)\n        {if(f.fbq)return;n=f.fbq=function(){n.callMethod?\n        n.callMethod.apply(n,arguments):n.queue.push(arguments)};\n        if(!f._fbq)f._fbq=n;n.push=n;n.loaded=!0;n.version='2.0';\n        n.queue=[];t=b.createElement(e);t.async=!0;\n        t.src=v;s=b.getElementsByTagName(e)[0];\n        s.parentNode.insertBefore(t,s)}(window, document,'script',\n        'https:\/\/connect.facebook.net\/en_US\/fbevents.js');\n        fbq('init', '492459597522335');\n        fbq('track', 'PageView');\n    <\/script><\/p>\n","protected":false},"excerpt":{"rendered":"<p>Alfonso Prat-Gay volvi\u00f3 a ser duro con el gobierno de Javier Milei. El exministro de Econom\u00eda habl\u00f3 en ExpoEFI y traz\u00f3 un diagn\u00f3stico opuesto al optimismo del equipo econ\u00f3mico. Dijo que hay un programa sin garant\u00edas de \u00e9xito, sin plan financiero expl\u00edcito, sin crecimiento suficiente y con el ancla fiscal cada vez m\u00e1s amenazada por [&hellip;]<\/p>\n","protected":false},"author":2,"featured_media":234490,"comment_status":"closed","ping_status":"closed","sticky":false,"template":"","format":"standard","meta":{"footnotes":""},"categories":[28],"tags":[],"class_list":["post-234489","post","type-post","status-publish","format-standard","has-post-thumbnail","hentry","category-economia"],"_links":{"self":[{"href":"https:\/\/radioacuariofm.com.ar\/index.php?rest_route=\/wp\/v2\/posts\/234489","targetHints":{"allow":["GET"]}}],"collection":[{"href":"https:\/\/radioacuariofm.com.ar\/index.php?rest_route=\/wp\/v2\/posts"}],"about":[{"href":"https:\/\/radioacuariofm.com.ar\/index.php?rest_route=\/wp\/v2\/types\/post"}],"author":[{"embeddable":true,"href":"https:\/\/radioacuariofm.com.ar\/index.php?rest_route=\/wp\/v2\/users\/2"}],"replies":[{"embeddable":true,"href":"https:\/\/radioacuariofm.com.ar\/index.php?rest_route=%2Fwp%2Fv2%2Fcomments&post=234489"}],"version-history":[{"count":1,"href":"https:\/\/radioacuariofm.com.ar\/index.php?rest_route=\/wp\/v2\/posts\/234489\/revisions"}],"predecessor-version":[{"id":234491,"href":"https:\/\/radioacuariofm.com.ar\/index.php?rest_route=\/wp\/v2\/posts\/234489\/revisions\/234491"}],"wp:featuredmedia":[{"embeddable":true,"href":"https:\/\/radioacuariofm.com.ar\/index.php?rest_route=\/wp\/v2\/media\/234490"}],"wp:attachment":[{"href":"https:\/\/radioacuariofm.com.ar\/index.php?rest_route=%2Fwp%2Fv2%2Fmedia&parent=234489"}],"wp:term":[{"taxonomy":"category","embeddable":true,"href":"https:\/\/radioacuariofm.com.ar\/index.php?rest_route=%2Fwp%2Fv2%2Fcategories&post=234489"},{"taxonomy":"post_tag","embeddable":true,"href":"https:\/\/radioacuariofm.com.ar\/index.php?rest_route=%2Fwp%2Fv2%2Ftags&post=234489"}],"curies":[{"name":"wp","href":"https:\/\/api.w.org\/{rel}","templated":true}]}}