{"id":234483,"date":"2026-04-29T15:43:58","date_gmt":"2026-04-29T18:43:58","guid":{"rendered":"https:\/\/radioacuariofm.com.ar\/?p=234483"},"modified":"2026-04-29T15:44:00","modified_gmt":"2026-04-29T18:44:00","slug":"san-juan-se-posiciona-en-la-expo-efi-como-destino-estrategico-de-inversiones","status":"publish","type":"post","link":"https:\/\/radioacuariofm.com.ar\/?p=234483","title":{"rendered":"San Juan se posiciona en la Expo EFI como destino estrat\u00e9gico de inversiones"},"content":{"rendered":"<p><\/p>\n<div>\n<p>En el marco de la Expo EFI, el evento econ\u00f3mico y financiero m\u00e1s importante de la regi\u00f3n, la Agencia San Juan de Inversiones particip\u00f3 con un stand institucional orientado a posicionar a la provincia como destino estrat\u00e9gico para las inversiones productivas en Argentina.<\/p>\n<p>Entre los ejes que se presentaron en el stand, el presidente de la Agencia San Juan de Inversiones, Mart\u00edn Palisa, destac\u00f3 miner\u00eda sustentable, energ\u00edas renovables, agroindustria, econom\u00eda del conocimiento y turismo.<\/p>\n<p>Adem\u00e1s, en el evento se desarroll\u00f3 una destacada agenda t\u00e9cnica y pol\u00edtica. En el Workshop \u201cEl \u2018Gap\u2019 del cobre\u201d se analiz\u00f3 el rol estrat\u00e9gico de la provincia en la transici\u00f3n energ\u00e9tica, con la participaci\u00f3n del ministro de Miner\u00eda, Juan Pablo Perea, y el equipo t\u00e9cnico de su Ministerio. En el Seminario \u201cMiner\u00eda: La visi\u00f3n de las provincias\u201d: el ministro Perea integr\u00f3 un panel de alto nivel junto a las autoridades mineras de las principales provincias del pa\u00eds, debatiendo sobre los desaf\u00edos y el futuro federal de la industria.<\/p>\n<p>La provincia sigue siendo protagonista en eventos internacionales, siempre con el objetivo de consolidar la matriz productiva diversa y trabajando por el San Juan del futuro.<\/p>\n<\/p><\/div>\n<p><script async defer crossorigin=\"anonymous\" src=\"https:\/\/connect.facebook.net\/es_ES\/sdk.js#xfbml=1&#038;version=v3.3\"><\/script><\/p>\n","protected":false},"excerpt":{"rendered":"<p>En el marco de la Expo EFI, el evento econ\u00f3mico y financiero m\u00e1s importante de la regi\u00f3n, la Agencia San Juan de Inversiones particip\u00f3 con un stand institucional orientado a posicionar a la provincia como destino estrat\u00e9gico para las inversiones productivas en Argentina. Entre los ejes que se presentaron en el stand, el presidente de [&hellip;]<\/p>\n","protected":false},"author":2,"featured_media":234484,"comment_status":"closed","ping_status":"closed","sticky":false,"template":"","format":"standard","meta":{"footnotes":""},"categories":[27],"tags":[],"class_list":["post-234483","post","type-post","status-publish","format-standard","has-post-thumbnail","hentry","category-san-juan"],"_links":{"self":[{"href":"https:\/\/radioacuariofm.com.ar\/index.php?rest_route=\/wp\/v2\/posts\/234483","targetHints":{"allow":["GET"]}}],"collection":[{"href":"https:\/\/radioacuariofm.com.ar\/index.php?rest_route=\/wp\/v2\/posts"}],"about":[{"href":"https:\/\/radioacuariofm.com.ar\/index.php?rest_route=\/wp\/v2\/types\/post"}],"author":[{"embeddable":true,"href":"https:\/\/radioacuariofm.com.ar\/index.php?rest_route=\/wp\/v2\/users\/2"}],"replies":[{"embeddable":true,"href":"https:\/\/radioacuariofm.com.ar\/index.php?rest_route=%2Fwp%2Fv2%2Fcomments&post=234483"}],"version-history":[{"count":1,"href":"https:\/\/radioacuariofm.com.ar\/index.php?rest_route=\/wp\/v2\/posts\/234483\/revisions"}],"predecessor-version":[{"id":234485,"href":"https:\/\/radioacuariofm.com.ar\/index.php?rest_route=\/wp\/v2\/posts\/234483\/revisions\/234485"}],"wp:featuredmedia":[{"embeddable":true,"href":"https:\/\/radioacuariofm.com.ar\/index.php?rest_route=\/wp\/v2\/media\/234484"}],"wp:attachment":[{"href":"https:\/\/radioacuariofm.com.ar\/index.php?rest_route=%2Fwp%2Fv2%2Fmedia&parent=234483"}],"wp:term":[{"taxonomy":"category","embeddable":true,"href":"https:\/\/radioacuariofm.com.ar\/index.php?rest_route=%2Fwp%2Fv2%2Fcategories&post=234483"},{"taxonomy":"post_tag","embeddable":true,"href":"https:\/\/radioacuariofm.com.ar\/index.php?rest_route=%2Fwp%2Fv2%2Ftags&post=234483"}],"curies":[{"name":"wp","href":"https:\/\/api.w.org\/{rel}","templated":true}]}}