{"id":234468,"date":"2026-04-29T14:14:58","date_gmt":"2026-04-29T17:14:58","guid":{"rendered":"https:\/\/radioacuariofm.com.ar\/?p=234468"},"modified":"2026-04-29T14:14:59","modified_gmt":"2026-04-29T17:14:59","slug":"la-corte-suprema-limita-el-uso-de-la-raza-en-los-distritos-y-abre-un-nuevo-frente-politico-en-ee-uu","status":"publish","type":"post","link":"https:\/\/radioacuariofm.com.ar\/?p=234468","title":{"rendered":"La Corte Suprema limita el uso de la raza en los distritos y abre un nuevo frente pol\u00edtico en EE.UU."},"content":{"rendered":"<p> <br \/>\n<\/p>\n<div>\n<p class=\"com-paragraph  --capital --s\">WASHINGTON.- En una decisi\u00f3n que fue evaluada como una <strong>victoria para los republicanos<\/strong> de cara a los cruciales <strong>comicios de medio t\u00e9rmino<\/strong> de noviembre pr\u00f3ximo, la <strong>Corte Suprema<\/strong> <strong>norteamericana<\/strong> debilit\u00f3 una disposici\u00f3n clave de la <strong>Ley de Derecho al Voto<\/strong> <strong>al limitar la consideraci\u00f3n de la raza en el trazado de los mapas electorales<\/strong>, en un fallo dividido sobre el estado de <strong>Luisiana<\/strong>.<\/p>\n<p class=\"com-paragraph   --s\">Los jueces, en una votaci\u00f3n de <strong>seis a tres <\/strong>impulsada por los miembros conservadores de la Corte, ratificaron la decisi\u00f3n de un tribunal inferior que <strong>bloqueaba un mapa electoral que habr\u00eda otorgado al estado un segundo distrito congresional de mayor\u00eda afroamericana<\/strong>, por considerar que se reg\u00eda <strong>en exceso por consideraciones raciales<\/strong> en violaci\u00f3n de normas constitucionales de igualdad de protecci\u00f3n ante la ley.<\/p>\n<p class=\"com-paragraph   --s\">La decisi\u00f3n, de alto impacto en Estados Unidos, se produce en medio de una <strong>pulseada a nivel nacional <\/strong>entre republicanos y dem\u00f3cratas sobre qu\u00e9 partido lograr\u00eda obtener la mayor <strong>ventaja pol\u00edtica<\/strong> en el Congreso mediante el redise\u00f1o de las l\u00edneas distritales de cara a las elecciones de medio t\u00e9rmino.<\/p>\n<p class=\"com-paragraph   --s\">El fallo fue redactado por el juez <strong>Samuel Alito<\/strong> y cont\u00f3 con la adhesi\u00f3n de sus cinco pares conservadores, mientras que los tres jueces progresistas del m\u00e1ximo tribunal emitieron votos disidentes. <strong>Elena Kagan <\/strong>advirti\u00f3 en su escrito que<strong> \u201clas consecuencias probablemente ser\u00e1n amplias y graves\u201d<\/strong>.<\/p>\n<p class=\"com-paragraph   --s\">Seg\u00fan los especialistas, el fallo podr\u00eda abrir la puerta a que los estados gobernados por republicanos eliminen distritos electorales de poblaci\u00f3n afroamericana y latina \u2014que tienden a favorecer a los dem\u00f3cratas\u2014, lo que podr\u00eda afectar el equilibrio de poder en el Congreso. Un redise\u00f1o de distritos congresuales de mayor\u00eda minoritaria \u2014especialmente en estados del sur de Estados Unidos- podr\u00eda costarles sus esca\u00f1os a dem\u00f3cratas afroamericanos, a\u00f1adieron.<\/p>\n<p class=\"com-paragraph   --s\">El presidente <strong>Donald Trump<\/strong> est\u00e1 embarcado en una batalla por la redistribuci\u00f3n de distritos con el fin de <strong>aumentar las posibilidades de los republicanos en los comicios de noviembre<\/strong>, en momentos en que los dem\u00f3cratas -seg\u00fan las encuestas- aumentaron sus chances de retomar el control del <strong>Senado<\/strong> y de la <strong>C\u00e1mara de Representantes<\/strong> ante el creciente descontento con la gesti\u00f3n del mandatario.<\/p>\n<div class=\"content-media\">\n<section role=\"button\" class=\"mod-media   \">\n<figure role=\"button\" tabindex=\"0\" class=\"mod-figure \"><figcaption class=\"mod-figcaption\"><span class=\"com-text --caption --twoxs\">El presidente de Estados Unidos, Donald Trump, durante una cena de Estado en el Sal\u00f3n Este de la Casa Blanca<\/span><span class=\"com-text --credit --twoxs\">HENRY NICHOLLS &#8211; AFP<\/span><\/figcaption><\/figure>\n<\/section>\n<\/div>\n<p class=\"com-paragraph   --s\">El caso del estado de Luisiana -gobernado por el republicano<strong> Jeff Landry<\/strong>&#8211; giraba en torno a un elemento central de la <strong>Ley de Derecho al Voto<\/strong>. La Secci\u00f3n 2 de esa norma fue promulgada por el Congreso con el fin de prohibir los mapas electorales que tuvieran como resultado la diluci\u00f3n de la influencia de los votantes pertenecientes a minor\u00edas, incluso en ausencia de pruebas directas de intencionalidad racista.<\/p>\n<p class=\"com-paragraph   --s\">En su escrito, Alito se\u00f1al\u00f3 que el enfoque de la Secci\u00f3n 2 debe centrarse ahora en <strong>hacer cumplir la prohibici\u00f3n constitucional de la discriminaci\u00f3n racial intencional<\/strong>, establecida en la Decimoquinta Enmienda. Kagan indic\u00f3, por su parte, que el fallo <strong>\u201cdeja a la Secci\u00f3n 2 pr\u00e1cticamente sin efecto\u201d.<\/strong><\/p>\n<p class=\"com-paragraph   --s\">La decisi\u00f3n establece nuevas pautas sobre c\u00f3mo los tribunales analizar\u00e1n futuros casos en los que los estados dibujen nuevos mapas, imponiendo l\u00edmites adicionales sobre cu\u00e1nto se puede considerar la raza. <\/p>\n<p class=\"com-paragraph   --s\">Seg\u00fan remarc\u00f3 <em>The Washington Post<\/em>, el fallo conlleva tambi\u00e9n un <strong>peso simb\u00f3lico significativo<\/strong>, al desmantelar en la pr\u00e1ctica el \u00faltimo gran pilar de una ley de 60 a\u00f1os de antig\u00fcedad, considerada desde hace mucho tiempo como uno de los logros m\u00e1s destacados de la <strong>era de los derechos civiles<\/strong>, que proh\u00edbe las pr\u00e1cticas discriminatorias en el voto y que contribuy\u00f3 en gran medida a aumentar la representaci\u00f3n de las minor\u00edas en los cargos estatales y federales.<\/p>\n<p class=\"com-paragraph   --s\">El representante dem\u00f3crata <strong>Troy Carter<\/strong> (Luisiana) calific\u00f3 la decisi\u00f3n como un<strong> \u201cgolpe devastador para la promesa de una representaci\u00f3n equitativa en nuestra democracia\u201d<\/strong>.<\/p>\n<p class=\"com-paragraph   --s\">\u201c<strong>Este fallo es mucho m\u00e1s que unas simples l\u00edneas en un mapa<\/strong>: se trata de determinar si los habitantes afroamericanos de Luisiana tendr\u00e1n una oportunidad real de hacer o\u00edr su voz\u201d, se\u00f1al\u00f3 Carter, cuyo distrito congresional, de mayor\u00eda afroamericana, abarca la ciudad de Nueva Orleans.<\/p>\n<p class=\"com-paragraph   --s\">En un comunicado, Carter se\u00f1al\u00f3 que<strong> las consecuencias de la decisi\u00f3n de la Corte ser\u00e1n \u201cinmediatas y severas\u201d<\/strong>, y advirti\u00f3 que los dos distritos congresionales de Luisiana con mayor\u00eda de poblaci\u00f3n afroamericana corren ahora el riesgo de ser desmantelados.<\/p>\n<p class=\"com-paragraph   --s\">Por su parte, el congresista <strong>Richard Hudson<\/strong> (Carolina del Norte), que preside el brazo de campa\u00f1a republicano de la C\u00e1mara de Representantes, se\u00f1al\u00f3 que con el fallo la Corte \u201cdej\u00f3 claro que las elecciones deben ser decididas por los votantes, y<strong> no manipuladas mediante mandatos inconstitucionales<\/strong>\u201d.<\/p>\n<p class=\"com-paragraph   --s\">\u201cDurante demasiado tiempo,<strong> los activistas manipularon el proceso de redistribuci\u00f3n de distritos para lograr resultados pol\u00edticos<\/strong>, dividiendo a los estadounidenses en lugar de unirlos. Este fallo restablece la equidad, fortalece la confianza en nuestras elecciones y garantiza que cada votante sea tratado por igual ante la ley\u201d, dijo.<\/p>\n<p class=\"com-paragraph   --s\">En tanto, en <strong>Florida<\/strong>, solo una hora despu\u00e9s del fallo de la Corte los legisladores del estado aprobaron este mi\u00e9rcoles un <strong>nuevo mapa de distritos congresuales que otorgar\u00eda a los republicanos una ventaja en cuatro esca\u00f1os adicionales de la C\u00e1mara de Representantes<\/strong>, aumentando sus posibilidades de mantener su control en medio de la puja nacional por la redistribuci\u00f3n de distritos.<\/p>\n<p class=\"com-paragraph   --s\">Los republicanos, que controlan la C\u00e1mara estatal, adoptaron el plan dos d\u00edas despu\u00e9s de una presentaci\u00f3n del gobernador republicano <strong>Ron DeSantis<\/strong>. Se espera que el Senado estatal, controlado por el Partido Republicano, adopte el mapa m\u00e1s tarde este mi\u00e9rcoles y lo env\u00ede a DeSantis para su aprobaci\u00f3n final. Seg\u00fan los medios locales, se prev\u00e9 que haya impugnaciones judiciales.<\/p>\n<div class=\"content-media\">\n<section role=\"button\" class=\"mod-media   \">\n<figure role=\"button\" tabindex=\"0\" class=\"mod-figure \"><figcaption class=\"mod-figcaption\"><span class=\"com-text --caption --twoxs\">El gobernador republicano de Florida, Ron DeSantis.<\/span><span class=\"com-text --credit --twoxs\">flgovrondesantis<\/span><\/figcaption><\/figure>\n<\/section>\n<\/div>\n<p class=\"com-paragraph   --s\">La Corte ya hab\u00eda debilitado la <strong>Ley de Derecho al Voto <\/strong>en dos ocasiones mediante fallos de peso en 2013 y en 2021. En 2023, en una decisi\u00f3n inesperada que pareci\u00f3 reforzar la ley, hab\u00eda anulado distritos congresionales trazados por republicanos en Alabama.<\/p>\n<section class=\"container-center-100 mb-40 border border-bottom border-thin border-neutral-light-700\">\n<hr\/>\n<\/section>\n<\/div>\n<p><script id=\"facebookpixel\" defer=\"\" type=\"text\/javascript\">\n        !function(f,b,e,v,n,t,s)\n        {if(f.fbq)return;n=f.fbq=function(){n.callMethod?\n        n.callMethod.apply(n,arguments):n.queue.push(arguments)};\n        if(!f._fbq)f._fbq=n;n.push=n;n.loaded=!0;n.version='2.0';\n        n.queue=[];t=b.createElement(e);t.async=!0;\n        t.src=v;s=b.getElementsByTagName(e)[0];\n        s.parentNode.insertBefore(t,s)}(window, document,'script',\n        'https:\/\/connect.facebook.net\/en_US\/fbevents.js');\n        fbq('init', '492459597522335');\n        fbq('track', 'PageView');\n    <\/script><br \/>\n<br \/><\/p>\n","protected":false},"excerpt":{"rendered":"<p>WASHINGTON.- En una decisi\u00f3n que fue evaluada como una victoria para los republicanos de cara a los cruciales comicios de medio t\u00e9rmino de noviembre pr\u00f3ximo, la Corte Suprema norteamericana debilit\u00f3 una disposici\u00f3n clave de la Ley de Derecho al Voto al limitar la consideraci\u00f3n de la raza en el trazado de los mapas electorales, en [&hellip;]<\/p>\n","protected":false},"author":2,"featured_media":234469,"comment_status":"closed","ping_status":"closed","sticky":false,"template":"","format":"standard","meta":{"footnotes":""},"categories":[1],"tags":[],"class_list":["post-234468","post","type-post","status-publish","format-standard","has-post-thumbnail","hentry","category-uncategorized"],"_links":{"self":[{"href":"https:\/\/radioacuariofm.com.ar\/index.php?rest_route=\/wp\/v2\/posts\/234468","targetHints":{"allow":["GET"]}}],"collection":[{"href":"https:\/\/radioacuariofm.com.ar\/index.php?rest_route=\/wp\/v2\/posts"}],"about":[{"href":"https:\/\/radioacuariofm.com.ar\/index.php?rest_route=\/wp\/v2\/types\/post"}],"author":[{"embeddable":true,"href":"https:\/\/radioacuariofm.com.ar\/index.php?rest_route=\/wp\/v2\/users\/2"}],"replies":[{"embeddable":true,"href":"https:\/\/radioacuariofm.com.ar\/index.php?rest_route=%2Fwp%2Fv2%2Fcomments&post=234468"}],"version-history":[{"count":1,"href":"https:\/\/radioacuariofm.com.ar\/index.php?rest_route=\/wp\/v2\/posts\/234468\/revisions"}],"predecessor-version":[{"id":234470,"href":"https:\/\/radioacuariofm.com.ar\/index.php?rest_route=\/wp\/v2\/posts\/234468\/revisions\/234470"}],"wp:featuredmedia":[{"embeddable":true,"href":"https:\/\/radioacuariofm.com.ar\/index.php?rest_route=\/wp\/v2\/media\/234469"}],"wp:attachment":[{"href":"https:\/\/radioacuariofm.com.ar\/index.php?rest_route=%2Fwp%2Fv2%2Fmedia&parent=234468"}],"wp:term":[{"taxonomy":"category","embeddable":true,"href":"https:\/\/radioacuariofm.com.ar\/index.php?rest_route=%2Fwp%2Fv2%2Fcategories&post=234468"},{"taxonomy":"post_tag","embeddable":true,"href":"https:\/\/radioacuariofm.com.ar\/index.php?rest_route=%2Fwp%2Fv2%2Ftags&post=234468"}],"curies":[{"name":"wp","href":"https:\/\/api.w.org\/{rel}","templated":true}]}}