{"id":234459,"date":"2026-04-29T13:14:09","date_gmt":"2026-04-29T16:14:09","guid":{"rendered":"https:\/\/radioacuariofm.com.ar\/?p=234459"},"modified":"2026-04-29T13:14:10","modified_gmt":"2026-04-29T16:14:10","slug":"apunalan-a-dos-hombres-en-un-barrio-judio-de-londres-y-detienen-a-un-sospechoso-por-intento-de-asesinato","status":"publish","type":"post","link":"https:\/\/radioacuariofm.com.ar\/?p=234459","title":{"rendered":"Apu\u00f1alan a dos hombres en un barrio jud\u00edo de Londres y detienen a un sospechoso por intento de asesinato"},"content":{"rendered":"<p> <br \/>\n<\/p>\n<div>\n<p class=\"com-paragraph  --capital --s\">LONDRES.\u2013<strong> Dos personas fueron apu\u00f1aladas<\/strong> este mi\u00e9rcoles en Golders Green, un barrio del noroeste de Londres con una importante comunidad jud\u00eda, en un episodio que las autoridades investigan como un <a href=\"https:\/\/www.lanacion.com.ar\/el-mundo\/londres-un-grupo-de-personas-incendio-las-ambulancias-de-un-servicio-de-emergencias-judio-nid23032026\/\" target=\"_self\" title=\"https:\/\/www.lanacion.com.ar\/el-mundo\/londres-un-grupo-de-personas-incendio-las-ambulancias-de-un-servicio-de-emergencias-judio-nid23032026\/\" class=\"com-link break-word\" data-mrf-recirculation=\"n_link_parrafo\">ataque antisemita<\/a>. Un hombre de 45 a\u00f1os fue <strong>detenido bajo sospecha de intento de asesinato<\/strong>.<\/p>\n<p class=\"com-paragraph   --s\">El hecho ocurri\u00f3 por la ma\u00f1ana, cuando, seg\u00fan la organizaci\u00f3n de seguridad comunitaria Shomrim, un individuo fue visto <strong>\u201ccorriendo por Golders Green Road armado con un cuchillo e intentando apu\u00f1alar a miembros jud\u00edos del p\u00fablico\u201d<\/strong>. Integrantes de esa organizaci\u00f3n lograron retener al sospechoso hasta la llegada de la polic\u00eda, que lo <strong>redujo con una pistola el\u00e9ctrica y procedi\u00f3 a arrestarlo<\/strong>.<\/p>\n<div class=\"content-media\">\n<section role=\"button\" class=\"mod-media   \">\n<figure role=\"button\" tabindex=\"0\" class=\"mod-figure \"><figcaption class=\"mod-figcaption\"><span class=\"com-text --caption --twoxs\">Un agente de polic\u00eda conversa con dos chicos en el lugar donde dos personas fueron apu\u00f1aladas el 29 de abril de 2026 en un barrio de Londres, Inglaterra<\/span><span class=\"com-text --credit --twoxs\">Lucy North &#8211; PA<\/span><\/figcaption><\/figure>\n<\/section>\n<\/div>\n<p class=\"com-paragraph   --s\">La Polic\u00eda Metropolitana inform\u00f3 que las v\u00edctimas \u2014<strong>un hombre de unos 30 a\u00f1os y otro de alrededor de 70<\/strong>\u2014 fueron trasladadas a hospitales y se encuentran en <strong>condici\u00f3n estable<\/strong>. Tambi\u00e9n indic\u00f3 que el agresor intent\u00f3 apu\u00f1alar a agentes, aunque ninguno result\u00f3 herido.<\/p>\n<p class=\"com-paragraph   --s\">La investigaci\u00f3n qued\u00f3 en manos de la <strong>unidad antiterrorista<\/strong>, si bien por el momento el caso no ha sido formalmente calificado como terrorismo.<\/p>\n<div class=\"content-media\">\n<section role=\"button\" class=\"mod-media   \">\n<figure role=\"button\" tabindex=\"0\" class=\"mod-figure \"><figcaption class=\"mod-figcaption\"><span class=\"com-text --caption --twoxs\">Residentes locales observan desde fuera de un \u00e1rea acordonada en el barrio de Golders Green, al norte de London, Inglaterra, el 29 de abril de 2026<\/span><span class=\"com-text --credit --twoxs\">JUSTIN TALLIS &#8211; AFP<\/span><\/figcaption><\/figure>\n<\/section>\n<\/div>\n<p class=\"com-paragraph   --s\">El ataque desat\u00f3 una r\u00e1pida condena pol\u00edtica en un contexto de creciente preocupaci\u00f3n por la seguridad de la comunidad jud\u00eda en el Reino Unido. El primer ministro, <strong>Keir Starmer<\/strong>, afirm\u00f3 que <strong>\u201clos ataques contra nuestra comunidad jud\u00eda son ataques contra Gran Breta\u00f1a\u201d<\/strong> y expres\u00f3 su \u201cpreocupaci\u00f3n\u201d ante el Parlamento, donde confirm\u00f3 que la investigaci\u00f3n sigue en curso.<\/p>\n<p class=\"com-paragraph   --s\">En la misma l\u00ednea, el alcalde de Londres, <strong>Sadiq Khan<\/strong>, advirti\u00f3 que \u201cla comunidad jud\u00eda de Londres ha sido el objetivo de una serie de impactantes ataques antisemitas\u201d y subray\u00f3 que \u201cno debe haber absolutamente ning\u00fan lugar para el antisemitismo en la sociedad\u201d.<\/p>\n<p class=\"com-paragraph   --s\">El \u200cgran rabino de Gran Breta\u00f1a, Ephraim Mirvis, afirm\u00f3 que el gobierno necesita algo m\u00e1s que palabras para hacer frente a tal \u201codio\u201d, mientras que el presidente israel\u00ed,<strong> Isaac Herzog<\/strong>, se\u00f1al\u00f3 que es necesario actuar con urgencia despu\u00e9s de que se haya vuelto <strong>\u201cpeligroso pasear abiertamente por las calles como jud\u00edo\u201d en Londres<\/strong>.<\/p>\n<p class=\"com-paragraph   --s\">El episodio se produce tras una <strong>seguidilla de ataques incendiarios contra sitios vinculados a la comunidad jud\u00eda<\/strong> en las \u00faltimas semanas, incluida una sinagoga y ambulancias de una organizaci\u00f3n ben\u00e9fica en Golders Green, as\u00ed como otro templo a pocos kil\u00f3metros. Si bien no se registraron v\u00edctimas fatales en esos hechos, s\u00ed generaron alarma entre los residentes. La polic\u00eda inform\u00f3 que ya hay al menos 25 detenidos en relaci\u00f3n con esa ola de ataques.<\/p>\n<div class=\"content-media\">\n<section role=\"button\" class=\"mod-media   \">\n<figure role=\"button\" tabindex=\"0\" class=\"mod-figure \"><figcaption class=\"mod-figcaption\"><span class=\"com-text --caption --twoxs\">Agentes de polic\u00eda trabajan en el barrio de Golders Green, al norte de London, Inglaterra, el 29 de abril de 2026<\/span><span class=\"com-text --credit --twoxs\">JUSTIN TALLIS &#8211; AFP<\/span><\/figcaption><\/figure>\n<\/section>\n<\/div>\n<p class=\"com-paragraph   --s\"><strong>Las motivaciones detr\u00e1s de estos incidentes a\u00fan no est\u00e1n claras<\/strong>. Sin embargo, las autoridades analizan la posible vinculaci\u00f3n con una reivindicaci\u00f3n atribuida a un grupo proiran\u00ed denominado Harakat al-Yamin al-Islamiyya (Hayi). En paralelo, se reforz\u00f3 la presencia policial en la zona.<\/p>\n<p class=\"com-paragraph   --s\">Golders Green es uno de los principales centros de la vida jud\u00eda en Londres, con restaurantes kosher, escuelas y numerosas sinagogas, adem\u00e1s de comunidades asi\u00e1ticas y de Medio Oriente. En todo el Reino Unido, la poblaci\u00f3n jud\u00eda ronda las 300.000 personas.<\/p>\n<p class=\"com-paragraph   --s\">En este contexto, el gran rabino de Gran Breta\u00f1a advirti\u00f3 recientemente sobre una <strong>\u201ccampa\u00f1a de violencia e intimidaci\u00f3n\u201d <\/strong>contra los jud\u00edos del pa\u00eds. Seg\u00fan el Community Security Trust, los incidentes antisemitas aumentaron de manera sostenida desde el ataque de Hamas contra Israel el 7 de octubre de 2023 y la posterior guerra en Gaza: se registraron 3700 casos en 2025, frente a 1662 en 2022.<\/p>\n<div class=\"content-media\">\n<section role=\"button\" class=\"mod-media   \">\n<figure role=\"button\" tabindex=\"0\" class=\"mod-figure \"><figcaption class=\"mod-figcaption\"><span class=\"com-text --caption --twoxs\">Residentes locales pasan junto a un \u00e1rea acordonada mientras la polic\u00eda investiga en el barrio de Golders Green, en London, Inglaterra, el 29 de abril de 2026<\/span><span class=\"com-text --credit --twoxs\">JUSTIN TALLIS &#8211; AFP<\/span><\/figcaption><\/figure>\n<\/section>\n<\/div>\n<p class=\"com-paragraph   --s\">Uno de los episodios m\u00e1s graves ocurri\u00f3 en octubre de 2025, cuando un atacante arroll\u00f3 con su auto a personas congregadas frente a una sinagoga en Manchester durante Yom Kippur y apu\u00f1al\u00f3 a una persona hasta matarla. Otra muri\u00f3 en medio de la intervenci\u00f3n policial.<\/p>\n<p class=\"com-paragraph   --s\"><strong>Agencias AP y AFP<\/strong><\/p>\n<section class=\"container-center-100 mb-40 border border-bottom border-thin border-neutral-light-700\">\n<hr\/>\n<\/section>\n<\/div>\n<p><script id=\"facebookpixel\" defer=\"\" type=\"text\/javascript\">\n        !function(f,b,e,v,n,t,s)\n        {if(f.fbq)return;n=f.fbq=function(){n.callMethod?\n        n.callMethod.apply(n,arguments):n.queue.push(arguments)};\n        if(!f._fbq)f._fbq=n;n.push=n;n.loaded=!0;n.version='2.0';\n        n.queue=[];t=b.createElement(e);t.async=!0;\n        t.src=v;s=b.getElementsByTagName(e)[0];\n        s.parentNode.insertBefore(t,s)}(window, document,'script',\n        'https:\/\/connect.facebook.net\/en_US\/fbevents.js');\n        fbq('init', '492459597522335');\n        fbq('track', 'PageView');\n    <\/script><br \/>\n<br \/><\/p>\n","protected":false},"excerpt":{"rendered":"<p>LONDRES.\u2013 Dos personas fueron apu\u00f1aladas este mi\u00e9rcoles en Golders Green, un barrio del noroeste de Londres con una importante comunidad jud\u00eda, en un episodio que las autoridades investigan como un ataque antisemita. Un hombre de 45 a\u00f1os fue detenido bajo sospecha de intento de asesinato. El hecho ocurri\u00f3 por la ma\u00f1ana, cuando, seg\u00fan la organizaci\u00f3n [&hellip;]<\/p>\n","protected":false},"author":2,"featured_media":234460,"comment_status":"closed","ping_status":"closed","sticky":false,"template":"","format":"standard","meta":{"footnotes":""},"categories":[1],"tags":[],"class_list":["post-234459","post","type-post","status-publish","format-standard","has-post-thumbnail","hentry","category-uncategorized"],"_links":{"self":[{"href":"https:\/\/radioacuariofm.com.ar\/index.php?rest_route=\/wp\/v2\/posts\/234459","targetHints":{"allow":["GET"]}}],"collection":[{"href":"https:\/\/radioacuariofm.com.ar\/index.php?rest_route=\/wp\/v2\/posts"}],"about":[{"href":"https:\/\/radioacuariofm.com.ar\/index.php?rest_route=\/wp\/v2\/types\/post"}],"author":[{"embeddable":true,"href":"https:\/\/radioacuariofm.com.ar\/index.php?rest_route=\/wp\/v2\/users\/2"}],"replies":[{"embeddable":true,"href":"https:\/\/radioacuariofm.com.ar\/index.php?rest_route=%2Fwp%2Fv2%2Fcomments&post=234459"}],"version-history":[{"count":1,"href":"https:\/\/radioacuariofm.com.ar\/index.php?rest_route=\/wp\/v2\/posts\/234459\/revisions"}],"predecessor-version":[{"id":234461,"href":"https:\/\/radioacuariofm.com.ar\/index.php?rest_route=\/wp\/v2\/posts\/234459\/revisions\/234461"}],"wp:featuredmedia":[{"embeddable":true,"href":"https:\/\/radioacuariofm.com.ar\/index.php?rest_route=\/wp\/v2\/media\/234460"}],"wp:attachment":[{"href":"https:\/\/radioacuariofm.com.ar\/index.php?rest_route=%2Fwp%2Fv2%2Fmedia&parent=234459"}],"wp:term":[{"taxonomy":"category","embeddable":true,"href":"https:\/\/radioacuariofm.com.ar\/index.php?rest_route=%2Fwp%2Fv2%2Fcategories&post=234459"},{"taxonomy":"post_tag","embeddable":true,"href":"https:\/\/radioacuariofm.com.ar\/index.php?rest_route=%2Fwp%2Fv2%2Ftags&post=234459"}],"curies":[{"name":"wp","href":"https:\/\/api.w.org\/{rel}","templated":true}]}}