{"id":234456,"date":"2026-04-29T13:11:48","date_gmt":"2026-04-29T16:11:48","guid":{"rendered":"https:\/\/radioacuariofm.com.ar\/?p=234456"},"modified":"2026-04-29T13:11:49","modified_gmt":"2026-04-29T16:11:49","slug":"la-justicia-rechazo-un-recurso-y-la-anses-debera-pagarle-una-pension-de-privilegio-a-cristina-kirchner","status":"publish","type":"post","link":"https:\/\/radioacuariofm.com.ar\/?p=234456","title":{"rendered":"La Justicia rechaz\u00f3 un recurso y la Anses deber\u00e1 pagarle una pensi\u00f3n de privilegio a Cristina Kirchner"},"content":{"rendered":"<p><\/p>\n<div>\n<p class=\"com-paragraph  --capital --s\">Por dos votos contra uno, la Sala III de la C\u00e1mara Federal de la Seguridad Social <strong>rechaz\u00f3 un recurso extraordinario presentado por la Anses en febrero \u00faltimo y, en consecuencia, el organismo deber\u00e1 abonarle una varias veces millonaria prestaci\u00f3n de privilegio a la expresidenta Cristina Kirchner,<\/strong> quien cumple prisi\u00f3n domiciliaria, tras ser condenada por<strong> corrupci\u00f3n en la causa Vialidad.<\/strong> En noviembre de 2024, \u00faltimo mes en que se pag\u00f3, el ingreso en cuesti\u00f3n fue, en mano, de <strong>casi $12,5 millones.<\/strong><\/p>\n<p class=\"com-paragraph   --s\">En febrero pasado, la justicia previsional dio lugar, en un fallo de segunda instancia, a una medida cautelar solicitada por la exfuncionaria, para <strong>volver a cobrar la pensi\u00f3n que recib\u00eda como viuda del expresidente N\u00e9stor Kirchner. <\/strong>Lo pidi\u00f3 como medida provisoria, en tanto se resuelve el juicio en el que reclama la restituci\u00f3n tanto de esa pensi\u00f3n, como tambi\u00e9n de la asignaci\u00f3n vitalicia antes percibida en calidad de expresidenta.<\/p>\n<p class=\"com-paragraph   --s\">En noviembre de 2024, el Gobierno dio de baja los dos beneficios, luego de que CFK fuera condenada por la C\u00e1mara de Casaci\u00f3n Penal Federal, que la consider\u00f3 <strong>\u201cautora penalmente responsable del delito de administraci\u00f3n fraudulenta en perjuicio de la administraci\u00f3n p\u00fablica\u201d.<\/strong> La condena fue confirmada por la Corte Suprema de Justicia de la Naci\u00f3n.<\/p>\n<p class=\"com-paragraph   --s\">Iniciado un litigio para recuperar ambos pagos, CFK pidi\u00f3 una cautelar para cobrar, mientras sigue el tr\u00e1mite, una de las dos prestaciones. El pedido fue rechazado en un primer momento por <strong>la jueza <\/strong><a href=\"https:\/\/www.lanacion.com.ar\/economia\/la-justicia-rechazo-un-pedido-de-cristina-kirchner-de-volver-a-cobrar-una-de-sus-jubilaciones-de-nid05112025\/\" target=\"_self\" title=\"https:\/\/www.lanacion.com.ar\/economia\/la-justicia-rechazo-un-pedido-de-cristina-kirchner-de-volver-a-cobrar-una-de-sus-jubilaciones-de-nid05112025\/\" class=\"com-link break-word\" data-mrf-recirculation=\"n_link_parrafo\"><strong>Karina Alonso Candis, <\/strong><\/a>del Juzgado Federal de la Seguridad Social N\u00b0 1. Pero, tras la apelaci\u00f3n de la demandante,<strong> los jueces Sebasti\u00e1n Russo y Juan Fantini,<\/strong> de la Sala III de la c\u00e1mara previsional, lo admitieron, <strong>alegando cuestiones alimentarias. <\/strong><\/p>\n<p class=\"com-paragraph   --s\">Tras esa decisi\u00f3n, el Ministerio de Capital Humano, a trav\u00e9s de la Anses, present\u00f3 un recurso extraordinario, <strong>para que la causa llegara a la Corte Suprema de Justicia. <\/strong>Eso fue negado hoy por decisi\u00f3n de los jueces Russo y Fantini, en tanto que la tercera integrante de la mencionada Sala, la jueza Nora Dorado, vot\u00f3 en favor de hacer lugar a la solicitud del Gobierno.<\/p>\n<p class=\"com-paragraph   --s\">El importe total de las dos asignaciones cobradas hasta noviembre de 2024 -cuando las dio de baja una resoluci\u00f3n del entonces director de la Anses, Mariano de los Heros- <strong>inclu\u00eda unos $6 millones de plus por zona austral, ya que el domicilio declarado era en Santa Cruz, <\/strong><mark class=\"hl_underline\"><strong>pese a que era de p\u00fablico conocimiento que la exfuncionaria no resid\u00eda all\u00ed.<\/strong><\/mark><mark class=\"hl_underline\"> <\/mark>Por esto \u00faltimo, existe <strong>una denuncia penal.<\/strong><\/p>\n<p class=\"com-paragraph   --s\">Se da por descontado que, con CFK cumpliendo prisi\u00f3n domiciliaria en la Ciudad de Buenos Aires, el adicional no ser\u00e1 repuesto. <strong>Sin considerar ese plus, el monto cobrado en particular por la prestaci\u00f3n que los jueces ordenaron reponer fue, 17 meses atr\u00e1s, de $9.658.606,27. <\/strong>Fuentes cercanas al caso estimaron en una cifra similar lo que se deber\u00eda pagar a causa de la medida cautelar. No obstante ello, este tipo de prestaciones tiene <strong>actualizaciones <\/strong>seg\u00fan mecanismos que no son p\u00fablicos.<\/p>\n<p class=\"com-paragraph   --s\">Ambos ingresos, cobrados hasta noviembre de 2024 (la asignaci\u00f3n vitalicia por expresidenta y la pensi\u00f3n por el tambi\u00e9n expresidente N\u00e9stor Kirchner), surgen de la ley 24.018 y son considerados de <strong>privilegio <\/strong>porque, para su obtenci\u00f3n,<strong> no se pide cumplir con requisitos ni de edad ni de tiempo de aportes.<\/strong><\/p>\n<p class=\"com-paragraph   --s\">En la sentencia de la C\u00e1mara previsional que en febrero de este a\u00f1o admiti\u00f3 el pedido de CFK, se sostuvo que \u201ccorresponde otorgar <mark class=\"hl_underline\"><strong>prevalencia al car\u00e1cter alimentario <\/strong><\/mark>del derecho cuya tutela se persigue y a la situaci\u00f3n de <strong>desprotecci\u00f3n <\/strong>en la que queda colocada la actora como consecuencia de la decisi\u00f3n adoptada por el organismo\u201d (en referencia a la resoluci\u00f3n de la Anses que dispuso la baja). El escrito agrega que esa decisi\u00f3n administrativa <strong>\u201cpriva a la actora de ingresos de naturaleza alimentaria\u201d<\/strong>.<\/p>\n<p class=\"com-paragraph   --s\"><em><strong>Noticia en desarrollo<\/strong><\/em><\/p>\n<section class=\"container-center-100 mb-40 border border-bottom border-thin border-neutral-light-700\">\n<hr\/>\n<\/section>\n<\/div>\n<p><script id=\"facebookpixel\" defer=\"\" type=\"text\/javascript\">\n        !function(f,b,e,v,n,t,s)\n        {if(f.fbq)return;n=f.fbq=function(){n.callMethod?\n        n.callMethod.apply(n,arguments):n.queue.push(arguments)};\n        if(!f._fbq)f._fbq=n;n.push=n;n.loaded=!0;n.version='2.0';\n        n.queue=[];t=b.createElement(e);t.async=!0;\n        t.src=v;s=b.getElementsByTagName(e)[0];\n        s.parentNode.insertBefore(t,s)}(window, document,'script',\n        'https:\/\/connect.facebook.net\/en_US\/fbevents.js');\n        fbq('init', '492459597522335');\n        fbq('track', 'PageView');\n    <\/script><\/p>\n","protected":false},"excerpt":{"rendered":"<p>Por dos votos contra uno, la Sala III de la C\u00e1mara Federal de la Seguridad Social rechaz\u00f3 un recurso extraordinario presentado por la Anses en febrero \u00faltimo y, en consecuencia, el organismo deber\u00e1 abonarle una varias veces millonaria prestaci\u00f3n de privilegio a la expresidenta Cristina Kirchner, quien cumple prisi\u00f3n domiciliaria, tras ser condenada por corrupci\u00f3n [&hellip;]<\/p>\n","protected":false},"author":2,"featured_media":234457,"comment_status":"closed","ping_status":"closed","sticky":false,"template":"","format":"standard","meta":{"footnotes":""},"categories":[28],"tags":[],"class_list":["post-234456","post","type-post","status-publish","format-standard","has-post-thumbnail","hentry","category-economia"],"_links":{"self":[{"href":"https:\/\/radioacuariofm.com.ar\/index.php?rest_route=\/wp\/v2\/posts\/234456","targetHints":{"allow":["GET"]}}],"collection":[{"href":"https:\/\/radioacuariofm.com.ar\/index.php?rest_route=\/wp\/v2\/posts"}],"about":[{"href":"https:\/\/radioacuariofm.com.ar\/index.php?rest_route=\/wp\/v2\/types\/post"}],"author":[{"embeddable":true,"href":"https:\/\/radioacuariofm.com.ar\/index.php?rest_route=\/wp\/v2\/users\/2"}],"replies":[{"embeddable":true,"href":"https:\/\/radioacuariofm.com.ar\/index.php?rest_route=%2Fwp%2Fv2%2Fcomments&post=234456"}],"version-history":[{"count":1,"href":"https:\/\/radioacuariofm.com.ar\/index.php?rest_route=\/wp\/v2\/posts\/234456\/revisions"}],"predecessor-version":[{"id":234458,"href":"https:\/\/radioacuariofm.com.ar\/index.php?rest_route=\/wp\/v2\/posts\/234456\/revisions\/234458"}],"wp:featuredmedia":[{"embeddable":true,"href":"https:\/\/radioacuariofm.com.ar\/index.php?rest_route=\/wp\/v2\/media\/234457"}],"wp:attachment":[{"href":"https:\/\/radioacuariofm.com.ar\/index.php?rest_route=%2Fwp%2Fv2%2Fmedia&parent=234456"}],"wp:term":[{"taxonomy":"category","embeddable":true,"href":"https:\/\/radioacuariofm.com.ar\/index.php?rest_route=%2Fwp%2Fv2%2Fcategories&post=234456"},{"taxonomy":"post_tag","embeddable":true,"href":"https:\/\/radioacuariofm.com.ar\/index.php?rest_route=%2Fwp%2Fv2%2Ftags&post=234456"}],"curies":[{"name":"wp","href":"https:\/\/api.w.org\/{rel}","templated":true}]}}